{"id":16879,"date":"2018-03-09T09:04:41","date_gmt":"2018-03-09T09:04:41","guid":{"rendered":"https:\/\/www.deberes.net\/tesis\/sin-categoria\/las-fortificaciones-costeras-espanolas-en-los-siglos-xvii-a-xix-el-ejemplo-de-la-plaza-fuerte-de-santona\/"},"modified":"2018-03-09T09:04:41","modified_gmt":"2018-03-09T09:04:41","slug":"las-fortificaciones-costeras-espanolas-en-los-siglos-xvii-a-xix-el-ejemplo-de-la-plaza-fuerte-de-santona","status":"publish","type":"post","link":"https:\/\/www.deberes.net\/tesis\/historia\/las-fortificaciones-costeras-espanolas-en-los-siglos-xvii-a-xix-el-ejemplo-de-la-plaza-fuerte-de-santona\/","title":{"rendered":"Las fortificaciones costeras espa\u00f1olas en los siglos xvii a xix: el ejemplo de la plaza fuerte de santo\u00f1a"},"content":{"rendered":"<h2>Tesis doctoral de <strong> Rafael Palacios Ramos <\/strong><\/h2>\n<p>El trabajo analiza la construcci\u00f3n y situaci\u00f3n actual de los elementos que compusieron el complejo de fensivo que rodeaba la bah\u00eda de santo\u00f1a. perfectamente contextualizados desde el punto de vista hist\u00f3rico, militar y arquitect\u00f3nico, los fuertes y otras construcciones defensivas constituyen hoy d\u00eda, a pesar de la p\u00e9rdida o deterioro, uno de los mejores conjuntos defensivos costeros de la cornisa cant\u00e1brica. El enfoque de la tesis es mustidiciplinar, al aunar perspectivas desde la historia del arte, desde la historia de la arquitectura o desde la historia militar. Por otra parte, el uso de fuentes documentales, riqu\u00edsimas y exhaustivas, y de la metodolog\u00eda m\u00e1s propiamente arqueol\u00f3gica le presta un doble valor a la investigaci\u00f3n, a lo que hay que a\u00f1adir el enfoque como un complet\u00edsimo cat\u00e1logo de los elementos analizados. El avance de las t\u00e9cnicas artilleras hizo declinar el papel de santo\u00f1a como plaza fuerte y como n\u00facleo militar del cant\u00e1brico central.<\/p>\n<p>&nbsp;<\/p>\n<h3>Datos acad\u00e9micos de la tesis doctoral \u00ab<strong>Las fortificaciones costeras espa\u00f1olas en los siglos xvii a xix: el ejemplo de la plaza fuerte de santo\u00f1a<\/strong>\u00ab<\/h3>\n<ul>\n<li><strong>T\u00edtulo de la tesis:<\/strong>\u00a0 Las fortificaciones costeras espa\u00f1olas en los siglos xvii a xix: el ejemplo de la plaza fuerte de santo\u00f1a <\/li>\n<li><strong>Autor:<\/strong>\u00a0 Rafael Palacios Ramos <\/li>\n<li><strong>Universidad:<\/strong>\u00a0 Cantabria<\/li>\n<li><strong>Fecha de lectura de la tesis:<\/strong>\u00a0 16\/05\/2002<\/li>\n<\/ul>\n<p>&nbsp;<\/p>\n<h3>Direcci\u00f3n y tribunal<\/h3>\n<ul>\n<li><strong>Director de la tesis<\/strong>\n<ul>\n<li>Miguel Cisneros Cunchillos<\/li>\n<\/ul>\n<\/li>\n<li><strong>Tribunal<\/strong>\n<ul>\n<li>Presidente del tribunal: manuel Mart\u00edn bueno <\/li>\n<li>Jes\u00fas Liz guiral (vocal)<\/li>\n<li> Soraluce blond Jos\u00e9 ram\u00f3n (vocal)<\/li>\n<li>concepci\u00f3n Porras gil (vocal)<\/li>\n<\/ul>\n<\/li>\n<\/ul>\n<p>&nbsp;<\/p>\n","protected":false},"excerpt":{"rendered":"<p>Tesis doctoral de Rafael Palacios Ramos El trabajo analiza la construcci\u00f3n y situaci\u00f3n actual de los elementos que compusieron el [&hellip;]<\/p>\n","protected":false},"author":1,"featured_media":0,"comment_status":"open","ping_status":"open","sticky":false,"template":"","format":"standard","meta":{"site-sidebar-layout":"default","site-content-layout":"","ast-site-content-layout":"","site-content-style":"default","site-sidebar-style":"default","ast-global-header-display":"","ast-banner-title-visibility":"","ast-main-header-display":"","ast-hfb-above-header-display":"","ast-hfb-below-header-display":"","ast-hfb-mobile-header-display":"","site-post-title":"","ast-breadcrumbs-content":"","ast-featured-img":"","footer-sml-layout":"","theme-transparent-header-meta":"","adv-header-id-meta":"","stick-header-meta":"","header-above-stick-meta":"","header-main-stick-meta":"","header-below-stick-meta":"","astra-migrate-meta-layouts":"default","ast-page-background-enabled":"default","ast-page-background-meta":{"desktop":{"background-color":"var(--ast-global-color-4)","background-image":"","background-repeat":"repeat","background-position":"center center","background-size":"auto","background-attachment":"scroll","background-type":"","background-media":"","overlay-type":"","overlay-color":"","overlay-gradient":""},"tablet":{"background-color":"","background-image":"","background-repeat":"repeat","background-position":"center center","background-size":"auto","background-attachment":"scroll","background-type":"","background-media":"","overlay-type":"","overlay-color":"","overlay-gradient":""},"mobile":{"background-color":"","background-image":"","background-repeat":"repeat","background-position":"center center","background-size":"auto","background-attachment":"scroll","background-type":"","background-media":"","overlay-type":"","overlay-color":"","overlay-gradient":""}},"ast-content-background-meta":{"desktop":{"background-color":"var(--ast-global-color-5)","background-image":"","background-repeat":"repeat","background-position":"center center","background-size":"auto","background-attachment":"scroll","background-type":"","background-media":"","overlay-type":"","overlay-color":"","overlay-gradient":""},"tablet":{"background-color":"var(--ast-global-color-5)","background-image":"","background-repeat":"repeat","background-position":"center center","background-size":"auto","background-attachment":"scroll","background-type":"","background-media":"","overlay-type":"","overlay-color":"","overlay-gradient":""},"mobile":{"background-color":"var(--ast-global-color-5)","background-image":"","background-repeat":"repeat","background-position":"center center","background-size":"auto","background-attachment":"scroll","background-type":"","background-media":"","overlay-type":"","overlay-color":"","overlay-gradient":""}},"footnotes":""},"categories":[10518,104,1745,413,222],"tags":[53107,4551,8282,53106,53105,30007],"class_list":["post-16879","post","type-post","status-publish","format-standard","hentry","category-cantabria","category-historia","category-historia-de-la-arquitectura","category-historia-de-la-guerra","category-historias-especializadas","tag-concepcion-porras-gil","tag-jesus-liz-guiral","tag-manuel-martin-bueno","tag-miguel-cisneros-cunchillos","tag-rafael-palacios-ramos","tag-soraluce-blond-jose-ramon"],"_links":{"self":[{"href":"https:\/\/www.deberes.net\/tesis\/wp-json\/wp\/v2\/posts\/16879","targetHints":{"allow":["GET"]}}],"collection":[{"href":"https:\/\/www.deberes.net\/tesis\/wp-json\/wp\/v2\/posts"}],"about":[{"href":"https:\/\/www.deberes.net\/tesis\/wp-json\/wp\/v2\/types\/post"}],"author":[{"embeddable":true,"href":"https:\/\/www.deberes.net\/tesis\/wp-json\/wp\/v2\/users\/1"}],"replies":[{"embeddable":true,"href":"https:\/\/www.deberes.net\/tesis\/wp-json\/wp\/v2\/comments?post=16879"}],"version-history":[{"count":0,"href":"https:\/\/www.deberes.net\/tesis\/wp-json\/wp\/v2\/posts\/16879\/revisions"}],"wp:attachment":[{"href":"https:\/\/www.deberes.net\/tesis\/wp-json\/wp\/v2\/media?parent=16879"}],"wp:term":[{"taxonomy":"category","embeddable":true,"href":"https:\/\/www.deberes.net\/tesis\/wp-json\/wp\/v2\/categories?post=16879"},{"taxonomy":"post_tag","embeddable":true,"href":"https:\/\/www.deberes.net\/tesis\/wp-json\/wp\/v2\/tags?post=16879"}],"curies":[{"name":"wp","href":"https:\/\/api.w.org\/{rel}","templated":true}]}}