{"id":16886,"date":"2018-03-09T09:04:42","date_gmt":"2018-03-09T09:04:42","guid":{"rendered":"https:\/\/www.deberes.net\/tesis\/sin-categoria\/cueva-lobrega-torrecilla-en-cameros-la-rioja-el-neolitico-y-la-edad-de-bronce-en-el-alto-valle-del-ebro-y-sistema-iberico\/"},"modified":"2018-03-09T09:04:42","modified_gmt":"2018-03-09T09:04:42","slug":"cueva-lobrega-torrecilla-en-cameros-la-rioja-el-neolitico-y-la-edad-de-bronce-en-el-alto-valle-del-ebro-y-sistema-iberico","status":"publish","type":"post","link":"https:\/\/www.deberes.net\/tesis\/historia\/cueva-lobrega-torrecilla-en-cameros-la-rioja-el-neolitico-y-la-edad-de-bronce-en-el-alto-valle-del-ebro-y-sistema-iberico\/","title":{"rendered":"Cueva lobrega (torrecilla en cameros, la rioja). el neolitico y la edad de bronce en el alto valle del ebro y sistema iberico."},"content":{"rendered":"<h2>Tesis doctoral de <strong>  Barrios Gil Jos\u00e9 Ignacio <\/strong><\/h2>\n<p>El yacimiento arqueol\u00f3gico de cueva l\u00f3brega est\u00e1 situado en el valle medio del ebro, y en una de las sierras m\u00e1s occidetnales del sistema ib\u00e9rico, los cameros, provincia de la rioja. Se abre en una pendiente de calizas sobre el r\u00edo iregua, fuertemente encajado en esta zona, el ambiente clim\u00e1tico es continental, y actualmente est\u00e1 rodeado de bosques de frondosas y pinares alternados por parametros ya desforestados, donde la erosi\u00f3n ha comenzado a dejar sus huellas.  la cueva posee buenas condiciones para se habitada, los suelos son horizontales y secos, y sus salas son amplias, estado las exteriores bien iluminadas.  de sus estratigrafias, algunas fuertemente alteradas, se han conseguido deducir tres momentos de ocupaci\u00f3n corroborados por dataciones absolutas. el primero y m\u00e1s antiguo, se remonta al neol\u00edtico inicial, donde encontramos cuencos decorados con boquique, junto a una botella con motivos incisos impresos, de ellos hemos deducido influencias tempranas tanto del valle del ebro, en concreto de la region del alto aragon, como de la meseta norte. su cronolog\u00eda es antigua, rondaria finales del v milenio a.C (4270+\/-100 bc) e inicios del iv. El segundo corresponde a los inicios de la edad del bronce, protagonizados por el vaso campaniforme, donde hay indicios de cronolog\u00edas mas tempranas, dada la presencia de algunos fragmentos coincidente en el tiempo con el estilo arboli. Por \u00faltimo, durante los compases avanzados de la edad del bronce, convergen, junto a evoluciones locales del ya extinto campaniforme, ciertas influencias de la cultura de cogotas i, incluso desde sus momentos m\u00e1s iniciales (1265+\/-50bp).  no se encontraron restos prehistoricos funerarios en toda la excavacion, por lo que deducimos que la cueva siempre fue empleada como un lugar para ser habitado.  con posterioridad, y al igual que ocurriera en pr\u00e1cticamente todas las cavidades de la zona, en la \u00e9poca bajo imperial romana, y probablemente por auge<\/p>\n<p>&nbsp;<\/p>\n<h3>Datos acad\u00e9micos de la tesis doctoral \u00ab<strong>Cueva lobrega (torrecilla en cameros, la rioja). el neolitico y la edad de bronce en el alto valle del ebro y sistema iberico.<\/strong>\u00ab<\/h3>\n<ul>\n<li><strong>T\u00edtulo de la tesis:<\/strong>\u00a0 Cueva lobrega (torrecilla en cameros, la rioja). el neolitico y la edad de bronce en el alto valle del ebro y sistema iberico. <\/li>\n<li><strong>Autor:<\/strong>\u00a0  Barrios Gil Jos\u00e9 Ignacio <\/li>\n<li><strong>Universidad:<\/strong>\u00a0 Nacional de educaci\u00f3n a distancia<\/li>\n<li><strong>Fecha de lectura de la tesis:<\/strong>\u00a0 16\/05\/2002<\/li>\n<\/ul>\n<p>&nbsp;<\/p>\n<h3>Direcci\u00f3n y tribunal<\/h3>\n<ul>\n<li><strong>Director de la tesis<\/strong>\n<ul>\n<li>Ana M. Fernandez Vega<\/li>\n<\/ul>\n<\/li>\n<li><strong>Tribunal<\/strong>\n<ul>\n<li>Presidente del tribunal:  Mu\u00f1oz Amilibia Ana M\u00aa <\/li>\n<li>Alfredo Jimeno Martinez (vocal)<\/li>\n<li>Carlos Perez Arrondo (vocal)<\/li>\n<li>Bernardo Mart\u00ed Oliver (vocal)<\/li>\n<\/ul>\n<\/li>\n<\/ul>\n<p>&nbsp;<\/p>\n","protected":false},"excerpt":{"rendered":"<p>Tesis doctoral de Barrios Gil Jos\u00e9 Ignacio El yacimiento arqueol\u00f3gico de cueva l\u00f3brega est\u00e1 situado en el valle medio del [&hellip;]<\/p>\n","protected":false},"author":1,"featured_media":0,"comment_status":"open","ping_status":"open","sticky":false,"template":"","format":"standard","meta":{"site-sidebar-layout":"default","site-content-layout":"","ast-site-content-layout":"","site-content-style":"default","site-sidebar-style":"default","ast-global-header-display":"","ast-banner-title-visibility":"","ast-main-header-display":"","ast-hfb-above-header-display":"","ast-hfb-below-header-display":"","ast-hfb-mobile-header-display":"","site-post-title":"","ast-breadcrumbs-content":"","ast-featured-img":"","footer-sml-layout":"","theme-transparent-header-meta":"","adv-header-id-meta":"","stick-header-meta":"","header-above-stick-meta":"","header-main-stick-meta":"","header-below-stick-meta":"","astra-migrate-meta-layouts":"default","ast-page-background-enabled":"default","ast-page-background-meta":{"desktop":{"background-color":"var(--ast-global-color-4)","background-image":"","background-repeat":"repeat","background-position":"center center","background-size":"auto","background-attachment":"scroll","background-type":"","background-media":"","overlay-type":"","overlay-color":"","overlay-gradient":""},"tablet":{"background-color":"","background-image":"","background-repeat":"repeat","background-position":"center center","background-size":"auto","background-attachment":"scroll","background-type":"","background-media":"","overlay-type":"","overlay-color":"","overlay-gradient":""},"mobile":{"background-color":"","background-image":"","background-repeat":"repeat","background-position":"center center","background-size":"auto","background-attachment":"scroll","background-type":"","background-media":"","overlay-type":"","overlay-color":"","overlay-gradient":""}},"ast-content-background-meta":{"desktop":{"background-color":"var(--ast-global-color-5)","background-image":"","background-repeat":"repeat","background-position":"center center","background-size":"auto","background-attachment":"scroll","background-type":"","background-media":"","overlay-type":"","overlay-color":"","overlay-gradient":""},"tablet":{"background-color":"var(--ast-global-color-5)","background-image":"","background-repeat":"repeat","background-position":"center center","background-size":"auto","background-attachment":"scroll","background-type":"","background-media":"","overlay-type":"","overlay-color":"","overlay-gradient":""},"mobile":{"background-color":"var(--ast-global-color-5)","background-image":"","background-repeat":"repeat","background-position":"center center","background-size":"auto","background-attachment":"scroll","background-type":"","background-media":"","overlay-type":"","overlay-color":"","overlay-gradient":""}},"footnotes":""},"categories":[1623,1624,104,220,17070,2635],"tags":[41453,53121,53120,19474,53123,53122],"class_list":["post-16886","post","type-post","status-publish","format-standard","hentry","category-arqueologia","category-ciencias-auxiliares-de-la-historia","category-historia","category-historia-por-epocas","category-nacional-de-educacion-a-distancia","category-prehistoria","tag-alfredo-jimeno-Martinez","tag-ana-m-fernandez-vega","tag-barrios-gil-jose-ignacio","tag-bernardo-marti-oliver","tag-carlos-perez-arrondo","tag-munoz-amilibia-ana-ma"],"_links":{"self":[{"href":"https:\/\/www.deberes.net\/tesis\/wp-json\/wp\/v2\/posts\/16886","targetHints":{"allow":["GET"]}}],"collection":[{"href":"https:\/\/www.deberes.net\/tesis\/wp-json\/wp\/v2\/posts"}],"about":[{"href":"https:\/\/www.deberes.net\/tesis\/wp-json\/wp\/v2\/types\/post"}],"author":[{"embeddable":true,"href":"https:\/\/www.deberes.net\/tesis\/wp-json\/wp\/v2\/users\/1"}],"replies":[{"embeddable":true,"href":"https:\/\/www.deberes.net\/tesis\/wp-json\/wp\/v2\/comments?post=16886"}],"version-history":[{"count":0,"href":"https:\/\/www.deberes.net\/tesis\/wp-json\/wp\/v2\/posts\/16886\/revisions"}],"wp:attachment":[{"href":"https:\/\/www.deberes.net\/tesis\/wp-json\/wp\/v2\/media?parent=16886"}],"wp:term":[{"taxonomy":"category","embeddable":true,"href":"https:\/\/www.deberes.net\/tesis\/wp-json\/wp\/v2\/categories?post=16886"},{"taxonomy":"post_tag","embeddable":true,"href":"https:\/\/www.deberes.net\/tesis\/wp-json\/wp\/v2\/tags?post=16886"}],"curies":[{"name":"wp","href":"https:\/\/api.w.org\/{rel}","templated":true}]}}