{"id":16901,"date":"2018-03-09T09:04:43","date_gmt":"2018-03-09T09:04:43","guid":{"rendered":"https:\/\/www.deberes.net\/tesis\/sin-categoria\/la-categorizacion-cruzada-en-la-reduccion-del-prejuicio-una-reinterpretacion-desde-la-categorizacion-simple\/"},"modified":"2018-03-09T09:04:43","modified_gmt":"2018-03-09T09:04:43","slug":"la-categorizacion-cruzada-en-la-reduccion-del-prejuicio-una-reinterpretacion-desde-la-categorizacion-simple","status":"publish","type":"post","link":"https:\/\/www.deberes.net\/tesis\/psicologia\/la-categorizacion-cruzada-en-la-reduccion-del-prejuicio-una-reinterpretacion-desde-la-categorizacion-simple\/","title":{"rendered":"La categorizaci\u00f3n cruzada en la reducci\u00f3n del prejuicio: una reinterpretaci\u00f3n desde la categorizaci\u00f3n simple"},"content":{"rendered":"<h2>Tesis doctoral de <strong>  Ram\u00edrez De La Fe M. Carmen <\/strong><\/h2>\n<p>La categorizaci\u00f3n cruzada es una de las denominadas estrategias sociocognitivas en la reducci\u00f3n del prejuicio, estrategia encaminada al cambio de las estructuras cognitivas que divide a las personas en nosotros y ellos.  en la parte te\u00f3rica de la tesis se hace una recopilaci\u00f3n de los distintos estudios que han tratado la categorizaci\u00f3n cruzada, agrup\u00e1ndolos seg\u00fan su objeto de estudio: el modelo te\u00f3rico subyacente, el patr\u00f3n evaluativo resultante del cruce de categor\u00edas y las variables que intervienen en la aparici\u00f3n de estos patrones.  en el \u00faltimo cap\u00edtulo de la parte te\u00f3rica se ha realizado un comentario cr\u00edtico sobre la investigaci\u00f3n en categorizaci\u00f3n cruzada y se ha llevado a cabo una reinterpretaci\u00f3n de los patrones de categorizaci\u00f3n cruzada desde la categorizaci\u00f3n simple.  en la parte emp\u00edrica se han desarrollado cinco experimentos destinados a encontrar datos a favor de las dos ideas fundamentales de la parte te\u00f3rica:  &#8211; que los patrones de categorizaci\u00f3n cruzada pueden ser explicados sin necesidad de recurrir a un doble proceso simult\u00e1neo de categorizaci\u00f3n.  &#8211; que la categorizaci\u00f3n cruzada por s\u00ed misma tiene dificultades para conseguir la reducci\u00f3n del prejuicio.  entre las conclusiones de la parte emp\u00edrica de esta tesis cabe destacar que:  1,- el patr\u00f3n de ordenaci\u00f3n jer\u00e1rquico puede explilcarse desde la categorizaci\u00f3n simple a dos niveles de inclusividad, de categor\u00eda supraordinada y de subtipo.  2,- que las distintas formas de presentaci\u00f3n de categorizaci\u00f3n cruzada, la parcial y la m\u00ednima, no parecen reducir el prejuicio.  de todo lo cual se desprende que no se deber\u00eda continuar con el estudio de la categorizaci\u00f3n cruzada dando por sentado ni el doble proceso de categorizaci\u00f3n ni su efecto reductor del prejuicio.<\/p>\n<p>&nbsp;<\/p>\n<h3>Datos acad\u00e9micos de la tesis doctoral \u00ab<strong>La categorizaci\u00f3n cruzada en la reducci\u00f3n del prejuicio: una reinterpretaci\u00f3n desde la categorizaci\u00f3n simple<\/strong>\u00ab<\/h3>\n<ul>\n<li><strong>T\u00edtulo de la tesis:<\/strong>\u00a0 La categorizaci\u00f3n cruzada en la reducci\u00f3n del prejuicio: una reinterpretaci\u00f3n desde la categorizaci\u00f3n simple <\/li>\n<li><strong>Autor:<\/strong>\u00a0  Ram\u00edrez De La Fe M. Carmen <\/li>\n<li><strong>Universidad:<\/strong>\u00a0 Murcia<\/li>\n<li><strong>Fecha de lectura de la tesis:<\/strong>\u00a0 17\/05\/2002<\/li>\n<\/ul>\n<p>&nbsp;<\/p>\n<h3>Direcci\u00f3n y tribunal<\/h3>\n<ul>\n<li><strong>Director de la tesis<\/strong>\n<ul>\n<li>Armando Rodriguez Perez<\/li>\n<\/ul>\n<\/li>\n<li><strong>Tribunal<\/strong>\n<ul>\n<li>Presidente del tribunal: Jos\u00e9 Miguel Fernandez dols <\/li>\n<li> Navas luque M\u00aa soledad (vocal)<\/li>\n<li>carmen Huici casal (vocal)<\/li>\n<li>Miguel Moya morales (vocal)<\/li>\n<\/ul>\n<\/li>\n<\/ul>\n<p>&nbsp;<\/p>\n","protected":false},"excerpt":{"rendered":"<p>Tesis doctoral de Ram\u00edrez De La Fe M. Carmen La categorizaci\u00f3n cruzada es una de las denominadas estrategias sociocognitivas en [&hellip;]<\/p>\n","protected":false},"author":1,"featured_media":0,"comment_status":"open","ping_status":"open","sticky":false,"template":"","format":"standard","meta":{"site-sidebar-layout":"default","site-content-layout":"","ast-site-content-layout":"","site-content-style":"default","site-sidebar-style":"default","ast-global-header-display":"","ast-banner-title-visibility":"","ast-main-header-display":"","ast-hfb-above-header-display":"","ast-hfb-below-header-display":"","ast-hfb-mobile-header-display":"","site-post-title":"","ast-breadcrumbs-content":"","ast-featured-img":"","footer-sml-layout":"","theme-transparent-header-meta":"","adv-header-id-meta":"","stick-header-meta":"","header-above-stick-meta":"","header-main-stick-meta":"","header-below-stick-meta":"","astra-migrate-meta-layouts":"default","ast-page-background-enabled":"default","ast-page-background-meta":{"desktop":{"background-color":"var(--ast-global-color-4)","background-image":"","background-repeat":"repeat","background-position":"center center","background-size":"auto","background-attachment":"scroll","background-type":"","background-media":"","overlay-type":"","overlay-color":"","overlay-gradient":""},"tablet":{"background-color":"","background-image":"","background-repeat":"repeat","background-position":"center center","background-size":"auto","background-attachment":"scroll","background-type":"","background-media":"","overlay-type":"","overlay-color":"","overlay-gradient":""},"mobile":{"background-color":"","background-image":"","background-repeat":"repeat","background-position":"center center","background-size":"auto","background-attachment":"scroll","background-type":"","background-media":"","overlay-type":"","overlay-color":"","overlay-gradient":""}},"ast-content-background-meta":{"desktop":{"background-color":"var(--ast-global-color-5)","background-image":"","background-repeat":"repeat","background-position":"center center","background-size":"auto","background-attachment":"scroll","background-type":"","background-media":"","overlay-type":"","overlay-color":"","overlay-gradient":""},"tablet":{"background-color":"var(--ast-global-color-5)","background-image":"","background-repeat":"repeat","background-position":"center center","background-size":"auto","background-attachment":"scroll","background-type":"","background-media":"","overlay-type":"","overlay-color":"","overlay-gradient":""},"mobile":{"background-color":"var(--ast-global-color-5)","background-image":"","background-repeat":"repeat","background-position":"center center","background-size":"auto","background-attachment":"scroll","background-type":"","background-media":"","overlay-type":"","overlay-color":"","overlay-gradient":""}},"footnotes":""},"categories":[14934,26060,6025,8178,8235,324,2462,996],"tags":[7232,17251,13066,17252,53164,53163],"class_list":["post-16901","post","type-post","status-publish","format-standard","hentry","category-analisis-experimental-de-la-conducta","category-discriminacion","category-estudio-psicologico-de-cuestiones-sociales","category-interaccion-de-grupos","category-murcia","category-psicologia","category-psicologia-experimental","category-psicologia-social","tag-armando-rodriguez-perez","tag-carmen-huici-casal","tag-jose-miguel-fernandez-dols","tag-miguel-moya-morales","tag-navas-luque-ma-soledad","tag-ramirez-de-la-fe-m-carmen"],"_links":{"self":[{"href":"https:\/\/www.deberes.net\/tesis\/wp-json\/wp\/v2\/posts\/16901","targetHints":{"allow":["GET"]}}],"collection":[{"href":"https:\/\/www.deberes.net\/tesis\/wp-json\/wp\/v2\/posts"}],"about":[{"href":"https:\/\/www.deberes.net\/tesis\/wp-json\/wp\/v2\/types\/post"}],"author":[{"embeddable":true,"href":"https:\/\/www.deberes.net\/tesis\/wp-json\/wp\/v2\/users\/1"}],"replies":[{"embeddable":true,"href":"https:\/\/www.deberes.net\/tesis\/wp-json\/wp\/v2\/comments?post=16901"}],"version-history":[{"count":0,"href":"https:\/\/www.deberes.net\/tesis\/wp-json\/wp\/v2\/posts\/16901\/revisions"}],"wp:attachment":[{"href":"https:\/\/www.deberes.net\/tesis\/wp-json\/wp\/v2\/media?parent=16901"}],"wp:term":[{"taxonomy":"category","embeddable":true,"href":"https:\/\/www.deberes.net\/tesis\/wp-json\/wp\/v2\/categories?post=16901"},{"taxonomy":"post_tag","embeddable":true,"href":"https:\/\/www.deberes.net\/tesis\/wp-json\/wp\/v2\/tags?post=16901"}],"curies":[{"name":"wp","href":"https:\/\/api.w.org\/{rel}","templated":true}]}}