{"id":16918,"date":"2018-03-09T09:04:45","date_gmt":"2018-03-09T09:04:45","guid":{"rendered":"https:\/\/www.deberes.net\/tesis\/sin-categoria\/estudio-del-comportamiento-de-la-carga-de-espacio-durante-la-fusion-xlpe-en-cables-de-media-tension-por-tsdc\/"},"modified":"2018-03-09T09:04:45","modified_gmt":"2018-03-09T09:04:45","slug":"estudio-del-comportamiento-de-la-carga-de-espacio-durante-la-fusion-xlpe-en-cables-de-media-tension-por-tsdc","status":"publish","type":"post","link":"https:\/\/www.deberes.net\/tesis\/fisica\/estudio-del-comportamiento-de-la-carga-de-espacio-durante-la-fusion-xlpe-en-cables-de-media-tension-por-tsdc\/","title":{"rendered":"Estudio del comportamiento de la carga de espacio durante la fusi\u00f3n xlpe en cables de media tensi\u00f3n, por tsdc"},"content":{"rendered":"<h2>Tesis doctoral de <strong> Idalberto Tamayo Avila <\/strong><\/h2>\n<p>El estudio de la carga de espacio en materiales aislantes ha despertado un gran inter\u00e9s por su relaci\u00f3n con los procesos de ruptura diel\u00e9ctrica y el envejecimiento. En el xlpe para cables este tipo de carga tiene un comportamiento complejo y se necesitan estudios sistem\u00e1ticos para entender los procesos de su formaci\u00f3n y evoluci\u00f3n. En este sentido, hemos iniciado el estudio de la evoluci\u00f3n con la temperatura durante la fusi\u00f3n de los cristales de xlpe en cables comerciales suministrados por la general cable (grupo 1: a, b, c, d y grupo 2: e, f); la temperatura de servicio de estos calbes es de unos 90\u00c2\u00bac, operan en un rango de tensiones desde 12 hasta 20 kv y han sido obtenidos con distintos par\u00e1metros durante su fabricaci\u00f3n. montamos un horno cil\u00edndrico para efectuar las medidas tsdc que permiten aplicar tensiones de polarizaci\u00f3n dentro y fuera del rango de operaci\u00f3n y ha sido necesario usar t\u00e9cnicas complementarias (dsc, ir-ftir, sem, drx, caracter\u00edsticas i-v) para interpretar los resultados obtenidos mediante tsdc.  previamente, estudiamos por tsdc la evoluci\u00f3n de carga de espacio con el aumento del grado de cristalinidad del pet (material usado como referencia). el ajuste del pico al modelo de cin\u00e9tica de orden general da buenos resultados; pudi\u00e9ndose interpretar los par\u00e1metros f\u00edsicos calculados: carga atrapada, factor de frecuencia, orden cin\u00e9tico y la energ\u00eda de activaci\u00f3n. El espectro tsdc del xlpe tambi\u00e9n evoluciona y se estudia el efecto de la temperatura de templado en la evoluci\u00f3n; \u00e9sta se acelera con el aumento de la temperatura y del tiempo de templado, form\u00e1ndose una corriente homopolar en los cables del grupo 1. Hemos demostrado por tsdc que la capa semiconductora empleada en el grupo 1 propicia la aparici\u00f3n de la corriente homopolar por la difusi\u00f3n de ciertas componentes qu\u00edmicas hacia el xlpe y que ha sido verificada mediante ir-ftir y sem. Se ha obtenido por wp que la homocarga se activa m\u00e1s<\/p>\n<p>&nbsp;<\/p>\n<h3>Datos acad\u00e9micos de la tesis doctoral \u00ab<strong>Estudio del comportamiento de la carga de espacio durante la fusi\u00f3n xlpe en cables de media tensi\u00f3n, por tsdc<\/strong>\u00ab<\/h3>\n<ul>\n<li><strong>T\u00edtulo de la tesis:<\/strong>\u00a0 Estudio del comportamiento de la carga de espacio durante la fusi\u00f3n xlpe en cables de media tensi\u00f3n, por tsdc <\/li>\n<li><strong>Autor:<\/strong>\u00a0 Idalberto Tamayo Avila <\/li>\n<li><strong>Universidad:<\/strong>\u00a0 Polit\u00e9cnica de catalunya<\/li>\n<li><strong>Fecha de lectura de la tesis:<\/strong>\u00a0 17\/05\/2002<\/li>\n<\/ul>\n<p>&nbsp;<\/p>\n<h3>Direcci\u00f3n y tribunal<\/h3>\n<ul>\n<li><strong>Director de la tesis<\/strong>\n<ul>\n<li>Joan Belana Punseti<\/li>\n<\/ul>\n<\/li>\n<li><strong>Tribunal<\/strong>\n<ul>\n<li>Presidente del tribunal: ricardo Diaz calleja <\/li>\n<li> Diego vives Jos\u00e9 Antonio (vocal)<\/li>\n<li>fabian Frutos rayego (vocal)<\/li>\n<li>pedro Colomer vilanova (vocal)<\/li>\n<\/ul>\n<\/li>\n<\/ul>\n<p>&nbsp;<\/p>\n","protected":false},"excerpt":{"rendered":"<p>Tesis doctoral de Idalberto Tamayo Avila El estudio de la carga de espacio en materiales aislantes ha despertado un gran [&hellip;]<\/p>\n","protected":false},"author":1,"featured_media":0,"comment_status":"open","ping_status":"open","sticky":false,"template":"","format":"standard","meta":{"site-sidebar-layout":"default","site-content-layout":"","ast-site-content-layout":"","site-content-style":"default","site-sidebar-style":"default","ast-global-header-display":"","ast-banner-title-visibility":"","ast-main-header-display":"","ast-hfb-above-header-display":"","ast-hfb-below-header-display":"","ast-hfb-mobile-header-display":"","site-post-title":"","ast-breadcrumbs-content":"","ast-featured-img":"","footer-sml-layout":"","theme-transparent-header-meta":"","adv-header-id-meta":"","stick-header-meta":"","header-above-stick-meta":"","header-main-stick-meta":"","header-below-stick-meta":"","astra-migrate-meta-layouts":"default","ast-page-background-enabled":"default","ast-page-background-meta":{"desktop":{"background-color":"var(--ast-global-color-4)","background-image":"","background-repeat":"repeat","background-position":"center center","background-size":"auto","background-attachment":"scroll","background-type":"","background-media":"","overlay-type":"","overlay-color":"","overlay-gradient":""},"tablet":{"background-color":"","background-image":"","background-repeat":"repeat","background-position":"center center","background-size":"auto","background-attachment":"scroll","background-type":"","background-media":"","overlay-type":"","overlay-color":"","overlay-gradient":""},"mobile":{"background-color":"","background-image":"","background-repeat":"repeat","background-position":"center center","background-size":"auto","background-attachment":"scroll","background-type":"","background-media":"","overlay-type":"","overlay-color":"","overlay-gradient":""}},"ast-content-background-meta":{"desktop":{"background-color":"var(--ast-global-color-5)","background-image":"","background-repeat":"repeat","background-position":"center center","background-size":"auto","background-attachment":"scroll","background-type":"","background-media":"","overlay-type":"","overlay-color":"","overlay-gradient":""},"tablet":{"background-color":"var(--ast-global-color-5)","background-image":"","background-repeat":"repeat","background-position":"center center","background-size":"auto","background-attachment":"scroll","background-type":"","background-media":"","overlay-type":"","overlay-color":"","overlay-gradient":""},"mobile":{"background-color":"var(--ast-global-color-5)","background-image":"","background-repeat":"repeat","background-position":"center center","background-size":"auto","background-attachment":"scroll","background-type":"","background-media":"","overlay-type":"","overlay-color":"","overlay-gradient":""}},"footnotes":""},"categories":[14043,332,10426,199,1008,15596,3706],"tags":[53209,53210,53207,53208,53211,30321],"class_list":["post-16918","post","type-post","status-publish","format-standard","hentry","category-antenas","category-ciencias-tecnologicas","category-dielectricos","category-fisica","category-fisica-del-estado-solido","category-politecnica-de-catalunya","category-tecnologia-electronica","tag-diego-vives-jose-antonio","tag-fabian-frutos-rayego","tag-idalberto-tamayo-avila","tag-joan-belana-punseti","tag-pedro-colomer-vilanova","tag-ricardo-diaz-calleja"],"_links":{"self":[{"href":"https:\/\/www.deberes.net\/tesis\/wp-json\/wp\/v2\/posts\/16918","targetHints":{"allow":["GET"]}}],"collection":[{"href":"https:\/\/www.deberes.net\/tesis\/wp-json\/wp\/v2\/posts"}],"about":[{"href":"https:\/\/www.deberes.net\/tesis\/wp-json\/wp\/v2\/types\/post"}],"author":[{"embeddable":true,"href":"https:\/\/www.deberes.net\/tesis\/wp-json\/wp\/v2\/users\/1"}],"replies":[{"embeddable":true,"href":"https:\/\/www.deberes.net\/tesis\/wp-json\/wp\/v2\/comments?post=16918"}],"version-history":[{"count":0,"href":"https:\/\/www.deberes.net\/tesis\/wp-json\/wp\/v2\/posts\/16918\/revisions"}],"wp:attachment":[{"href":"https:\/\/www.deberes.net\/tesis\/wp-json\/wp\/v2\/media?parent=16918"}],"wp:term":[{"taxonomy":"category","embeddable":true,"href":"https:\/\/www.deberes.net\/tesis\/wp-json\/wp\/v2\/categories?post=16918"},{"taxonomy":"post_tag","embeddable":true,"href":"https:\/\/www.deberes.net\/tesis\/wp-json\/wp\/v2\/tags?post=16918"}],"curies":[{"name":"wp","href":"https:\/\/api.w.org\/{rel}","templated":true}]}}