{"id":16921,"date":"2018-03-09T09:04:45","date_gmt":"2018-03-09T09:04:45","guid":{"rendered":"https:\/\/www.deberes.net\/tesis\/sin-categoria\/el-poema-escenico-aproximacion-al-estudio-del-genero-y-analisis-de-los-poemas-escenicos-de-rafael-alberti\/"},"modified":"2018-03-09T09:04:45","modified_gmt":"2018-03-09T09:04:45","slug":"el-poema-escenico-aproximacion-al-estudio-del-genero-y-analisis-de-los-poemas-escenicos-de-rafael-alberti","status":"publish","type":"post","link":"https:\/\/www.deberes.net\/tesis\/historia\/el-poema-escenico-aproximacion-al-estudio-del-genero-y-analisis-de-los-poemas-escenicos-de-rafael-alberti\/","title":{"rendered":"El poema esc\u00e9nico. aproximaci\u00f3n al estudio del g\u00e9nero y an\u00e1lisis de los poemas esc\u00e9nicos de rafael alberti"},"content":{"rendered":"<h2>Tesis doctoral de <strong> Amaia Riesco Bidaguren <\/strong><\/h2>\n<p>El marbete de \u00abpoemas esc\u00e9nicos\u00bb serv\u00eda de subt\u00edtulo a rafael alberti para una complicaci\u00f3n de poemas susceptibles de ser representados dram\u00e1ticamente. esta compleja realidad literaria, a medio camino entre el discurso l\u00edrico y el dram\u00e1tico, plantea una nueva especificaci\u00f3n como g\u00e9nero literario cuya delimitaci\u00f3n se corresponde con uno de los objetivos de la primera parte de este trabajo.  en efecto, consiste en una aproximaci\u00f3n al estudio del poema esc\u00e9nico como g\u00e9nero l\u00edrico que comparte con el dram\u00e1tico ciertos elementos constitutivos, como entre otros el desarrollo de una m\u00ednima acci\u00f3n, muchas veces estructurada a base de escenas o actos, una actividad discursiva de tipo dialogado o monologada a trav\u00e9s de las cuales el lector descubre a unos interlocutores diferenciados de la voz subjetiva del \u00abyo l\u00edrico\u00bb, etc\u00e9tera.  como cap\u00edtulo complementario a esta aproximaci\u00f3n gen\u00e9rica est\u00e1 aqu\u00e9l en el que se abordan los antecedentes hist\u00f3ricos del g\u00e9nero, en donde se estudian otras realidades gen\u00e9ricas de \u00e9pocas pret\u00e9ritas con las comparte ciertas caracter\u00edsticas similares, como por ejemplo la jarchas, las \u00e9glogas l\u00edrico-dram\u00e1ticas, el mon\u00f3logo dram\u00e1tico, etc\u00e9tera.  la segunda parte de la tesis constituye el an\u00e1lisis exhaustivo de los poemas esc\u00e9nicos de la obra de rafael alberti, fundamentalmente de la obra subt\u00edtulada de forma hom\u00f3nima el matador, y de otra obra escrita con casi cuarenta a\u00f1os de anterioridad, titulada yo era un tonto y lo que he visto me ha hecho dos tontos, producto de su etapa surrealista en la que el autor ensaya una l\u00edrica con las mismas caracter\u00edsticas de dramaticidad, a cuyos poemas llama representables, y de donde es posible colegir ciertas conciencia de g\u00e9nero en el poeta dramaturgo.<\/p>\n<p>&nbsp;<\/p>\n<h3>Datos acad\u00e9micos de la tesis doctoral \u00ab<strong>El poema esc\u00e9nico. aproximaci\u00f3n al estudio del g\u00e9nero y an\u00e1lisis de los poemas esc\u00e9nicos de rafael alberti<\/strong>\u00ab<\/h3>\n<ul>\n<li><strong>T\u00edtulo de la tesis:<\/strong>\u00a0 El poema esc\u00e9nico. aproximaci\u00f3n al estudio del g\u00e9nero y an\u00e1lisis de los poemas esc\u00e9nicos de rafael alberti <\/li>\n<li><strong>Autor:<\/strong>\u00a0 Amaia Riesco Bidaguren <\/li>\n<li><strong>Universidad:<\/strong>\u00a0 Navarra<\/li>\n<li><strong>Fecha de lectura de la tesis:<\/strong>\u00a0 17\/05\/2002<\/li>\n<\/ul>\n<p>&nbsp;<\/p>\n<h3>Direcci\u00f3n y tribunal<\/h3>\n<ul>\n<li><strong>Director de la tesis<\/strong>\n<ul>\n<li>Kurt Spang<\/li>\n<\/ul>\n<\/li>\n<li><strong>Tribunal<\/strong>\n<ul>\n<li>Presidente del tribunal:  Fern\u00e1ndez gonz\u00e1lez angel raimundo <\/li>\n<li>Miguel angel Muro munilla (vocal)<\/li>\n<li>Francisco Javier Diez de revenga torres (vocal)<\/li>\n<li>Mar\u00eda cristina Tabernero sala (vocal)<\/li>\n<\/ul>\n<\/li>\n<\/ul>\n<p>&nbsp;<\/p>\n","protected":false},"excerpt":{"rendered":"<p>Tesis doctoral de Amaia Riesco Bidaguren El marbete de \u00abpoemas esc\u00e9nicos\u00bb serv\u00eda de subt\u00edtulo a rafael alberti para una complicaci\u00f3n [&hellip;]<\/p>\n","protected":false},"author":1,"featured_media":0,"comment_status":"open","ping_status":"open","sticky":false,"template":"","format":"standard","meta":{"site-sidebar-layout":"default","site-content-layout":"","ast-site-content-layout":"","site-content-style":"default","site-sidebar-style":"default","ast-global-header-display":"","ast-banner-title-visibility":"","ast-main-header-display":"","ast-hfb-above-header-display":"","ast-hfb-below-header-display":"","ast-hfb-mobile-header-display":"","site-post-title":"","ast-breadcrumbs-content":"","ast-featured-img":"","footer-sml-layout":"","theme-transparent-header-meta":"","adv-header-id-meta":"","stick-header-meta":"","header-above-stick-meta":"","header-main-stick-meta":"","header-below-stick-meta":"","astra-migrate-meta-layouts":"default","ast-page-background-enabled":"default","ast-page-background-meta":{"desktop":{"background-color":"var(--ast-global-color-4)","background-image":"","background-repeat":"repeat","background-position":"center center","background-size":"auto","background-attachment":"scroll","background-type":"","background-media":"","overlay-type":"","overlay-color":"","overlay-gradient":""},"tablet":{"background-color":"","background-image":"","background-repeat":"repeat","background-position":"center center","background-size":"auto","background-attachment":"scroll","background-type":"","background-media":"","overlay-type":"","overlay-color":"","overlay-gradient":""},"mobile":{"background-color":"","background-image":"","background-repeat":"repeat","background-position":"center center","background-size":"auto","background-attachment":"scroll","background-type":"","background-media":"","overlay-type":"","overlay-color":"","overlay-gradient":""}},"ast-content-background-meta":{"desktop":{"background-color":"var(--ast-global-color-5)","background-image":"","background-repeat":"repeat","background-position":"center center","background-size":"auto","background-attachment":"scroll","background-type":"","background-media":"","overlay-type":"","overlay-color":"","overlay-gradient":""},"tablet":{"background-color":"var(--ast-global-color-5)","background-image":"","background-repeat":"repeat","background-position":"center center","background-size":"auto","background-attachment":"scroll","background-type":"","background-media":"","overlay-type":"","overlay-color":"","overlay-gradient":""},"mobile":{"background-color":"var(--ast-global-color-5)","background-image":"","background-repeat":"repeat","background-position":"center center","background-size":"auto","background-attachment":"scroll","background-type":"","background-media":"","overlay-type":"","overlay-color":"","overlay-gradient":""}},"footnotes":""},"categories":[148,147,104,713,1867,222,17749,628],"tags":[53218,17921,8638,17923,32346,38372],"class_list":["post-16921","post","type-post","status-publish","format-standard","hentry","category-analisis-literario","category-ciencias-de-las-artes-y-las-letras","category-historia","category-historia-de-la-literatura","category-historia-de-la-literatura-espanola","category-historias-especializadas","category-navarra","category-teoria-analisis-y-critica-literarios","tag-amaia-riesco-bidaguren","tag-fernandez-gonzalez-angel-raimundo","tag-francisco-javier-diez-de-revenga-torres","tag-kurt-spang","tag-maria-cristina-tabernero-sala","tag-miguel-angel-muro-munilla"],"_links":{"self":[{"href":"https:\/\/www.deberes.net\/tesis\/wp-json\/wp\/v2\/posts\/16921","targetHints":{"allow":["GET"]}}],"collection":[{"href":"https:\/\/www.deberes.net\/tesis\/wp-json\/wp\/v2\/posts"}],"about":[{"href":"https:\/\/www.deberes.net\/tesis\/wp-json\/wp\/v2\/types\/post"}],"author":[{"embeddable":true,"href":"https:\/\/www.deberes.net\/tesis\/wp-json\/wp\/v2\/users\/1"}],"replies":[{"embeddable":true,"href":"https:\/\/www.deberes.net\/tesis\/wp-json\/wp\/v2\/comments?post=16921"}],"version-history":[{"count":0,"href":"https:\/\/www.deberes.net\/tesis\/wp-json\/wp\/v2\/posts\/16921\/revisions"}],"wp:attachment":[{"href":"https:\/\/www.deberes.net\/tesis\/wp-json\/wp\/v2\/media?parent=16921"}],"wp:term":[{"taxonomy":"category","embeddable":true,"href":"https:\/\/www.deberes.net\/tesis\/wp-json\/wp\/v2\/categories?post=16921"},{"taxonomy":"post_tag","embeddable":true,"href":"https:\/\/www.deberes.net\/tesis\/wp-json\/wp\/v2\/tags?post=16921"}],"curies":[{"name":"wp","href":"https:\/\/api.w.org\/{rel}","templated":true}]}}