{"id":16936,"date":"2018-03-09T09:04:46","date_gmt":"2018-03-09T09:04:46","guid":{"rendered":"https:\/\/www.deberes.net\/tesis\/sin-categoria\/la-voz-pasiva-en-ingles-y-su-didactica\/"},"modified":"2018-03-09T09:04:46","modified_gmt":"2018-03-09T09:04:46","slug":"la-voz-pasiva-en-ingles-y-su-didactica","status":"publish","type":"post","link":"https:\/\/www.deberes.net\/tesis\/linguistica\/la-voz-pasiva-en-ingles-y-su-didactica\/","title":{"rendered":"La voz pasiva en ingles y su didactica"},"content":{"rendered":"<h2>Tesis doctoral de <strong> Manuel Gregollo Caballero Calavia <\/strong><\/h2>\n<p>Objetivo: acercar la \u00abvoz pasiva en ingl\u00e9s\u00bb a la mente de los alumnos adultos cuya lengua madres es el espa\u00f1ol, como forma de expresi\u00f3n y comunicaci\u00f3n para que lleguen a usarla con fluidez.  estudio de la voz pasiva en ingl\u00e9s en t\u00e9rminos:  -ling\u00ed\u00bcisticos (reglas, conjuntos de categor\u00edas,&#8230;)  -sociol\u00f3gicos (funciones del habla, actos del habla)  -psicol\u00f3gicos (conjuntos de skills o habilidades ling\u00ed\u00bcisticas)  proceso  -concepto y tratamiento de la voz pasiva en indoeuropeo, griego y lat\u00edn.  -la voz pasiva seg\u00fan los distintos modelos de ling\u00ed\u00bc\u00edstica te\u00f3rica: tradicional, estructural, generativa, tagm\u00e9mica, sist\u00e9mica, etc.  -modelos metodol\u00f3gicos: gram\u00e1tica-traducci\u00f3n. Audio-lingual. C\u00f3digo cognitivo. situacional. Funcional.  -an\u00e1lisis contrastivo: ingl\u00e9s-espa\u00f1ol.  -labor de campo. Explicaci\u00f3n de la voz pasiva siguiendo los distintos modelos metodol\u00f3gicos y sus gram\u00e1ticas asociadas. Prueba-test. Estudio de resultados y conclusiones.  -an\u00e1lisis de errores  conclusiones  la presentaci\u00f3n del tema y la metodolog\u00eda ha de ser ecl\u00e9ctica, teniendo en cuenta la situation teaching que nos indicar\u00e1 lo m\u00e1s apropiado en cada momento. En el momento de la lectura de esta tesis (mayo 2002), la metodolog\u00eda ser\u00eda \u00abcomunicativa\u00bb con el apoyo del estudio de la \u00abforma\u00bb y regular \u00abevaluaci\u00f3n\u00bb el proceso de adquisici\u00f3n y uso.<\/p>\n<p>&nbsp;<\/p>\n<h3>Datos acad\u00e9micos de la tesis doctoral \u00ab<strong>La voz pasiva en ingles y su didactica<\/strong>\u00ab<\/h3>\n<ul>\n<li><strong>T\u00edtulo de la tesis:<\/strong>\u00a0 La voz pasiva en ingles y su didactica <\/li>\n<li><strong>Autor:<\/strong>\u00a0 Manuel Gregollo Caballero Calavia <\/li>\n<li><strong>Universidad:<\/strong>\u00a0 Sevilla<\/li>\n<li><strong>Fecha de lectura de la tesis:<\/strong>\u00a0 20\/05\/2002<\/li>\n<\/ul>\n<p>&nbsp;<\/p>\n<h3>Direcci\u00f3n y tribunal<\/h3>\n<ul>\n<li><strong>Director de la tesis<\/strong>\n<ul>\n<li>Jos\u00e9 Luis Navarro Garcia<\/li>\n<\/ul>\n<\/li>\n<li><strong>Tribunal<\/strong>\n<ul>\n<li>Presidente del tribunal: alberto Milleda chivita <\/li>\n<li>Manuel Perez gutierrez (vocal)<\/li>\n<li>christi\u00e1n Abello contesse (vocal)<\/li>\n<li>benjamin Mantecon ramirez (vocal)<\/li>\n<\/ul>\n<\/li>\n<\/ul>\n<p>&nbsp;<\/p>\n","protected":false},"excerpt":{"rendered":"<p>Tesis doctoral de Manuel Gregollo Caballero Calavia Objetivo: acercar la \u00abvoz pasiva en ingl\u00e9s\u00bb a la mente de los alumnos [&hellip;]<\/p>\n","protected":false},"author":1,"featured_media":0,"comment_status":"open","ping_status":"open","sticky":false,"template":"","format":"standard","meta":{"site-sidebar-layout":"default","site-content-layout":"","ast-site-content-layout":"","site-content-style":"default","site-sidebar-style":"default","ast-global-header-display":"","ast-banner-title-visibility":"","ast-main-header-display":"","ast-hfb-above-header-display":"","ast-hfb-below-header-display":"","ast-hfb-mobile-header-display":"","site-post-title":"","ast-breadcrumbs-content":"","ast-featured-img":"","footer-sml-layout":"","theme-transparent-header-meta":"","adv-header-id-meta":"","stick-header-meta":"","header-above-stick-meta":"","header-main-stick-meta":"","header-below-stick-meta":"","astra-migrate-meta-layouts":"default","ast-page-background-enabled":"default","ast-page-background-meta":{"desktop":{"background-color":"var(--ast-global-color-4)","background-image":"","background-repeat":"repeat","background-position":"center center","background-size":"auto","background-attachment":"scroll","background-type":"","background-media":"","overlay-type":"","overlay-color":"","overlay-gradient":""},"tablet":{"background-color":"","background-image":"","background-repeat":"repeat","background-position":"center center","background-size":"auto","background-attachment":"scroll","background-type":"","background-media":"","overlay-type":"","overlay-color":"","overlay-gradient":""},"mobile":{"background-color":"","background-image":"","background-repeat":"repeat","background-position":"center center","background-size":"auto","background-attachment":"scroll","background-type":"","background-media":"","overlay-type":"","overlay-color":"","overlay-gradient":""}},"ast-content-background-meta":{"desktop":{"background-color":"var(--ast-global-color-5)","background-image":"","background-repeat":"repeat","background-position":"center center","background-size":"auto","background-attachment":"scroll","background-type":"","background-media":"","overlay-type":"","overlay-color":"","overlay-gradient":""},"tablet":{"background-color":"var(--ast-global-color-5)","background-image":"","background-repeat":"repeat","background-position":"center center","background-size":"auto","background-attachment":"scroll","background-type":"","background-media":"","overlay-type":"","overlay-color":"","overlay-gradient":""},"mobile":{"background-color":"var(--ast-global-color-5)","background-image":"","background-repeat":"repeat","background-position":"center center","background-size":"auto","background-attachment":"scroll","background-type":"","background-media":"","overlay-type":"","overlay-color":"","overlay-gradient":""}},"footnotes":""},"categories":[1891,59,60,10715],"tags":[53246,24703,53247,48662,53245,49997],"class_list":["post-16936","post","type-post","status-publish","format-standard","hentry","category-ensenanza-de-lenguas","category-linguistica","category-linguistica-aplicada","category-sevilla","tag-alberto-milleda-chivita","tag-benjamin-mantecon-ramirez","tag-christian-abello-contesse","tag-jose-luis-navarro-garcia","tag-manuel-gregollo-caballero-calavia","tag-manuel-perez-gutierrez"],"_links":{"self":[{"href":"https:\/\/www.deberes.net\/tesis\/wp-json\/wp\/v2\/posts\/16936","targetHints":{"allow":["GET"]}}],"collection":[{"href":"https:\/\/www.deberes.net\/tesis\/wp-json\/wp\/v2\/posts"}],"about":[{"href":"https:\/\/www.deberes.net\/tesis\/wp-json\/wp\/v2\/types\/post"}],"author":[{"embeddable":true,"href":"https:\/\/www.deberes.net\/tesis\/wp-json\/wp\/v2\/users\/1"}],"replies":[{"embeddable":true,"href":"https:\/\/www.deberes.net\/tesis\/wp-json\/wp\/v2\/comments?post=16936"}],"version-history":[{"count":0,"href":"https:\/\/www.deberes.net\/tesis\/wp-json\/wp\/v2\/posts\/16936\/revisions"}],"wp:attachment":[{"href":"https:\/\/www.deberes.net\/tesis\/wp-json\/wp\/v2\/media?parent=16936"}],"wp:term":[{"taxonomy":"category","embeddable":true,"href":"https:\/\/www.deberes.net\/tesis\/wp-json\/wp\/v2\/categories?post=16936"},{"taxonomy":"post_tag","embeddable":true,"href":"https:\/\/www.deberes.net\/tesis\/wp-json\/wp\/v2\/tags?post=16936"}],"curies":[{"name":"wp","href":"https:\/\/api.w.org\/{rel}","templated":true}]}}