{"id":16976,"date":"2018-03-09T09:04:50","date_gmt":"2018-03-09T09:04:50","guid":{"rendered":"https:\/\/www.deberes.net\/tesis\/sin-categoria\/la-concentracion-parcelaria-eco-compatible-instrumeno-de-desarrollo-rural-integrado-y-sostenible-regimen-jura%c2%addico-de-la-institucion\/"},"modified":"2018-03-09T09:04:50","modified_gmt":"2018-03-09T09:04:50","slug":"la-concentracion-parcelaria-eco-compatible-instrumeno-de-desarrollo-rural-integrado-y-sostenible-regimen-jura%c2%addico-de-la-institucion","status":"publish","type":"post","link":"https:\/\/www.deberes.net\/tesis\/ciencias-juridicas-y-derecho\/la-concentracion-parcelaria-eco-compatible-instrumeno-de-desarrollo-rural-integrado-y-sostenible-regimen-jura%c2%addico-de-la-institucion\/","title":{"rendered":"La concentraci\u00f3n parcelaria eco-compatible, instrumeno de desarrollo rural integrado y sostenible. r\u00e9gimen jur\u00eddico de la instituci\u00f3n"},"content":{"rendered":"<h2>Tesis doctoral de <strong> Enrique Valencia Sancho <\/strong><\/h2>\n<p>Se presenta la concentraci\u00f3n parcelaria como una instituci\u00f3n jur\u00eddica de naturaleza administrativa. Se demuestra que los antecedentes normativos y f\u00e1cticos de esta mejora rural son m\u00e1s antiguos de lo que hasta ahora se hab\u00eda entendido.  se sistematiza la jurisprudencia relativa a la concentraci\u00f3n parcelaria emanada del tribunal supremo, del tribunal constitucional, del tribunal de justicia de las comunidades europeas y del tribunal europeo de derechos humanos, as\u00ed como los principios generales que de ella se infieren. Se constata que el desconocimiento de estos principios ha llevado a una gesti\u00f3n vicida de la concentraci\u00f3n parcelaria \u00abde lege lata\u00bb, puesto que no se tienen en cuenta su car\u00e1cter eco-compatible, la inconstitucionalidad de las limitaciones ex art. 218.1 de la ley de reforma y desarrollo agrario a la tutela judicial efectiva, la obligaci\u00f3n de indemnizar las deduciones ex art. 202 y la necesidad de concluir las actuaciones en un plazo razonable. ello comporta una profunda catarsis de los par\u00e1metros de gesti\u00f3n de la concentraci\u00f3n, a la luz de la jurisprudencia.  se hace un an\u00e1lisis del derecho positivo, evidenciado su inadaptaci\u00f3n a la realidad actual, a la constituci\u00f3n y al derecho comunitario. Como soluci\u00f3n \u00abde lege ferenda\u00bb, se propone esta nueva arquitectura jur\u00eddica: una directiva comunitaria que fije las caracter\u00edsticas esenciales que la concentraci\u00f3n parcelaria ha de tener en toda la uni\u00f3n, de acuerdo con el modelo agrario europeo y atendiendo a la tendencia del derecho comunitario al desarrollo rural integrado y sostenible; una ley estatal de m\u00ednimos (con los preceptos b\u00e1sicos y de aplicaci\u00f3n plena correspondientes a las competencias estatales en la materia), que trasponga la citada directiva comunitaria y adapte sus principios a la realidad hispana; las leyes auton\u00f3micas que adecuen la normativa comunitaria y estatal a las peculiaridades de cada comunidad aut\u00f3noma; la jurisprudencia y los p<\/p>\n<p>&nbsp;<\/p>\n<h3>Datos acad\u00e9micos de la tesis doctoral \u00ab<strong>La concentraci\u00f3n parcelaria eco-compatible, instrumeno de desarrollo rural integrado y sostenible. r\u00e9gimen jur\u00eddico de la instituci\u00f3n<\/strong>\u00ab<\/h3>\n<ul>\n<li><strong>T\u00edtulo de la tesis:<\/strong>\u00a0 La concentraci\u00f3n parcelaria eco-compatible, instrumeno de desarrollo rural integrado y sostenible. r\u00e9gimen jur\u00eddico de la instituci\u00f3n <\/li>\n<li><strong>Autor:<\/strong>\u00a0 Enrique Valencia Sancho <\/li>\n<li><strong>Universidad:<\/strong>\u00a0 Lleida<\/li>\n<li><strong>Fecha de lectura de la tesis:<\/strong>\u00a0 22\/05\/2002<\/li>\n<\/ul>\n<p>&nbsp;<\/p>\n<h3>Direcci\u00f3n y tribunal<\/h3>\n<ul>\n<li><strong>Director de la tesis<\/strong>\n<ul>\n<li>Juan  Mar\u00eda Peman Gavin<\/li>\n<\/ul>\n<\/li>\n<li><strong>Tribunal<\/strong>\n<ul>\n<li>Presidente del tribunal:  Sanz jarque Juan  jose <\/li>\n<li>joaquin Tornos mas (vocal)<\/li>\n<li>Fernando Lopez ramon (vocal)<\/li>\n<li>Luis Pomed s\u00e1nchez (vocal)<\/li>\n<\/ul>\n<\/li>\n<\/ul>\n<p>&nbsp;<\/p>\n","protected":false},"excerpt":{"rendered":"<p>Tesis doctoral de Enrique Valencia Sancho Se presenta la concentraci\u00f3n parcelaria como una instituci\u00f3n jur\u00eddica de naturaleza administrativa. Se demuestra [&hellip;]<\/p>\n","protected":false},"author":1,"featured_media":0,"comment_status":"open","ping_status":"open","sticky":false,"template":"","format":"standard","meta":{"site-sidebar-layout":"default","site-content-layout":"","ast-site-content-layout":"","site-content-style":"default","site-sidebar-style":"default","ast-global-header-display":"","ast-banner-title-visibility":"","ast-main-header-display":"","ast-hfb-above-header-display":"","ast-hfb-below-header-display":"","ast-hfb-mobile-header-display":"","site-post-title":"","ast-breadcrumbs-content":"","ast-featured-img":"","footer-sml-layout":"","theme-transparent-header-meta":"","adv-header-id-meta":"","stick-header-meta":"","header-above-stick-meta":"","header-main-stick-meta":"","header-below-stick-meta":"","astra-migrate-meta-layouts":"default","ast-page-background-enabled":"default","ast-page-background-meta":{"desktop":{"background-color":"var(--ast-global-color-4)","background-image":"","background-repeat":"repeat","background-position":"center center","background-size":"auto","background-attachment":"scroll","background-type":"","background-media":"","overlay-type":"","overlay-color":"","overlay-gradient":""},"tablet":{"background-color":"","background-image":"","background-repeat":"repeat","background-position":"center center","background-size":"auto","background-attachment":"scroll","background-type":"","background-media":"","overlay-type":"","overlay-color":"","overlay-gradient":""},"mobile":{"background-color":"","background-image":"","background-repeat":"repeat","background-position":"center center","background-size":"auto","background-attachment":"scroll","background-type":"","background-media":"","overlay-type":"","overlay-color":"","overlay-gradient":""}},"ast-content-background-meta":{"desktop":{"background-color":"var(--ast-global-color-5)","background-image":"","background-repeat":"repeat","background-position":"center center","background-size":"auto","background-attachment":"scroll","background-type":"","background-media":"","overlay-type":"","overlay-color":"","overlay-gradient":""},"tablet":{"background-color":"var(--ast-global-color-5)","background-image":"","background-repeat":"repeat","background-position":"center center","background-size":"auto","background-attachment":"scroll","background-type":"","background-media":"","overlay-type":"","overlay-color":"","overlay-gradient":""},"mobile":{"background-color":"var(--ast-global-color-5)","background-image":"","background-repeat":"repeat","background-position":"center center","background-size":"auto","background-attachment":"scroll","background-type":"","background-media":"","overlay-type":"","overlay-color":"","overlay-gradient":""}},"footnotes":""},"categories":[838,612,1442,4927,979,18842,11297,839,3193],"tags":[53356,14618,1445,53357,53358,22788],"class_list":["post-16976","post","type-post","status-publish","format-standard","hentry","category-ciencia-politica","category-ciencias-juridicas-y-derecho","category-derecho-administrativo","category-derecho-comparado","category-derecho-y-legislacion-nacionales","category-lleida","category-politica-agricola","category-politicas-sectoriales","category-teoria-y-metodos-generales-del-derecho","tag-enrique-valencia-sancho","tag-fernando-lopez-ramon","tag-joaquin-tornos-mas","tag-juan-maria-peman-gavin","tag-luis-pomed-sanchez","tag-sanz-jarque-juan-jose"],"_links":{"self":[{"href":"https:\/\/www.deberes.net\/tesis\/wp-json\/wp\/v2\/posts\/16976","targetHints":{"allow":["GET"]}}],"collection":[{"href":"https:\/\/www.deberes.net\/tesis\/wp-json\/wp\/v2\/posts"}],"about":[{"href":"https:\/\/www.deberes.net\/tesis\/wp-json\/wp\/v2\/types\/post"}],"author":[{"embeddable":true,"href":"https:\/\/www.deberes.net\/tesis\/wp-json\/wp\/v2\/users\/1"}],"replies":[{"embeddable":true,"href":"https:\/\/www.deberes.net\/tesis\/wp-json\/wp\/v2\/comments?post=16976"}],"version-history":[{"count":0,"href":"https:\/\/www.deberes.net\/tesis\/wp-json\/wp\/v2\/posts\/16976\/revisions"}],"wp:attachment":[{"href":"https:\/\/www.deberes.net\/tesis\/wp-json\/wp\/v2\/media?parent=16976"}],"wp:term":[{"taxonomy":"category","embeddable":true,"href":"https:\/\/www.deberes.net\/tesis\/wp-json\/wp\/v2\/categories?post=16976"},{"taxonomy":"post_tag","embeddable":true,"href":"https:\/\/www.deberes.net\/tesis\/wp-json\/wp\/v2\/tags?post=16976"}],"curies":[{"name":"wp","href":"https:\/\/api.w.org\/{rel}","templated":true}]}}