{"id":16997,"date":"2018-03-09T09:04:52","date_gmt":"2018-03-09T09:04:52","guid":{"rendered":"https:\/\/www.deberes.net\/tesis\/sin-categoria\/el-ombusdman-establecimiento-de-un-comisionado-del-pueblo-para-centroamerica-en-el-marco-de-la-integracion-centroamericana\/"},"modified":"2018-03-09T09:04:52","modified_gmt":"2018-03-09T09:04:52","slug":"el-ombusdman-establecimiento-de-un-comisionado-del-pueblo-para-centroamerica-en-el-marco-de-la-integracion-centroamericana","status":"publish","type":"post","link":"https:\/\/www.deberes.net\/tesis\/ciencias-juridicas-y-derecho\/el-ombusdman-establecimiento-de-un-comisionado-del-pueblo-para-centroamerica-en-el-marco-de-la-integracion-centroamericana\/","title":{"rendered":"El ombusdman. establecimiento de un comisionado del pueblo para centroam\u00e9rica en el marco de la integraci\u00f3n centroamericana"},"content":{"rendered":"<h2>Tesis doctoral de <strong>  S\u00e1nchez Cubas Claudia Janeth <\/strong><\/h2>\n<p>Se elabora una propuesta de comisionado del pueblo para centro am\u00e9rica abordando el tema del ombudsman, defensor del pueblo, comisionado o procurador de los derechos humanos, a partir de la creaci\u00f3n del t\u00e9rmino sueco \u00abombudsman\u00bb. se toma como punto de referencia la figura del defensor de la uni\u00f3n europea para llegar a la figura del \u00abcomisionado del pueblo en el marco de la integraci\u00f3n centroamericana\u00bb. Se realiza un an\u00e1lisis comparativo de las distintas legislaciones existentes con especial relevancia en el marco espa\u00f1ol y de la uni\u00f3n europea. se analiza el origen y evoluci\u00f3n de la figura del ombudsman y tambi\u00e9n la del defensor del pueblo en espa\u00f1a: nombramiento, duraci\u00f3n, cese, competencias y prerrogativas. De igual forma se analizan las figuras del defensor del pueblo de la uni\u00f3n europea, del parlamento centroamericano y de la corte centroamericana de justicia. Finalmente se hace una propuesta de creaci\u00f3n de la figura del defensor del pueblo para centroamerica, que incluye un proyecto de ley en el que se recogen: nombramiento, cese, prerrogativas, incompatibilidades, procedimiento de las reclamaciones, informes, hasta llegar a los medios materiales y el tipo de presupuesto que se considera deber\u00eda tener.<\/p>\n<p>&nbsp;<\/p>\n<h3>Datos acad\u00e9micos de la tesis doctoral \u00ab<strong>El ombusdman. establecimiento de un comisionado del pueblo para centroam\u00e9rica en el marco de la integraci\u00f3n centroamericana<\/strong>\u00ab<\/h3>\n<ul>\n<li><strong>T\u00edtulo de la tesis:<\/strong>\u00a0 El ombusdman. establecimiento de un comisionado del pueblo para centroam\u00e9rica en el marco de la integraci\u00f3n centroamericana <\/li>\n<li><strong>Autor:<\/strong>\u00a0  S\u00e1nchez Cubas Claudia Janeth <\/li>\n<li><strong>Universidad:<\/strong>\u00a0 Carlos III de Madrid<\/li>\n<li><strong>Fecha de lectura de la tesis:<\/strong>\u00a0 23\/05\/2002<\/li>\n<\/ul>\n<p>&nbsp;<\/p>\n<h3>Direcci\u00f3n y tribunal<\/h3>\n<ul>\n<li><strong>Director de la tesis<\/strong>\n<ul>\n<li> Parejo Alfonso Luciano J.<\/li>\n<\/ul>\n<\/li>\n<li><strong>Tribunal<\/strong>\n<ul>\n<li>Presidente del tribunal: Luis Aguiar de luque <\/li>\n<li>Fernando Sequeira fuentes (vocal)<\/li>\n<li> Beltr\u00e1n de felipe Miguel (vocal)<\/li>\n<li>\u00e1ngel Llamas casc\u00f3n (vocal)<\/li>\n<\/ul>\n<\/li>\n<\/ul>\n<p>&nbsp;<\/p>\n","protected":false},"excerpt":{"rendered":"<p>Tesis doctoral de S\u00e1nchez Cubas Claudia Janeth Se elabora una propuesta de comisionado del pueblo para centro am\u00e9rica abordando el [&hellip;]<\/p>\n","protected":false},"author":1,"featured_media":0,"comment_status":"open","ping_status":"open","sticky":false,"template":"","format":"standard","meta":{"site-sidebar-layout":"default","site-content-layout":"","ast-site-content-layout":"","site-content-style":"default","site-sidebar-style":"default","ast-global-header-display":"","ast-banner-title-visibility":"","ast-main-header-display":"","ast-hfb-above-header-display":"","ast-hfb-below-header-display":"","ast-hfb-mobile-header-display":"","site-post-title":"","ast-breadcrumbs-content":"","ast-featured-img":"","footer-sml-layout":"","theme-transparent-header-meta":"","adv-header-id-meta":"","stick-header-meta":"","header-above-stick-meta":"","header-main-stick-meta":"","header-below-stick-meta":"","astra-migrate-meta-layouts":"default","ast-page-background-enabled":"default","ast-page-background-meta":{"desktop":{"background-color":"var(--ast-global-color-4)","background-image":"","background-repeat":"repeat","background-position":"center center","background-size":"auto","background-attachment":"scroll","background-type":"","background-media":"","overlay-type":"","overlay-color":"","overlay-gradient":""},"tablet":{"background-color":"","background-image":"","background-repeat":"repeat","background-position":"center center","background-size":"auto","background-attachment":"scroll","background-type":"","background-media":"","overlay-type":"","overlay-color":"","overlay-gradient":""},"mobile":{"background-color":"","background-image":"","background-repeat":"repeat","background-position":"center center","background-size":"auto","background-attachment":"scroll","background-type":"","background-media":"","overlay-type":"","overlay-color":"","overlay-gradient":""}},"ast-content-background-meta":{"desktop":{"background-color":"var(--ast-global-color-5)","background-image":"","background-repeat":"repeat","background-position":"center center","background-size":"auto","background-attachment":"scroll","background-type":"","background-media":"","overlay-type":"","overlay-color":"","overlay-gradient":""},"tablet":{"background-color":"var(--ast-global-color-5)","background-image":"","background-repeat":"repeat","background-position":"center center","background-size":"auto","background-attachment":"scroll","background-type":"","background-media":"","overlay-type":"","overlay-color":"","overlay-gradient":""},"mobile":{"background-color":"var(--ast-global-color-5)","background-image":"","background-repeat":"repeat","background-position":"center center","background-size":"auto","background-attachment":"scroll","background-type":"","background-media":"","overlay-type":"","overlay-color":"","overlay-gradient":""}},"footnotes":""},"categories":[18550,612,1442,979],"tags":[53419,37575,53418,1454,18454,53417],"class_list":["post-16997","post","type-post","status-publish","format-standard","hentry","category-carlos-iii-de-madrid","category-ciencias-juridicas-y-derecho","category-derecho-administrativo","category-derecho-y-legislacion-nacionales","tag-angel-llamas-cascon","tag-beltran-de-felipe-miguel","tag-fernando-sequeira-fuentes","tag-luis-aguiar-de-luque","tag-parejo-alfonso-luciano-j","tag-sanchez-cubas-claudia-janeth"],"_links":{"self":[{"href":"https:\/\/www.deberes.net\/tesis\/wp-json\/wp\/v2\/posts\/16997","targetHints":{"allow":["GET"]}}],"collection":[{"href":"https:\/\/www.deberes.net\/tesis\/wp-json\/wp\/v2\/posts"}],"about":[{"href":"https:\/\/www.deberes.net\/tesis\/wp-json\/wp\/v2\/types\/post"}],"author":[{"embeddable":true,"href":"https:\/\/www.deberes.net\/tesis\/wp-json\/wp\/v2\/users\/1"}],"replies":[{"embeddable":true,"href":"https:\/\/www.deberes.net\/tesis\/wp-json\/wp\/v2\/comments?post=16997"}],"version-history":[{"count":0,"href":"https:\/\/www.deberes.net\/tesis\/wp-json\/wp\/v2\/posts\/16997\/revisions"}],"wp:attachment":[{"href":"https:\/\/www.deberes.net\/tesis\/wp-json\/wp\/v2\/media?parent=16997"}],"wp:term":[{"taxonomy":"category","embeddable":true,"href":"https:\/\/www.deberes.net\/tesis\/wp-json\/wp\/v2\/categories?post=16997"},{"taxonomy":"post_tag","embeddable":true,"href":"https:\/\/www.deberes.net\/tesis\/wp-json\/wp\/v2\/tags?post=16997"}],"curies":[{"name":"wp","href":"https:\/\/api.w.org\/{rel}","templated":true}]}}