{"id":17027,"date":"2018-03-09T09:04:54","date_gmt":"2018-03-09T09:04:54","guid":{"rendered":"https:\/\/www.deberes.net\/tesis\/sin-categoria\/edicion-cra%c2%adtica-del-libro-de-las-buenas-andana%c2%a7as-e-fortunas-que-fizo-lope-gara%c2%a7a%c2%ada-de-salazar-ta%c2%adtulos-de-los-libros-xiii-xviii-xx-xxi-xxiv-y-xxv\/"},"modified":"2018-03-09T09:04:54","modified_gmt":"2018-03-09T09:04:54","slug":"edicion-cra%c2%adtica-del-libro-de-las-buenas-andana%c2%a7as-e-fortunas-que-fizo-lope-gara%c2%a7a%c2%ada-de-salazar-ta%c2%adtulos-de-los-libros-xiii-xviii-xx-xxi-xxiv-y-xxv","status":"publish","type":"post","link":"https:\/\/www.deberes.net\/tesis\/linguistica\/edicion-cra%c2%adtica-del-libro-de-las-buenas-andana%c2%a7as-e-fortunas-que-fizo-lope-gara%c2%a7a%c2%ada-de-salazar-ta%c2%adtulos-de-los-libros-xiii-xviii-xx-xxi-xxiv-y-xxv\/","title":{"rendered":"Edici\u00f3n cr\u00edtica del libro de las buenas andan\u00c1\u00a7as e fortunas que fizo lope gar\u00c1\u00a7\u00edade salazar (t\u00edtulos de los libros xiii, xviii, xx, xxi, xxiv y xxv)"},"content":{"rendered":"<h2>Tesis doctoral de <strong> M. Consuelo Villacorta Macho <\/strong><\/h2>\n<p>Reconstrucci\u00f3n textual, teniendo en cuenta aspectos ling\u00ed\u00bc\u00edsticos, literarios e hist\u00f3ricos, y fijaci\u00f3n de la tradici\u00f3n manuscrita, a partir de la comparaci\u00f3n de los cuarenta y tres testimonios localizados, de un corpus seleccionado del libro de las buenas andan\u00ed\u00a7as e fortunas que fizo lope gar\u00ed\u00a7\u00eda de salazar, cr\u00f3nica del siglo xv escrita por el banderizo vizca\u00edno lope garc\u00eda de salazar.<\/p>\n<p>&nbsp;<\/p>\n<h3>Datos acad\u00e9micos de la tesis doctoral \u00ab<strong>Edici\u00f3n cr\u00edtica del libro de las buenas andan\u00c1\u00a7as e fortunas que fizo lope gar\u00c1\u00a7\u00edade salazar (t\u00edtulos de los libros xiii, xviii, xx, xxi, xxiv y xxv)<\/strong>\u00ab<\/h3>\n<ul>\n<li><strong>T\u00edtulo de la tesis:<\/strong>\u00a0 Edici\u00f3n cr\u00edtica del libro de las buenas andan\u00c1\u00a7as e fortunas que fizo lope gar\u00c1\u00a7\u00edade salazar (t\u00edtulos de los libros xiii, xviii, xx, xxi, xxiv y xxv) <\/li>\n<li><strong>Autor:<\/strong>\u00a0 M. Consuelo Villacorta Macho <\/li>\n<li><strong>Universidad:<\/strong>\u00a0 Pa\u00eds vasco\/euskal herriko unibertsitatea<\/li>\n<li><strong>Fecha de lectura de la tesis:<\/strong>\u00a0 24\/05\/2002<\/li>\n<\/ul>\n<p>&nbsp;<\/p>\n<h3>Direcci\u00f3n y tribunal<\/h3>\n<ul>\n<li><strong>Director de la tesis<\/strong>\n<ul>\n<li>Angeles Libano Zumalacarregui<\/li>\n<\/ul>\n<\/li>\n<li><strong>Tribunal<\/strong>\n<ul>\n<li>Presidente del tribunal: Jos\u00e9 Antonio Pascual rodr\u00edguez <\/li>\n<li>rosa Navarro dur\u00e1n (vocal)<\/li>\n<li>Juan Gutierrez cuadrado (vocal)<\/li>\n<li>Jos\u00e9 Manuel Luc\u00eda meg\u00edas (vocal)<\/li>\n<\/ul>\n<\/li>\n<\/ul>\n<p>&nbsp;<\/p>\n","protected":false},"excerpt":{"rendered":"<p>Tesis doctoral de M. Consuelo Villacorta Macho Reconstrucci\u00f3n textual, teniendo en cuenta aspectos ling\u00ed\u00bc\u00edsticos, literarios e hist\u00f3ricos, y fijaci\u00f3n de [&hellip;]<\/p>\n","protected":false},"author":1,"featured_media":0,"comment_status":"open","ping_status":"open","sticky":false,"template":"","format":"standard","meta":{"site-sidebar-layout":"default","site-content-layout":"","ast-site-content-layout":"","site-content-style":"default","site-sidebar-style":"default","ast-global-header-display":"","ast-banner-title-visibility":"","ast-main-header-display":"","ast-hfb-above-header-display":"","ast-hfb-below-header-display":"","ast-hfb-mobile-header-display":"","site-post-title":"","ast-breadcrumbs-content":"","ast-featured-img":"","footer-sml-layout":"","theme-transparent-header-meta":"","adv-header-id-meta":"","stick-header-meta":"","header-above-stick-meta":"","header-main-stick-meta":"","header-below-stick-meta":"","astra-migrate-meta-layouts":"default","ast-page-background-enabled":"default","ast-page-background-meta":{"desktop":{"background-color":"var(--ast-global-color-4)","background-image":"","background-repeat":"repeat","background-position":"center center","background-size":"auto","background-attachment":"scroll","background-type":"","background-media":"","overlay-type":"","overlay-color":"","overlay-gradient":""},"tablet":{"background-color":"","background-image":"","background-repeat":"repeat","background-position":"center center","background-size":"auto","background-attachment":"scroll","background-type":"","background-media":"","overlay-type":"","overlay-color":"","overlay-gradient":""},"mobile":{"background-color":"","background-image":"","background-repeat":"repeat","background-position":"center center","background-size":"auto","background-attachment":"scroll","background-type":"","background-media":"","overlay-type":"","overlay-color":"","overlay-gradient":""}},"ast-content-background-meta":{"desktop":{"background-color":"var(--ast-global-color-5)","background-image":"","background-repeat":"repeat","background-position":"center center","background-size":"auto","background-attachment":"scroll","background-type":"","background-media":"","overlay-type":"","overlay-color":"","overlay-gradient":""},"tablet":{"background-color":"var(--ast-global-color-5)","background-image":"","background-repeat":"repeat","background-position":"center center","background-size":"auto","background-attachment":"scroll","background-type":"","background-media":"","overlay-type":"","overlay-color":"","overlay-gradient":""},"mobile":{"background-color":"var(--ast-global-color-5)","background-image":"","background-repeat":"repeat","background-position":"center center","background-size":"auto","background-attachment":"scroll","background-type":"","background-media":"","overlay-type":"","overlay-color":"","overlay-gradient":""}},"footnotes":""},"categories":[147,149,104,119,220,636,59,60,423,590,12909,628],"tags":[53501,4454,43105,5102,53500,1362],"class_list":["post-17027","post","type-post","status-publish","format-standard","hentry","category-ciencias-de-las-artes-y-las-letras","category-critica-de-textos","category-historia","category-historia-medieval","category-historia-por-epocas","category-lengua-y-literatura","category-linguistica","category-linguistica-aplicada","category-linguistica-diacronica","category-linguistica-historica","category-pais-vasco-euskal-herriko-unibertsitatea","category-teoria-analisis-y-critica-literarios","tag-angeles-libano-zumalacarregui","tag-jose-antonio-pascual-rodriguez","tag-jose-manuel-lucia-megias","tag-juan-gutierrez-cuadrado","tag-m-consuelo-villacorta-macho","tag-rosa-navarro-duran"],"_links":{"self":[{"href":"https:\/\/www.deberes.net\/tesis\/wp-json\/wp\/v2\/posts\/17027","targetHints":{"allow":["GET"]}}],"collection":[{"href":"https:\/\/www.deberes.net\/tesis\/wp-json\/wp\/v2\/posts"}],"about":[{"href":"https:\/\/www.deberes.net\/tesis\/wp-json\/wp\/v2\/types\/post"}],"author":[{"embeddable":true,"href":"https:\/\/www.deberes.net\/tesis\/wp-json\/wp\/v2\/users\/1"}],"replies":[{"embeddable":true,"href":"https:\/\/www.deberes.net\/tesis\/wp-json\/wp\/v2\/comments?post=17027"}],"version-history":[{"count":0,"href":"https:\/\/www.deberes.net\/tesis\/wp-json\/wp\/v2\/posts\/17027\/revisions"}],"wp:attachment":[{"href":"https:\/\/www.deberes.net\/tesis\/wp-json\/wp\/v2\/media?parent=17027"}],"wp:term":[{"taxonomy":"category","embeddable":true,"href":"https:\/\/www.deberes.net\/tesis\/wp-json\/wp\/v2\/categories?post=17027"},{"taxonomy":"post_tag","embeddable":true,"href":"https:\/\/www.deberes.net\/tesis\/wp-json\/wp\/v2\/tags?post=17027"}],"curies":[{"name":"wp","href":"https:\/\/api.w.org\/{rel}","templated":true}]}}