{"id":17039,"date":"2018-03-09T09:04:55","date_gmt":"2018-03-09T09:04:55","guid":{"rendered":"https:\/\/www.deberes.net\/tesis\/sin-categoria\/diseno-de-osciladores-integrados-para-aplicaciones-de-radiofrecuencia-en-tecnologa%c2%adas-basadas-en-silicio\/"},"modified":"2018-03-09T09:04:55","modified_gmt":"2018-03-09T09:04:55","slug":"diseno-de-osciladores-integrados-para-aplicaciones-de-radiofrecuencia-en-tecnologa%c2%adas-basadas-en-silicio","status":"publish","type":"post","link":"https:\/\/www.deberes.net\/tesis\/ciencias-tecnologicas\/diseno-de-osciladores-integrados-para-aplicaciones-de-radiofrecuencia-en-tecnologa%c2%adas-basadas-en-silicio\/","title":{"rendered":"Dise\u00f1o de osciladores integrados para aplicaciones de radiofrecuencia en tecnolog\u00edas basadas en silicio"},"content":{"rendered":"<h2>Tesis doctoral de <strong> Javier Hern\u00e1ndez De Miguel <\/strong><\/h2>\n<p>El crecimiento exponencial que ha experimentado el mercado de las comunicaciones, en especial en el mercado masivo al normalizar su uso diario, ha provocado un desarrollo igualmente acelerado de las tecnolog\u00edas de fabricaci\u00f3n de circuitos integrados. La aparici\u00f3n de nuevas aplicaciones, dado el colapso existente en el espectro radioel\u00e9ctrico, ha exigido la ubicaci\u00f3n de bandas cada vez m\u00e1s superiores, entrando en frecuencias hasta hace poco reservadas para ciertas aplicaciones y tecnolog\u00edas.  con estos precedentes est\u00e1 claro que el principal objetivo de los desarrollados actuales de nuevos circuitos integrados es fusionar ambas tendencias, es decir, la de abaratar costes de cara a introducirse en un mercado masivo, y la de alcanzar frecuencias superiores.  es por esta raz\u00f3n que recientemente una gran parte de la labor investigadora de los nuevos dise\u00f1os se centra en conseguir circuitos de radiofrecuencia, capaces de funcionar en bandas de aplicaciones masivas como gsm, gps, etc, &#8230;, Utilizando tecnolog\u00edas y procesos de fabricaci\u00f3n baratos, como la tecnolog\u00eda cmos. Surge as\u00ed una nueva tendencia de dise\u00f1o que se denomina rf cmos.  uno de los elementos claves, presente en la mayor\u00eda de las aplicaciones de radiofrecuencia, son los osciladores. Estos dispositivos son la pieza fundamental en la traslaci\u00f3n frecuencial de una se\u00f1al de radiofrecuencia a bandas inferiores, donde se facilita su tratamiento. Generalmente, y debido a las exigencias de pureza espectral que se requieren en los est\u00e1ndares actuales de comunicaci\u00f3n, este tipo de dispositivos integrados suelen utilizar diversos componentes discretos externos al circuito integrado. Estos incrementa el coste del sistema y dificulta la labor de ensamblaje.  este trabajo de investigaci\u00f3n se centra en analizar la viabilidad y funcionamiento de osciladores para radiofrecuencia fabriacados con tecnolog\u00edas basadas en silicio, intentando integrar el m\u00e1ximo n\u00famero de compone<\/p>\n<p>&nbsp;<\/p>\n<h3>Datos acad\u00e9micos de la tesis doctoral \u00ab<strong>Dise\u00f1o de osciladores integrados para aplicaciones de radiofrecuencia en tecnolog\u00edas basadas en silicio<\/strong>\u00ab<\/h3>\n<ul>\n<li><strong>T\u00edtulo de la tesis:<\/strong>\u00a0 Dise\u00f1o de osciladores integrados para aplicaciones de radiofrecuencia en tecnolog\u00edas basadas en silicio <\/li>\n<li><strong>Autor:<\/strong>\u00a0 Javier Hern\u00e1ndez De Miguel <\/li>\n<li><strong>Universidad:<\/strong>\u00a0 Navarra<\/li>\n<li><strong>Fecha de lectura de la tesis:<\/strong>\u00a0 24\/05\/2002<\/li>\n<\/ul>\n<p>&nbsp;<\/p>\n<h3>Direcci\u00f3n y tribunal<\/h3>\n<ul>\n<li><strong>Director de la tesis<\/strong>\n<ul>\n<li>Andres Garcia Alonso Montoya<\/li>\n<\/ul>\n<\/li>\n<li><strong>Tribunal<\/strong>\n<ul>\n<li>Presidente del tribunal: manuel Fuentes p\u00e9rez <\/li>\n<li>kurt Garbrecht (vocal)<\/li>\n<li>Antonio N\u00fa\u00f1ez ordo\u00f1ez (vocal)<\/li>\n<li> De no lengaran joaqu\u00edn (vocal)<\/li>\n<\/ul>\n<\/li>\n<\/ul>\n<p>&nbsp;<\/p>\n","protected":false},"excerpt":{"rendered":"<p>Tesis doctoral de Javier Hern\u00e1ndez De Miguel El crecimiento exponencial que ha experimentado el mercado de las comunicaciones, en especial [&hellip;]<\/p>\n","protected":false},"author":1,"featured_media":0,"comment_status":"open","ping_status":"open","sticky":false,"template":"","format":"standard","meta":{"site-sidebar-layout":"default","site-content-layout":"","ast-site-content-layout":"","site-content-style":"default","site-sidebar-style":"default","ast-global-header-display":"","ast-banner-title-visibility":"","ast-main-header-display":"","ast-hfb-above-header-display":"","ast-hfb-below-header-display":"","ast-hfb-mobile-header-display":"","site-post-title":"","ast-breadcrumbs-content":"","ast-featured-img":"","footer-sml-layout":"","theme-transparent-header-meta":"","adv-header-id-meta":"","stick-header-meta":"","header-above-stick-meta":"","header-main-stick-meta":"","header-below-stick-meta":"","astra-migrate-meta-layouts":"default","ast-page-background-enabled":"default","ast-page-background-meta":{"desktop":{"background-color":"var(--ast-global-color-4)","background-image":"","background-repeat":"repeat","background-position":"center center","background-size":"auto","background-attachment":"scroll","background-type":"","background-media":"","overlay-type":"","overlay-color":"","overlay-gradient":""},"tablet":{"background-color":"","background-image":"","background-repeat":"repeat","background-position":"center center","background-size":"auto","background-attachment":"scroll","background-type":"","background-media":"","overlay-type":"","overlay-color":"","overlay-gradient":""},"mobile":{"background-color":"","background-image":"","background-repeat":"repeat","background-position":"center center","background-size":"auto","background-attachment":"scroll","background-type":"","background-media":"","overlay-type":"","overlay-color":"","overlay-gradient":""}},"ast-content-background-meta":{"desktop":{"background-color":"var(--ast-global-color-5)","background-image":"","background-repeat":"repeat","background-position":"center center","background-size":"auto","background-attachment":"scroll","background-type":"","background-media":"","overlay-type":"","overlay-color":"","overlay-gradient":""},"tablet":{"background-color":"var(--ast-global-color-5)","background-image":"","background-repeat":"repeat","background-position":"center center","background-size":"auto","background-attachment":"scroll","background-type":"","background-media":"","overlay-type":"","overlay-color":"","overlay-gradient":""},"mobile":{"background-color":"var(--ast-global-color-5)","background-image":"","background-repeat":"repeat","background-position":"center center","background-size":"auto","background-attachment":"scroll","background-type":"","background-media":"","overlay-type":"","overlay-color":"","overlay-gradient":""}},"footnotes":""},"categories":[332,9195,3705,17749,3706],"tags":[48766,15947,53541,53539,53540,17940],"class_list":["post-17039","post","type-post","status-publish","format-standard","hentry","category-ciencias-tecnologicas","category-diseno-de-circuitos","category-dispositivos-semiconductores","category-navarra","category-tecnologia-electronica","tag-andres-garcia-alonso-montoya","tag-antonio-nunez-ordonez","tag-de-no-lengaran-joaquin","tag-javier-hernandez-de-miguel","tag-kurt-garbrecht","tag-manuel-fuentes-perez"],"_links":{"self":[{"href":"https:\/\/www.deberes.net\/tesis\/wp-json\/wp\/v2\/posts\/17039","targetHints":{"allow":["GET"]}}],"collection":[{"href":"https:\/\/www.deberes.net\/tesis\/wp-json\/wp\/v2\/posts"}],"about":[{"href":"https:\/\/www.deberes.net\/tesis\/wp-json\/wp\/v2\/types\/post"}],"author":[{"embeddable":true,"href":"https:\/\/www.deberes.net\/tesis\/wp-json\/wp\/v2\/users\/1"}],"replies":[{"embeddable":true,"href":"https:\/\/www.deberes.net\/tesis\/wp-json\/wp\/v2\/comments?post=17039"}],"version-history":[{"count":0,"href":"https:\/\/www.deberes.net\/tesis\/wp-json\/wp\/v2\/posts\/17039\/revisions"}],"wp:attachment":[{"href":"https:\/\/www.deberes.net\/tesis\/wp-json\/wp\/v2\/media?parent=17039"}],"wp:term":[{"taxonomy":"category","embeddable":true,"href":"https:\/\/www.deberes.net\/tesis\/wp-json\/wp\/v2\/categories?post=17039"},{"taxonomy":"post_tag","embeddable":true,"href":"https:\/\/www.deberes.net\/tesis\/wp-json\/wp\/v2\/tags?post=17039"}],"curies":[{"name":"wp","href":"https:\/\/api.w.org\/{rel}","templated":true}]}}