{"id":17049,"date":"2018-03-09T09:04:57","date_gmt":"2018-03-09T09:04:57","guid":{"rendered":"https:\/\/www.deberes.net\/tesis\/sin-categoria\/usos-desviados-de-los-tiempos-verbales-en-espanol\/"},"modified":"2018-03-09T09:04:57","modified_gmt":"2018-03-09T09:04:57","slug":"usos-desviados-de-los-tiempos-verbales-en-espanol","status":"publish","type":"post","link":"https:\/\/www.deberes.net\/tesis\/linguistica\/usos-desviados-de-los-tiempos-verbales-en-espanol\/","title":{"rendered":"Usos desviados de los tiempos verbales en espa\u00f1ol"},"content":{"rendered":"<h2>Tesis doctoral de <strong> Santiago P\u00e9rez Fern\u00e1ndez <\/strong><\/h2>\n<p>El verbo, como el resto de las categor\u00edas, pemite al hablante transmitir gran cantidad de matices sem\u00e1nticos relacionados con sus rasgos esenciales y con aquellos que aportan el contexto ling\u00ed\u00bc\u00edstico y la situaci\u00f3n comunicativa. en consecuencia, el que crea el mensaje puede usar las formas verbales con su valor propio o primario conforme a los rasgos que sus morfemas les confieren en el sistema o bien puede alterar intencionadamente alguno de sus rasgos morfol\u00f3gicos propios para infundir un matiz especial al enunciado transmitiendo matices relacionados con su actitud personal como emisor o con la reacci\u00f3n que espera de su interlocutor en el acto comunicativo; en este caso aparecen los usos que hemos llamado secundarios o sintagm\u00e1ticos, diferenciando en ellos los desviados y los dislocados.  los primeros son much\u00edsimo m\u00e1s frecuentes y responden a principios diversos que van desde una simple estrategia comunicativa utilizada por el emisor para conseguir unos fines determinados hasta las interrelaciones que se establecen entre todas las unidades l\u00e9xicas presentes en el enunciado, dependiendo, a veces, de la propia estructura oracional. Se trata de usar una forma verbal por otra con la que presenta una total alternancia para marcar el contenido del mensaje con matices particulares como: cortes\u00eda, modestia, iron\u00eda, reproche, fuente indirecta de informaci\u00f3n, deseo, incertidumbre o convencimiento firme de que algo puede suceder, mayor viveza en el relato de acontecimientos, etc., Etc.  los usos dislocados evidencian una ruptura de las relaciones morfosint\u00e1cticas entre las diferentes formas verbales que aparecen en el mensaje y tambi\u00e9n pueden responder a factores diversos relacionados con el desconocimiento de tales relaciones por parte de los hablantes, con un cierto descuido en la emisi\u00f3n oral y conversacional o con el uso intencionado para conseguir determinados fines en el acto comunicativo.  tanto unos como otros se dan pr<\/p>\n<p>&nbsp;<\/p>\n<h3>Datos acad\u00e9micos de la tesis doctoral \u00ab<strong>Usos desviados de los tiempos verbales en espa\u00f1ol<\/strong>\u00ab<\/h3>\n<ul>\n<li><strong>T\u00edtulo de la tesis:<\/strong>\u00a0 Usos desviados de los tiempos verbales en espa\u00f1ol <\/li>\n<li><strong>Autor:<\/strong>\u00a0 Santiago P\u00e9rez Fern\u00e1ndez <\/li>\n<li><strong>Universidad:<\/strong>\u00a0 Le\u00f3n<\/li>\n<li><strong>Fecha de lectura de la tesis:<\/strong>\u00a0 25\/05\/2002<\/li>\n<\/ul>\n<p>&nbsp;<\/p>\n<h3>Direcci\u00f3n y tribunal<\/h3>\n<ul>\n<li><strong>Director de la tesis<\/strong>\n<ul>\n<li>Bonifacio Rodr\u00edguez D\u00edez<\/li>\n<\/ul>\n<\/li>\n<li><strong>Tribunal<\/strong>\n<ul>\n<li>Presidente del tribunal: julio c\u00e9sar Santoyo mediavilla <\/li>\n<li>Emilio Montero cartelle (vocal)<\/li>\n<li>salvador Guti\u00e9rrez ord\u00f3\u00f1ez (vocal)<\/li>\n<li>alejandro Veiga rodr\u00edguez (vocal)<\/li>\n<\/ul>\n<\/li>\n<\/ul>\n<p>&nbsp;<\/p>\n","protected":false},"excerpt":{"rendered":"<p>Tesis doctoral de Santiago P\u00e9rez Fern\u00e1ndez El verbo, como el resto de las categor\u00edas, pemite al hablante transmitir gran cantidad [&hellip;]<\/p>\n","protected":false},"author":1,"featured_media":0,"comment_status":"open","ping_status":"open","sticky":false,"template":"","format":"standard","meta":{"site-sidebar-layout":"default","site-content-layout":"","ast-site-content-layout":"","site-content-style":"default","site-sidebar-style":"default","ast-global-header-display":"","ast-banner-title-visibility":"","ast-main-header-display":"","ast-hfb-above-header-display":"","ast-hfb-below-header-display":"","ast-hfb-mobile-header-display":"","site-post-title":"","ast-breadcrumbs-content":"","ast-featured-img":"","footer-sml-layout":"","theme-transparent-header-meta":"","adv-header-id-meta":"","stick-header-meta":"","header-above-stick-meta":"","header-main-stick-meta":"","header-below-stick-meta":"","astra-migrate-meta-layouts":"default","ast-page-background-enabled":"default","ast-page-background-meta":{"desktop":{"background-color":"var(--ast-global-color-4)","background-image":"","background-repeat":"repeat","background-position":"center center","background-size":"auto","background-attachment":"scroll","background-type":"","background-media":"","overlay-type":"","overlay-color":"","overlay-gradient":""},"tablet":{"background-color":"","background-image":"","background-repeat":"repeat","background-position":"center center","background-size":"auto","background-attachment":"scroll","background-type":"","background-media":"","overlay-type":"","overlay-color":"","overlay-gradient":""},"mobile":{"background-color":"","background-image":"","background-repeat":"repeat","background-position":"center center","background-size":"auto","background-attachment":"scroll","background-type":"","background-media":"","overlay-type":"","overlay-color":"","overlay-gradient":""}},"ast-content-background-meta":{"desktop":{"background-color":"var(--ast-global-color-5)","background-image":"","background-repeat":"repeat","background-position":"center center","background-size":"auto","background-attachment":"scroll","background-type":"","background-media":"","overlay-type":"","overlay-color":"","overlay-gradient":""},"tablet":{"background-color":"var(--ast-global-color-5)","background-image":"","background-repeat":"repeat","background-position":"center center","background-size":"auto","background-attachment":"scroll","background-type":"","background-media":"","overlay-type":"","overlay-color":"","overlay-gradient":""},"mobile":{"background-color":"var(--ast-global-color-5)","background-image":"","background-repeat":"repeat","background-position":"center center","background-size":"auto","background-attachment":"scroll","background-type":"","background-media":"","overlay-type":"","overlay-color":"","overlay-gradient":""}},"footnotes":""},"categories":[4430,59,62,886,409],"tags":[53566,21060,7908,22492,3018,53565],"class_list":["post-17049","post","type-post","status-publish","format-standard","hentry","category-leon","category-linguistica","category-linguistica-sincronica","category-semantica","category-sintaxis-y-analisis-sintactico","tag-alejandro-veiga-rodriguez","tag-bonifacio-rodriguez-diez","tag-emilio-montero-cartelle","tag-julio-cesar-santoyo-mediavilla","tag-salvador-gutierrez-ordonez","tag-santiago-perez-fernandez"],"_links":{"self":[{"href":"https:\/\/www.deberes.net\/tesis\/wp-json\/wp\/v2\/posts\/17049","targetHints":{"allow":["GET"]}}],"collection":[{"href":"https:\/\/www.deberes.net\/tesis\/wp-json\/wp\/v2\/posts"}],"about":[{"href":"https:\/\/www.deberes.net\/tesis\/wp-json\/wp\/v2\/types\/post"}],"author":[{"embeddable":true,"href":"https:\/\/www.deberes.net\/tesis\/wp-json\/wp\/v2\/users\/1"}],"replies":[{"embeddable":true,"href":"https:\/\/www.deberes.net\/tesis\/wp-json\/wp\/v2\/comments?post=17049"}],"version-history":[{"count":0,"href":"https:\/\/www.deberes.net\/tesis\/wp-json\/wp\/v2\/posts\/17049\/revisions"}],"wp:attachment":[{"href":"https:\/\/www.deberes.net\/tesis\/wp-json\/wp\/v2\/media?parent=17049"}],"wp:term":[{"taxonomy":"category","embeddable":true,"href":"https:\/\/www.deberes.net\/tesis\/wp-json\/wp\/v2\/categories?post=17049"},{"taxonomy":"post_tag","embeddable":true,"href":"https:\/\/www.deberes.net\/tesis\/wp-json\/wp\/v2\/tags?post=17049"}],"curies":[{"name":"wp","href":"https:\/\/api.w.org\/{rel}","templated":true}]}}