{"id":17067,"date":"2018-03-09T09:04:58","date_gmt":"2018-03-09T09:04:58","guid":{"rendered":"https:\/\/www.deberes.net\/tesis\/sin-categoria\/los-escenarios-domesticos-del-ceremonial-corte-sano-la-casa-de-isabel-la-catolica\/"},"modified":"2018-03-09T09:04:58","modified_gmt":"2018-03-09T09:04:58","slug":"los-escenarios-domesticos-del-ceremonial-corte-sano-la-casa-de-isabel-la-catolica","status":"publish","type":"post","link":"https:\/\/www.deberes.net\/tesis\/historia\/los-escenarios-domesticos-del-ceremonial-corte-sano-la-casa-de-isabel-la-catolica\/","title":{"rendered":"Los escenarios dom\u00e9sticos del ceremonial corte-sano. la casa de isabel la cat\u00f3lica"},"content":{"rendered":"<h2>Tesis doctoral de <strong> Mar\u00eda  Del Cristo Gonzalez Marrero <\/strong><\/h2>\n<p>Esta tesis analiza muy variados aspectos de la vida cotidiana en la casa real castellana entre finales del siglo xv y principios del xvi. La autora se centra, en primer lugar, en los oficiales dom\u00e9sticos, sus procedencias, cometidos y salarios. Habla seguidamente de los \u00abescenarios dom\u00e9sticos\u00bb, prestando espeicla atenci\u00f3n al mobiliario, el menaje y el ajuar. Por \u00fatlimo, el guardarropa real y los cortesanos son, asi mismo, objeto de rigurosa investigaci\u00f3n.  junto a los aspectos materiales se desvelan tambi\u00e9n otros temas muy interesantes, referidos a costumbres, gustos y mentalidades. Se subraya el significado y valor de cada acto y cada objeto como creadores de prestigio y poder para la corona, es decir, como elementos de propaganda pol\u00edticas.  las fuentes, muy amplias y de gran riqueza, han sido muy eficazmente conjutados con un elenco bibliogr\u00e1fico acertado y muy completo.<\/p>\n<p>&nbsp;<\/p>\n<h3>Datos acad\u00e9micos de la tesis doctoral \u00ab<strong>Los escenarios dom\u00e9sticos del ceremonial corte-sano. la casa de isabel la cat\u00f3lica<\/strong>\u00ab<\/h3>\n<ul>\n<li><strong>T\u00edtulo de la tesis:<\/strong>\u00a0 Los escenarios dom\u00e9sticos del ceremonial corte-sano. la casa de isabel la cat\u00f3lica <\/li>\n<li><strong>Autor:<\/strong>\u00a0 Mar\u00eda  Del Cristo Gonzalez Marrero <\/li>\n<li><strong>Universidad:<\/strong>\u00a0 La laguna<\/li>\n<li><strong>Fecha de lectura de la tesis:<\/strong>\u00a0 27\/05\/2002<\/li>\n<\/ul>\n<p>&nbsp;<\/p>\n<h3>Direcci\u00f3n y tribunal<\/h3>\n<ul>\n<li><strong>Director de la tesis<\/strong>\n<ul>\n<li>Eduardo Aznar Vallejo<\/li>\n<\/ul>\n<\/li>\n<li><strong>Tribunal<\/strong>\n<ul>\n<li>Presidente del tribunal: Miguel \u00e1ngel Ladero quesada <\/li>\n<li>Mar\u00eda Mart\u00ednez mart\u00ednez (vocal)<\/li>\n<li>Jos\u00e9 S\u00e1nchez herrero (vocal)<\/li>\n<li>dolores Serrano niza (vocal)<\/li>\n<\/ul>\n<\/li>\n<\/ul>\n<p>&nbsp;<\/p>\n","protected":false},"excerpt":{"rendered":"<p>Tesis doctoral de Mar\u00eda Del Cristo Gonzalez Marrero Esta tesis analiza muy variados aspectos de la vida cotidiana en la [&hellip;]<\/p>\n","protected":false},"author":1,"featured_media":0,"comment_status":"open","ping_status":"open","sticky":false,"template":"","format":"standard","meta":{"site-sidebar-layout":"default","site-content-layout":"","ast-site-content-layout":"","site-content-style":"default","site-sidebar-style":"default","ast-global-header-display":"","ast-banner-title-visibility":"","ast-main-header-display":"","ast-hfb-above-header-display":"","ast-hfb-below-header-display":"","ast-hfb-mobile-header-display":"","site-post-title":"","ast-breadcrumbs-content":"","ast-featured-img":"","footer-sml-layout":"","theme-transparent-header-meta":"","adv-header-id-meta":"","stick-header-meta":"","header-above-stick-meta":"","header-main-stick-meta":"","header-below-stick-meta":"","astra-migrate-meta-layouts":"default","ast-page-background-enabled":"default","ast-page-background-meta":{"desktop":{"background-color":"var(--ast-global-color-4)","background-image":"","background-repeat":"repeat","background-position":"center center","background-size":"auto","background-attachment":"scroll","background-type":"","background-media":"","overlay-type":"","overlay-color":"","overlay-gradient":""},"tablet":{"background-color":"","background-image":"","background-repeat":"repeat","background-position":"center center","background-size":"auto","background-attachment":"scroll","background-type":"","background-media":"","overlay-type":"","overlay-color":"","overlay-gradient":""},"mobile":{"background-color":"","background-image":"","background-repeat":"repeat","background-position":"center center","background-size":"auto","background-attachment":"scroll","background-type":"","background-media":"","overlay-type":"","overlay-color":"","overlay-gradient":""}},"ast-content-background-meta":{"desktop":{"background-color":"var(--ast-global-color-5)","background-image":"","background-repeat":"repeat","background-position":"center center","background-size":"auto","background-attachment":"scroll","background-type":"","background-media":"","overlay-type":"","overlay-color":"","overlay-gradient":""},"tablet":{"background-color":"var(--ast-global-color-5)","background-image":"","background-repeat":"repeat","background-position":"center center","background-size":"auto","background-attachment":"scroll","background-type":"","background-media":"","overlay-type":"","overlay-color":"","overlay-gradient":""},"mobile":{"background-color":"var(--ast-global-color-5)","background-image":"","background-repeat":"repeat","background-position":"center center","background-size":"auto","background-attachment":"scroll","background-type":"","background-media":"","overlay-type":"","overlay-color":"","overlay-gradient":""}},"footnotes":""},"categories":[104,3538,989,220,222,9915],"tags":[53611,7998,10290,53609,53610,5296],"class_list":["post-17067","post","type-post","status-publish","format-standard","hentry","category-historia","category-historia-de-las-ideas-politicas","category-historia-moderna","category-historia-por-epocas","category-historias-especializadas","category-la-laguna","tag-dolores-serrano-niza","tag-eduardo-aznar-vallejo","tag-jose-sanchez-herrero","tag-maria-del-cristo-gonzalez-marrero","tag-maria-Martinez-Martinez","tag-miguel-angel-ladero-quesada"],"_links":{"self":[{"href":"https:\/\/www.deberes.net\/tesis\/wp-json\/wp\/v2\/posts\/17067","targetHints":{"allow":["GET"]}}],"collection":[{"href":"https:\/\/www.deberes.net\/tesis\/wp-json\/wp\/v2\/posts"}],"about":[{"href":"https:\/\/www.deberes.net\/tesis\/wp-json\/wp\/v2\/types\/post"}],"author":[{"embeddable":true,"href":"https:\/\/www.deberes.net\/tesis\/wp-json\/wp\/v2\/users\/1"}],"replies":[{"embeddable":true,"href":"https:\/\/www.deberes.net\/tesis\/wp-json\/wp\/v2\/comments?post=17067"}],"version-history":[{"count":0,"href":"https:\/\/www.deberes.net\/tesis\/wp-json\/wp\/v2\/posts\/17067\/revisions"}],"wp:attachment":[{"href":"https:\/\/www.deberes.net\/tesis\/wp-json\/wp\/v2\/media?parent=17067"}],"wp:term":[{"taxonomy":"category","embeddable":true,"href":"https:\/\/www.deberes.net\/tesis\/wp-json\/wp\/v2\/categories?post=17067"},{"taxonomy":"post_tag","embeddable":true,"href":"https:\/\/www.deberes.net\/tesis\/wp-json\/wp\/v2\/tags?post=17067"}],"curies":[{"name":"wp","href":"https:\/\/api.w.org\/{rel}","templated":true}]}}