{"id":17084,"date":"2018-03-09T09:05:00","date_gmt":"2018-03-09T09:05:00","guid":{"rendered":"https:\/\/www.deberes.net\/tesis\/sin-categoria\/persona-y-derecho-natural-en-gabriel-vazquez\/"},"modified":"2018-03-09T09:05:00","modified_gmt":"2018-03-09T09:05:00","slug":"persona-y-derecho-natural-en-gabriel-vazquez","status":"publish","type":"post","link":"https:\/\/www.deberes.net\/tesis\/ciencias-juridicas-y-derecho\/persona-y-derecho-natural-en-gabriel-vazquez\/","title":{"rendered":"Persona y derecho natural en gabriel v\u00e1zquez"},"content":{"rendered":"<h2>Tesis doctoral de <strong> Mar\u00eda  Dolores Alfaro Grande <\/strong><\/h2>\n<p>La tesis \u00abpersona y derecho natural en gabriel v\u00e1zquez\u00bb, ha querido abordar la doctrina del autor desde el punto de vista de la fundamentaci\u00f3n, esto es, sentando las bases \u00e9ticas y antropol\u00f3gicas de la conduca jur\u00eddica.  la tesis iusnaturalistas de gabriel v\u00e1zquez permiten contemplar la realidad personal desde una doble perspectiva, abordando tanto el aspecto constitutivo como la dimensi\u00f3n din\u00e1mica de la que se predica toda condici\u00f3n moral y jur\u00eddica. Puesto que la justicia como virtud no supone solamente un acto que redunde en la propia perfecci\u00f3n personal de quien lo ejecuta, sino que ha de perseguir el bien com\u00fan de la comunidad en la que se inserta el individuo, se requerir\u00e1 la intervenci\u00f3n de una autoridad leg\u00edtima que declare lo que en cada caso es conforme a las exigencias de esa comunidad. si bien, las normas de derecho positivo no pueden vulnerar los principios m\u00e1s esenciales de la ley natural, se da al legislador la posibilidad de imponer preceptos cuya fuerza de obligar no se origine en el derecho natural, sino en la prudente voluntad del principe.<\/p>\n<p>&nbsp;<\/p>\n<h3>Datos acad\u00e9micos de la tesis doctoral \u00ab<strong>Persona y derecho natural en gabriel v\u00e1zquez<\/strong>\u00ab<\/h3>\n<ul>\n<li><strong>T\u00edtulo de la tesis:<\/strong>\u00a0 Persona y derecho natural en gabriel v\u00e1zquez <\/li>\n<li><strong>Autor:<\/strong>\u00a0 Mar\u00eda  Dolores Alfaro Grande <\/li>\n<li><strong>Universidad:<\/strong>\u00a0 Complutense de Madrid<\/li>\n<li><strong>Fecha de lectura de la tesis:<\/strong>\u00a0 28\/05\/2002<\/li>\n<\/ul>\n<p>&nbsp;<\/p>\n<h3>Direcci\u00f3n y tribunal<\/h3>\n<ul>\n<li><strong>Director de la tesis<\/strong>\n<ul>\n<li>Angela Sanchez De Vera Torres<\/li>\n<\/ul>\n<\/li>\n<li><strong>Tribunal<\/strong>\n<ul>\n<li>Presidente del tribunal: jose Iturmendi morales <\/li>\n<li>ignacio Sanchez camara (vocal)<\/li>\n<li> Garc\u00eda san Miguel Luis (vocal)<\/li>\n<li>Luis M\u00e9ndez Francisco (vocal)<\/li>\n<\/ul>\n<\/li>\n<\/ul>\n<p>&nbsp;<\/p>\n","protected":false},"excerpt":{"rendered":"<p>Tesis doctoral de Mar\u00eda Dolores Alfaro Grande La tesis \u00abpersona y derecho natural en gabriel v\u00e1zquez\u00bb, ha querido abordar la [&hellip;]<\/p>\n","protected":false},"author":1,"featured_media":0,"comment_status":"open","ping_status":"open","sticky":false,"template":"","format":"standard","meta":{"site-sidebar-layout":"default","site-content-layout":"","ast-site-content-layout":"","site-content-style":"default","site-sidebar-style":"default","ast-global-header-display":"","ast-banner-title-visibility":"","ast-main-header-display":"","ast-hfb-above-header-display":"","ast-hfb-below-header-display":"","ast-hfb-mobile-header-display":"","site-post-title":"","ast-breadcrumbs-content":"","ast-featured-img":"","footer-sml-layout":"","theme-transparent-header-meta":"","adv-header-id-meta":"","stick-header-meta":"","header-above-stick-meta":"","header-main-stick-meta":"","header-below-stick-meta":"","astra-migrate-meta-layouts":"default","ast-page-background-enabled":"default","ast-page-background-meta":{"desktop":{"background-color":"var(--ast-global-color-4)","background-image":"","background-repeat":"repeat","background-position":"center center","background-size":"auto","background-attachment":"scroll","background-type":"","background-media":"","overlay-type":"","overlay-color":"","overlay-gradient":""},"tablet":{"background-color":"","background-image":"","background-repeat":"repeat","background-position":"center center","background-size":"auto","background-attachment":"scroll","background-type":"","background-media":"","overlay-type":"","overlay-color":"","overlay-gradient":""},"mobile":{"background-color":"","background-image":"","background-repeat":"repeat","background-position":"center center","background-size":"auto","background-attachment":"scroll","background-type":"","background-media":"","overlay-type":"","overlay-color":"","overlay-gradient":""}},"ast-content-background-meta":{"desktop":{"background-color":"var(--ast-global-color-5)","background-image":"","background-repeat":"repeat","background-position":"center center","background-size":"auto","background-attachment":"scroll","background-type":"","background-media":"","overlay-type":"","overlay-color":"","overlay-gradient":""},"tablet":{"background-color":"var(--ast-global-color-5)","background-image":"","background-repeat":"repeat","background-position":"center center","background-size":"auto","background-attachment":"scroll","background-type":"","background-media":"","overlay-type":"","overlay-color":"","overlay-gradient":""},"mobile":{"background-color":"var(--ast-global-color-5)","background-image":"","background-repeat":"repeat","background-position":"center center","background-size":"auto","background-attachment":"scroll","background-type":"","background-media":"","overlay-type":"","overlay-color":"","overlay-gradient":""}},"footnotes":""},"categories":[612,3192,3193],"tags":[7135,10355,7162,4854,53660,53659],"class_list":["post-17084","post","type-post","status-publish","format-standard","hentry","category-ciencias-juridicas-y-derecho","category-derecho-natural","category-teoria-y-metodos-generales-del-derecho","tag-angela-sanchez-de-vera-torres","tag-garcia-san-miguel-luis","tag-ignacio-sanchez-camara","tag-jose-iturmendi-morales","tag-luis-mendez-francisco","tag-maria-dolores-alfaro-grande"],"_links":{"self":[{"href":"https:\/\/www.deberes.net\/tesis\/wp-json\/wp\/v2\/posts\/17084","targetHints":{"allow":["GET"]}}],"collection":[{"href":"https:\/\/www.deberes.net\/tesis\/wp-json\/wp\/v2\/posts"}],"about":[{"href":"https:\/\/www.deberes.net\/tesis\/wp-json\/wp\/v2\/types\/post"}],"author":[{"embeddable":true,"href":"https:\/\/www.deberes.net\/tesis\/wp-json\/wp\/v2\/users\/1"}],"replies":[{"embeddable":true,"href":"https:\/\/www.deberes.net\/tesis\/wp-json\/wp\/v2\/comments?post=17084"}],"version-history":[{"count":0,"href":"https:\/\/www.deberes.net\/tesis\/wp-json\/wp\/v2\/posts\/17084\/revisions"}],"wp:attachment":[{"href":"https:\/\/www.deberes.net\/tesis\/wp-json\/wp\/v2\/media?parent=17084"}],"wp:term":[{"taxonomy":"category","embeddable":true,"href":"https:\/\/www.deberes.net\/tesis\/wp-json\/wp\/v2\/categories?post=17084"},{"taxonomy":"post_tag","embeddable":true,"href":"https:\/\/www.deberes.net\/tesis\/wp-json\/wp\/v2\/tags?post=17084"}],"curies":[{"name":"wp","href":"https:\/\/api.w.org\/{rel}","templated":true}]}}