{"id":17085,"date":"2018-03-09T09:05:00","date_gmt":"2018-03-09T09:05:00","guid":{"rendered":"https:\/\/www.deberes.net\/tesis\/sin-categoria\/la-comunidad-de-la-boveda-de-toro-zamora-su-situacion-linga%c2%bca%c2%adstica-actual\/"},"modified":"2018-03-09T09:05:00","modified_gmt":"2018-03-09T09:05:00","slug":"la-comunidad-de-la-boveda-de-toro-zamora-su-situacion-linga%c2%bca%c2%adstica-actual","status":"publish","type":"post","link":"https:\/\/www.deberes.net\/tesis\/linguistica\/la-comunidad-de-la-boveda-de-toro-zamora-su-situacion-linga%c2%bca%c2%adstica-actual\/","title":{"rendered":"La comunidad de la b\u00f3veda de toro (zamora): su situaci\u00f3n lingu\u00edstica actual"},"content":{"rendered":"<h2>Tesis doctoral de <strong>  Garc\u00eda Malmierca M. Victoria <\/strong><\/h2>\n<p>Esta tesis tiene por objeto, estudiar el l\u00e9xico de un peque\u00f1o municipio situado en la parte oriental de zamora.  consta de dos partes diferenciadas:  la primera, es un estudio socioling\u00ed\u00bc\u00edstico del l\u00e9xico en general.  la segunda se centra en el estudio del l\u00e9xico agr\u00edcola.  para la primera parte, se ha hecho una entrevista a venticuatro informantes representativos de las siguientes variables sociales: edad, estudios, sexo y ocupaci\u00f3n. Se ha distinguido entre vocabulario est\u00e1ndar y no est\u00e1ndar, clasific\u00e1ndose este \u00faltimo en regional, vulgar, arcaico o coloquial.  tambi\u00e9n se ha estudiado el \u00edndice de utilizaci\u00f3n de cada vocablo para saber si tiene m\u00e1s o menos arraigo en la comunidad, lo cual ha servido para configurar una norma local.  los datos obtenidos se han sometido a una prueba estad\u00edstica (la prueba de pearson), que nos ha permitido conocer si las diferencias entre los distintos grupos (campos nocionales y variables sociales) y el l\u00e9xico estudiado son significativas o por el contrario se deben al azar.  en la segunda parte se ha estudiado detenidamente el l\u00e9xico agr\u00edcola tradicional y moderno, analizando los cambios que se han producido en \u00e9l al cambiar la realidad social que representa.<\/p>\n<p>&nbsp;<\/p>\n<h3>Datos acad\u00e9micos de la tesis doctoral \u00ab<strong>La comunidad de la b\u00f3veda de toro (zamora): su situaci\u00f3n lingu\u00edstica actual<\/strong>\u00ab<\/h3>\n<ul>\n<li><strong>T\u00edtulo de la tesis:<\/strong>\u00a0 La comunidad de la b\u00f3veda de toro (zamora): su situaci\u00f3n lingu\u00edstica actual <\/li>\n<li><strong>Autor:<\/strong>\u00a0  Garc\u00eda Malmierca M. Victoria <\/li>\n<li><strong>Universidad:<\/strong>\u00a0 Salamanca<\/li>\n<li><strong>Fecha de lectura de la tesis:<\/strong>\u00a0 28\/05\/2002<\/li>\n<\/ul>\n<p>&nbsp;<\/p>\n<h3>Direcci\u00f3n y tribunal<\/h3>\n<ul>\n<li><strong>Director de la tesis<\/strong>\n<ul>\n<li>Julio Borrego Nieto<\/li>\n<\/ul>\n<\/li>\n<li><strong>Tribunal<\/strong>\n<ul>\n<li>Presidente del tribunal: c\u00e9sar Hern\u00e1ndez alonso <\/li>\n<li>Antonio Alvarez tejedor (vocal)<\/li>\n<li>emiliano Fern\u00e1ndez valllina (vocal)<\/li>\n<li>carmen Fern\u00e1ndez juncal (vocal)<\/li>\n<\/ul>\n<\/li>\n<\/ul>\n<p>&nbsp;<\/p>\n","protected":false},"excerpt":{"rendered":"<p>Tesis doctoral de Garc\u00eda Malmierca M. Victoria Esta tesis tiene por objeto, estudiar el l\u00e9xico de un peque\u00f1o municipio situado [&hellip;]<\/p>\n","protected":false},"author":1,"featured_media":0,"comment_status":"open","ping_status":"open","sticky":false,"template":"","format":"standard","meta":{"site-sidebar-layout":"default","site-content-layout":"","ast-site-content-layout":"","site-content-style":"default","site-sidebar-style":"default","ast-global-header-display":"","ast-banner-title-visibility":"","ast-main-header-display":"","ast-hfb-above-header-display":"","ast-hfb-below-header-display":"","ast-hfb-mobile-header-display":"","site-post-title":"","ast-breadcrumbs-content":"","ast-featured-img":"","footer-sml-layout":"","theme-transparent-header-meta":"","adv-header-id-meta":"","stick-header-meta":"","header-above-stick-meta":"","header-main-stick-meta":"","header-below-stick-meta":"","astra-migrate-meta-layouts":"default","ast-page-background-enabled":"default","ast-page-background-meta":{"desktop":{"background-color":"var(--ast-global-color-4)","background-image":"","background-repeat":"repeat","background-position":"center center","background-size":"auto","background-attachment":"scroll","background-type":"","background-media":"","overlay-type":"","overlay-color":"","overlay-gradient":""},"tablet":{"background-color":"","background-image":"","background-repeat":"repeat","background-position":"center center","background-size":"auto","background-attachment":"scroll","background-type":"","background-media":"","overlay-type":"","overlay-color":"","overlay-gradient":""},"mobile":{"background-color":"","background-image":"","background-repeat":"repeat","background-position":"center center","background-size":"auto","background-attachment":"scroll","background-type":"","background-media":"","overlay-type":"","overlay-color":"","overlay-gradient":""}},"ast-content-background-meta":{"desktop":{"background-color":"var(--ast-global-color-5)","background-image":"","background-repeat":"repeat","background-position":"center center","background-size":"auto","background-attachment":"scroll","background-type":"","background-media":"","overlay-type":"","overlay-color":"","overlay-gradient":""},"tablet":{"background-color":"var(--ast-global-color-5)","background-image":"","background-repeat":"repeat","background-position":"center center","background-size":"auto","background-attachment":"scroll","background-type":"","background-media":"","overlay-type":"","overlay-color":"","overlay-gradient":""},"mobile":{"background-color":"var(--ast-global-color-5)","background-image":"","background-repeat":"repeat","background-position":"center center","background-size":"auto","background-attachment":"scroll","background-type":"","background-media":"","overlay-type":"","overlay-color":"","overlay-gradient":""}},"footnotes":""},"categories":[2301,59,12985,62,9386],"tags":[47358,53663,12471,53662,53661,36496],"class_list":["post-17085","post","type-post","status-publish","format-standard","hentry","category-lexicografia","category-linguistica","category-linguistica-geografica","category-linguistica-sincronica","category-salamanca","tag-antonio-alvarez-tejedor","tag-carmen-fernandez-juncal","tag-cesar-hernandez-alonso","tag-emiliano-fernandez-valllina","tag-garcia-malmierca-m-victoria","tag-julio-borrego-nieto"],"_links":{"self":[{"href":"https:\/\/www.deberes.net\/tesis\/wp-json\/wp\/v2\/posts\/17085","targetHints":{"allow":["GET"]}}],"collection":[{"href":"https:\/\/www.deberes.net\/tesis\/wp-json\/wp\/v2\/posts"}],"about":[{"href":"https:\/\/www.deberes.net\/tesis\/wp-json\/wp\/v2\/types\/post"}],"author":[{"embeddable":true,"href":"https:\/\/www.deberes.net\/tesis\/wp-json\/wp\/v2\/users\/1"}],"replies":[{"embeddable":true,"href":"https:\/\/www.deberes.net\/tesis\/wp-json\/wp\/v2\/comments?post=17085"}],"version-history":[{"count":0,"href":"https:\/\/www.deberes.net\/tesis\/wp-json\/wp\/v2\/posts\/17085\/revisions"}],"wp:attachment":[{"href":"https:\/\/www.deberes.net\/tesis\/wp-json\/wp\/v2\/media?parent=17085"}],"wp:term":[{"taxonomy":"category","embeddable":true,"href":"https:\/\/www.deberes.net\/tesis\/wp-json\/wp\/v2\/categories?post=17085"},{"taxonomy":"post_tag","embeddable":true,"href":"https:\/\/www.deberes.net\/tesis\/wp-json\/wp\/v2\/tags?post=17085"}],"curies":[{"name":"wp","href":"https:\/\/api.w.org\/{rel}","templated":true}]}}