{"id":17116,"date":"2018-03-09T09:05:02","date_gmt":"2018-03-09T09:05:02","guid":{"rendered":"https:\/\/www.deberes.net\/tesis\/sin-categoria\/la-direccion-de-centros-y-sus-metaforas-sa%c2%admbolo-accion-y-etica-estudio-de-un-caso\/"},"modified":"2018-03-09T09:05:02","modified_gmt":"2018-03-09T09:05:02","slug":"la-direccion-de-centros-y-sus-metaforas-sa%c2%admbolo-accion-y-etica-estudio-de-un-caso","status":"publish","type":"post","link":"https:\/\/www.deberes.net\/tesis\/pedagogia\/la-direccion-de-centros-y-sus-metaforas-sa%c2%admbolo-accion-y-etica-estudio-de-un-caso\/","title":{"rendered":"La direcci\u00f3n de centros y sus met\u00e1foras: s\u00edmbolo, acci\u00f3n y \u00e9tica. estudio de un caso"},"content":{"rendered":"<h2>Tesis doctoral de <strong> Rosa V\u00e1zquez Recio <\/strong><\/h2>\n<p>Se trata del estudio de la direcci\u00f3n y su pr\u00e1ctica en la vida cotidiana de los centros educativos, utilizando las met\u00e1foras como instrumento de an\u00e1lisis. Son cuatro los grandes temas que se abordan:  a,- el acceso a la funci\u00f3n directiva.  b,- el \u00e1mbito de la acci\u00f3n directiva definido por la confianza, la raz\u00f3n y los sentimientos (con especial atenci\u00f3n de an\u00e1lisis la soledad).  c,- la \u00e9tica en la pr\u00e1ctica directiva y el papel del silencio como instrumento micropol\u00edtico.  d,- la pr\u00e1ctica de la acci\u00f3n directiva en la que se analiza el tiempo y su vivencia en el trabajo de la direcci\u00f3n y las tareas directivas interpretadas y analizadas desde la dimensi\u00f3n pr\u00e1ctica de la acci\u00f3n directiva.  para ello, se ha llevado a cabo una investigaci\u00f3n etnogr\u00e1fica con estudio de un caso en un centro de primaria de la provincia de c\u00e1diz.<\/p>\n<p>&nbsp;<\/p>\n<h3>Datos acad\u00e9micos de la tesis doctoral \u00ab<strong>La direcci\u00f3n de centros y sus met\u00e1foras: s\u00edmbolo, acci\u00f3n y \u00e9tica. estudio de un caso<\/strong>\u00ab<\/h3>\n<ul>\n<li><strong>T\u00edtulo de la tesis:<\/strong>\u00a0 La direcci\u00f3n de centros y sus met\u00e1foras: s\u00edmbolo, acci\u00f3n y \u00e9tica. estudio de un caso <\/li>\n<li><strong>Autor:<\/strong>\u00a0 Rosa V\u00e1zquez Recio <\/li>\n<li><strong>Universidad:<\/strong>\u00a0 C\u00e1diz<\/li>\n<li><strong>Fecha de lectura de la tesis:<\/strong>\u00a0 30\/05\/2002<\/li>\n<\/ul>\n<p>&nbsp;<\/p>\n<h3>Direcci\u00f3n y tribunal<\/h3>\n<ul>\n<li><strong>Director de la tesis<\/strong>\n<ul>\n<li>Jos\u00e9 Felix Angulo Rasco<\/li>\n<\/ul>\n<\/li>\n<li><strong>Tribunal<\/strong>\n<ul>\n<li>Presidente del tribunal: jose Gimeno sacristan <\/li>\n<li>jurjo Torres santome (vocal)<\/li>\n<li>angel P\u00e9rez g\u00f3mez (vocal)<\/li>\n<li>Francisco Beltran llavador (vocal)<\/li>\n<\/ul>\n<\/li>\n<\/ul>\n<p>&nbsp;<\/p>\n","protected":false},"excerpt":{"rendered":"<p>Tesis doctoral de Rosa V\u00e1zquez Recio Se trata del estudio de la direcci\u00f3n y su pr\u00e1ctica en la vida cotidiana [&hellip;]<\/p>\n","protected":false},"author":1,"featured_media":0,"comment_status":"open","ping_status":"open","sticky":false,"template":"","format":"standard","meta":{"site-sidebar-layout":"default","site-content-layout":"","ast-site-content-layout":"","site-content-style":"default","site-sidebar-style":"default","ast-global-header-display":"","ast-banner-title-visibility":"","ast-main-header-display":"","ast-hfb-above-header-display":"","ast-hfb-below-header-display":"","ast-hfb-mobile-header-display":"","site-post-title":"","ast-breadcrumbs-content":"","ast-featured-img":"","footer-sml-layout":"","theme-transparent-header-meta":"","adv-header-id-meta":"","stick-header-meta":"","header-above-stick-meta":"","header-main-stick-meta":"","header-below-stick-meta":"","astra-migrate-meta-layouts":"default","ast-page-background-enabled":"default","ast-page-background-meta":{"desktop":{"background-color":"var(--ast-global-color-4)","background-image":"","background-repeat":"repeat","background-position":"center center","background-size":"auto","background-attachment":"scroll","background-type":"","background-media":"","overlay-type":"","overlay-color":"","overlay-gradient":""},"tablet":{"background-color":"","background-image":"","background-repeat":"repeat","background-position":"center center","background-size":"auto","background-attachment":"scroll","background-type":"","background-media":"","overlay-type":"","overlay-color":"","overlay-gradient":""},"mobile":{"background-color":"","background-image":"","background-repeat":"repeat","background-position":"center center","background-size":"auto","background-attachment":"scroll","background-type":"","background-media":"","overlay-type":"","overlay-color":"","overlay-gradient":""}},"ast-content-background-meta":{"desktop":{"background-color":"var(--ast-global-color-5)","background-image":"","background-repeat":"repeat","background-position":"center center","background-size":"auto","background-attachment":"scroll","background-type":"","background-media":"","overlay-type":"","overlay-color":"","overlay-gradient":""},"tablet":{"background-color":"var(--ast-global-color-5)","background-image":"","background-repeat":"repeat","background-position":"center center","background-size":"auto","background-attachment":"scroll","background-type":"","background-media":"","overlay-type":"","overlay-color":"","overlay-gradient":""},"mobile":{"background-color":"var(--ast-global-color-5)","background-image":"","background-repeat":"repeat","background-position":"center center","background-size":"auto","background-attachment":"scroll","background-type":"","background-media":"","overlay-type":"","overlay-color":"","overlay-gradient":""}},"footnotes":""},"categories":[1506,7611,1184,1141],"tags":[7869,26218,20527,7484,8936,53738],"class_list":["post-17116","post","type-post","status-publish","format-standard","hentry","category-cadiz","category-organizacion-y-direccion-de-las-instituciones-educativas","category-organizacion-y-planificacion-de-la-educacion","category-pedagogia","tag-angel-perez-gomez","tag-francisco-beltran-llavador","tag-jose-felix-angulo-rasco","tag-jose-gimeno-sacristan","tag-jurjo-torres-santome","tag-rosa-vazquez-recio"],"_links":{"self":[{"href":"https:\/\/www.deberes.net\/tesis\/wp-json\/wp\/v2\/posts\/17116","targetHints":{"allow":["GET"]}}],"collection":[{"href":"https:\/\/www.deberes.net\/tesis\/wp-json\/wp\/v2\/posts"}],"about":[{"href":"https:\/\/www.deberes.net\/tesis\/wp-json\/wp\/v2\/types\/post"}],"author":[{"embeddable":true,"href":"https:\/\/www.deberes.net\/tesis\/wp-json\/wp\/v2\/users\/1"}],"replies":[{"embeddable":true,"href":"https:\/\/www.deberes.net\/tesis\/wp-json\/wp\/v2\/comments?post=17116"}],"version-history":[{"count":0,"href":"https:\/\/www.deberes.net\/tesis\/wp-json\/wp\/v2\/posts\/17116\/revisions"}],"wp:attachment":[{"href":"https:\/\/www.deberes.net\/tesis\/wp-json\/wp\/v2\/media?parent=17116"}],"wp:term":[{"taxonomy":"category","embeddable":true,"href":"https:\/\/www.deberes.net\/tesis\/wp-json\/wp\/v2\/categories?post=17116"},{"taxonomy":"post_tag","embeddable":true,"href":"https:\/\/www.deberes.net\/tesis\/wp-json\/wp\/v2\/tags?post=17116"}],"curies":[{"name":"wp","href":"https:\/\/api.w.org\/{rel}","templated":true}]}}