{"id":17128,"date":"2018-03-09T09:05:03","date_gmt":"2018-03-09T09:05:03","guid":{"rendered":"https:\/\/www.deberes.net\/tesis\/sin-categoria\/analisis-de-los-agentes-mediadores-del-webcasting-en-el-proceso-de-integracion-del-va%c2%addeo-streaming-en-internet\/"},"modified":"2018-03-09T09:05:03","modified_gmt":"2018-03-09T09:05:03","slug":"analisis-de-los-agentes-mediadores-del-webcasting-en-el-proceso-de-integracion-del-va%c2%addeo-streaming-en-internet","status":"publish","type":"post","link":"https:\/\/www.deberes.net\/tesis\/historia\/analisis-de-los-agentes-mediadores-del-webcasting-en-el-proceso-de-integracion-del-va%c2%addeo-streaming-en-internet\/","title":{"rendered":"An\u00e1lisis de los agentes mediadores del webcasting en el proceso de integraci\u00f3n del v\u00eddeo streaming en internet"},"content":{"rendered":"<h2>Tesis doctoral de <strong> Adolfo Mu\u00f1oz Garc\u00eda <\/strong><\/h2>\n<p>El objeto de nuestro estudio es el webcasting de v\u00eddeo, una disciplina que engloba el conjunto de procesos de producci\u00f3n y distribuci\u00f3n de audiovisuales que son retransmitidos v\u00eda streaming (fluidamente) por internet. La metodolog\u00eda empleada se basa en el an\u00e1lisis de los agentes t\u00e9cnicos e institucionales que median en toda comunicaci\u00f3n. Estudiamos estas mediaciones agrupadas en tres ep\u00edgrafes t\u00e9cnicos (soporte, veh\u00edculo, red) y tres institucionales (cultura, cuerpo, c\u00f3digo) para valorar c\u00f3mo se est\u00e1 produciendo la inserci\u00f3n del audiovisual en internet, y que perspectiva de futuro tiene el webcasting en el nuevo entorno comunicativo promovido por internet.<\/p>\n<p>&nbsp;<\/p>\n<h3>Datos acad\u00e9micos de la tesis doctoral \u00ab<strong>An\u00e1lisis de los agentes mediadores del webcasting en el proceso de integraci\u00f3n del v\u00eddeo streaming en internet<\/strong>\u00ab<\/h3>\n<ul>\n<li><strong>T\u00edtulo de la tesis:<\/strong>\u00a0 An\u00e1lisis de los agentes mediadores del webcasting en el proceso de integraci\u00f3n del v\u00eddeo streaming en internet <\/li>\n<li><strong>Autor:<\/strong>\u00a0 Adolfo Mu\u00f1oz Garc\u00eda <\/li>\n<li><strong>Universidad:<\/strong>\u00a0 Polit\u00e9cnica de Valencia<\/li>\n<li><strong>Fecha de lectura de la tesis:<\/strong>\u00a0 30\/05\/2002<\/li>\n<\/ul>\n<p>&nbsp;<\/p>\n<h3>Direcci\u00f3n y tribunal<\/h3>\n<ul>\n<li><strong>Director de la tesis<\/strong>\n<ul>\n<li>Mar\u00eda Eulalia Adelantado Mateu<\/li>\n<\/ul>\n<\/li>\n<li><strong>Tribunal<\/strong>\n<ul>\n<li>Presidente del tribunal: rosa Franquet calvet <\/li>\n<li>sebastian Ma\u00f1as valle (vocal)<\/li>\n<li> Gil salinas Jos\u00e9 a. (vocal)<\/li>\n<li>Ana Mar\u00eda Gimeno sanz (vocal)<\/li>\n<\/ul>\n<\/li>\n<\/ul>\n<p>&nbsp;<\/p>\n","protected":false},"excerpt":{"rendered":"<p>Tesis doctoral de Adolfo Mu\u00f1oz Garc\u00eda El objeto de nuestro estudio es el webcasting de v\u00eddeo, una disciplina que engloba [&hellip;]<\/p>\n","protected":false},"author":1,"featured_media":0,"comment_status":"open","ping_status":"open","sticky":false,"template":"","format":"standard","meta":{"site-sidebar-layout":"default","site-content-layout":"","ast-site-content-layout":"","site-content-style":"default","site-sidebar-style":"default","ast-global-header-display":"","ast-banner-title-visibility":"","ast-main-header-display":"","ast-hfb-above-header-display":"","ast-hfb-below-header-display":"","ast-hfb-mobile-header-display":"","site-post-title":"","ast-breadcrumbs-content":"","ast-featured-img":"","footer-sml-layout":"","theme-transparent-header-meta":"","adv-header-id-meta":"","stick-header-meta":"","header-above-stick-meta":"","header-main-stick-meta":"","header-below-stick-meta":"","astra-migrate-meta-layouts":"default","ast-page-background-enabled":"default","ast-page-background-meta":{"desktop":{"background-color":"var(--ast-global-color-4)","background-image":"","background-repeat":"repeat","background-position":"center center","background-size":"auto","background-attachment":"scroll","background-type":"","background-media":"","overlay-type":"","overlay-color":"","overlay-gradient":""},"tablet":{"background-color":"","background-image":"","background-repeat":"repeat","background-position":"center center","background-size":"auto","background-attachment":"scroll","background-type":"","background-media":"","overlay-type":"","overlay-color":"","overlay-gradient":""},"mobile":{"background-color":"","background-image":"","background-repeat":"repeat","background-position":"center center","background-size":"auto","background-attachment":"scroll","background-type":"","background-media":"","overlay-type":"","overlay-color":"","overlay-gradient":""}},"ast-content-background-meta":{"desktop":{"background-color":"var(--ast-global-color-5)","background-image":"","background-repeat":"repeat","background-position":"center center","background-size":"auto","background-attachment":"scroll","background-type":"","background-media":"","overlay-type":"","overlay-color":"","overlay-gradient":""},"tablet":{"background-color":"var(--ast-global-color-5)","background-image":"","background-repeat":"repeat","background-position":"center center","background-size":"auto","background-attachment":"scroll","background-type":"","background-media":"","overlay-type":"","overlay-color":"","overlay-gradient":""},"mobile":{"background-color":"var(--ast-global-color-5)","background-image":"","background-repeat":"repeat","background-position":"center center","background-size":"auto","background-attachment":"scroll","background-type":"","background-media":"","overlay-type":"","overlay-color":"","overlay-gradient":""}},"footnotes":""},"categories":[838,332,30284,104,222,5051,4840,16820,269,13715,1496,2489],"tags":[53773,26922,53774,16970,4925,53723],"class_list":["post-17128","post","type-post","status-publish","format-standard","hentry","category-ciencia-politica","category-ciencias-tecnologicas","category-comunicaciones-por-satelite","category-historia","category-historias-especializadas","category-medios-de-comunicacion-de-masas","category-opinion-publica","category-politecnica-de-valencia","category-sociologia","category-sociologia-de-los-medios-de-comunicacion-de-masas","category-sociologia-del-trabajo","category-tecnologia-de-las-telecomunicaciones","tag-adolfo-munoz-garcia","tag-ana-maria-gimeno-sanz","tag-gil-salinas-jose-a","tag-maria-eulalia-adelantado-mateu","tag-rosa-franquet-calvet","tag-sebastian-manas-valle"],"_links":{"self":[{"href":"https:\/\/www.deberes.net\/tesis\/wp-json\/wp\/v2\/posts\/17128","targetHints":{"allow":["GET"]}}],"collection":[{"href":"https:\/\/www.deberes.net\/tesis\/wp-json\/wp\/v2\/posts"}],"about":[{"href":"https:\/\/www.deberes.net\/tesis\/wp-json\/wp\/v2\/types\/post"}],"author":[{"embeddable":true,"href":"https:\/\/www.deberes.net\/tesis\/wp-json\/wp\/v2\/users\/1"}],"replies":[{"embeddable":true,"href":"https:\/\/www.deberes.net\/tesis\/wp-json\/wp\/v2\/comments?post=17128"}],"version-history":[{"count":0,"href":"https:\/\/www.deberes.net\/tesis\/wp-json\/wp\/v2\/posts\/17128\/revisions"}],"wp:attachment":[{"href":"https:\/\/www.deberes.net\/tesis\/wp-json\/wp\/v2\/media?parent=17128"}],"wp:term":[{"taxonomy":"category","embeddable":true,"href":"https:\/\/www.deberes.net\/tesis\/wp-json\/wp\/v2\/categories?post=17128"},{"taxonomy":"post_tag","embeddable":true,"href":"https:\/\/www.deberes.net\/tesis\/wp-json\/wp\/v2\/tags?post=17128"}],"curies":[{"name":"wp","href":"https:\/\/api.w.org\/{rel}","templated":true}]}}