{"id":17135,"date":"2018-03-09T09:05:04","date_gmt":"2018-03-09T09:05:04","guid":{"rendered":"https:\/\/www.deberes.net\/tesis\/sin-categoria\/el-factor-de-transcripcio-acii-activator-of-classii-formas-proteicas-estructura-y-union-al-adn\/"},"modified":"2018-03-09T09:05:04","modified_gmt":"2018-03-09T09:05:04","slug":"el-factor-de-transcripcio-acii-activator-of-classii-formas-proteicas-estructura-y-union-al-adn","status":"publish","type":"post","link":"https:\/\/www.deberes.net\/tesis\/quimica\/el-factor-de-transcripcio-acii-activator-of-classii-formas-proteicas-estructura-y-union-al-adn\/","title":{"rendered":"El factor de transcripci\u00f3 acii (activator of classii). formas proteicas, estructura y uni\u00f3n al adn"},"content":{"rendered":"<h2>Tesis doctoral de <strong> Carlos L\u00f3pez L\u00f3pez <\/strong><\/h2>\n<p>Las principales funciones del sistema inmunitario son: el reconocimiento de lo propio frente a lo extra\u00f1o, la eliminaci\u00f3n de lo extra\u00f1o y la reparaci\u00f3n de los tejidos da\u00f1ados. En los macr\u00f3fagos, los ags son fagocitados y degradados en p\u00e9ptidos lineales m\u00e1s peque\u00f1os que ser\u00e1n presentados por las mol\u00e9culas de clase ii del mhc (complejo mayor de histocompatibilidad) y son reconocidos por las mol\u00e9culas del denominado tcr (receptor de las c\u00e9lulas t).  las mol\u00e9culas del mhc de clase ii se expresan en un reducido n\u00famero de tipos celulares y estos se pueden dividir en dos grupos principales: aquellos que expresan estas mol\u00e9culas de una forma constitutiva como son los linfocitos b y las c\u00e9lulas dendr\u00edticas, y aquellas que expresan las mol\u00e9culas de clase ii tras la estimulaci\u00f3n con ifn-gamma como son los macr\u00f3fagos, los fibroblastos y las c\u00e9lulas t\u00edmicas epiteliales. En todos los promotores de los diferentes genes de clase ii tanto en humanos como en rat\u00f3n se pueden encontrar en situaci\u00f3n cis una serie de elementos comunes: en la regi\u00f3n proximal se encuentran 3 elementos reguladores denominados w, x e y cuya orientaci\u00f3n, posiciones relativas y distancia entre s\u00ed est\u00e1n conservadas en todos los genes de clase ii, tanto en las cadenas alpha como beta, y en todas las especies examinadas. Esto tambi\u00e9n es as\u00ed tambi\u00e9n para la cadena invariante aunque se encuentra codificada en otro cromosoma diferente al de los genes del mhc. En la regi\u00f3n distal contiene los mismos elementos reguladores que la regi\u00f3n proximal pero en sentido inverso actuando como regi\u00f3n represora. La regulaci\u00f3n de los genes de clase ii del mhc es mayoritariamente transcripcional aunque tambi\u00e9n existe una regulaci\u00f3n a nivel traduccional. el factor que determina la expresi\u00f3n espec\u00edfica de las mol\u00e9culas de clase ii es el ciita por activador transcripcional de clase ii. El ciita es un transactivador que no interacciona directamente con el adn pero si con<\/p>\n<p>&nbsp;<\/p>\n<h3>Datos acad\u00e9micos de la tesis doctoral \u00ab<strong>El factor de transcripci\u00f3 acii (activator of classii). formas proteicas, estructura y uni\u00f3n al adn<\/strong>\u00ab<\/h3>\n<ul>\n<li><strong>T\u00edtulo de la tesis:<\/strong>\u00a0 El factor de transcripci\u00f3 acii (activator of classii). formas proteicas, estructura y uni\u00f3n al adn <\/li>\n<li><strong>Autor:<\/strong>\u00a0 Carlos L\u00f3pez L\u00f3pez <\/li>\n<li><strong>Universidad:<\/strong>\u00a0 Barcelona<\/li>\n<li><strong>Fecha de lectura de la tesis:<\/strong>\u00a0 31\/05\/2002<\/li>\n<\/ul>\n<p>&nbsp;<\/p>\n<h3>Direcci\u00f3n y tribunal<\/h3>\n<ul>\n<li><strong>Director de la tesis<\/strong>\n<ul>\n<li>Antonio Celada Cotarelo<\/li>\n<\/ul>\n<\/li>\n<li><strong>Tribunal<\/strong>\n<ul>\n<li>Presidente del tribunal: dolores Jaraquemada p\u00e9rez de guzm\u00e1n <\/li>\n<li>josep llu\u00eds Gelp\u00ed buchaca (vocal)<\/li>\n<li>Javier Rey campos (vocal)<\/li>\n<li>francesc Ventura pujol (vocal)<\/li>\n<\/ul>\n<\/li>\n<\/ul>\n<p>&nbsp;<\/p>\n","protected":false},"excerpt":{"rendered":"<p>Tesis doctoral de Carlos L\u00f3pez L\u00f3pez Las principales funciones del sistema inmunitario son: el reconocimiento de lo propio frente a [&hellip;]<\/p>\n","protected":false},"author":1,"featured_media":0,"comment_status":"open","ping_status":"open","sticky":false,"template":"","format":"standard","meta":{"site-sidebar-layout":"default","site-content-layout":"","ast-site-content-layout":"","site-content-style":"default","site-sidebar-style":"default","ast-global-header-display":"","ast-banner-title-visibility":"","ast-main-header-display":"","ast-hfb-above-header-display":"","ast-hfb-below-header-display":"","ast-hfb-mobile-header-display":"","site-post-title":"","ast-breadcrumbs-content":"","ast-featured-img":"","footer-sml-layout":"","theme-transparent-header-meta":"","adv-header-id-meta":"","stick-header-meta":"","header-above-stick-meta":"","header-main-stick-meta":"","header-below-stick-meta":"","astra-migrate-meta-layouts":"default","ast-page-background-enabled":"default","ast-page-background-meta":{"desktop":{"background-color":"var(--ast-global-color-4)","background-image":"","background-repeat":"repeat","background-position":"center center","background-size":"auto","background-attachment":"scroll","background-type":"","background-media":"","overlay-type":"","overlay-color":"","overlay-gradient":""},"tablet":{"background-color":"","background-image":"","background-repeat":"repeat","background-position":"center center","background-size":"auto","background-attachment":"scroll","background-type":"","background-media":"","overlay-type":"","overlay-color":"","overlay-gradient":""},"mobile":{"background-color":"","background-image":"","background-repeat":"repeat","background-position":"center center","background-size":"auto","background-attachment":"scroll","background-type":"","background-media":"","overlay-type":"","overlay-color":"","overlay-gradient":""}},"ast-content-background-meta":{"desktop":{"background-color":"var(--ast-global-color-5)","background-image":"","background-repeat":"repeat","background-position":"center center","background-size":"auto","background-attachment":"scroll","background-type":"","background-media":"","overlay-type":"","overlay-color":"","overlay-gradient":""},"tablet":{"background-color":"var(--ast-global-color-5)","background-image":"","background-repeat":"repeat","background-position":"center center","background-size":"auto","background-attachment":"scroll","background-type":"","background-media":"","overlay-type":"","overlay-color":"","overlay-gradient":""},"mobile":{"background-color":"var(--ast-global-color-5)","background-image":"","background-repeat":"repeat","background-position":"center center","background-size":"auto","background-attachment":"scroll","background-type":"","background-media":"","overlay-type":"","overlay-color":"","overlay-gradient":""}},"footnotes":""},"categories":[951,160,2148,17],"tags":[10671,53791,6522,53793,14481,53792],"class_list":["post-17135","post","type-post","status-publish","format-standard","hentry","category-barcelona","category-bioquimica","category-bioquimica-inmunologica","category-quimica","tag-antonio-celada-cotarelo","tag-carlos-lopez-lopez","tag-dolores-jaraquemada-perez-de-guzman","tag-francesc-ventura-pujol","tag-javier-rey-campos","tag-josep-lluis-gelpi-buchaca"],"_links":{"self":[{"href":"https:\/\/www.deberes.net\/tesis\/wp-json\/wp\/v2\/posts\/17135","targetHints":{"allow":["GET"]}}],"collection":[{"href":"https:\/\/www.deberes.net\/tesis\/wp-json\/wp\/v2\/posts"}],"about":[{"href":"https:\/\/www.deberes.net\/tesis\/wp-json\/wp\/v2\/types\/post"}],"author":[{"embeddable":true,"href":"https:\/\/www.deberes.net\/tesis\/wp-json\/wp\/v2\/users\/1"}],"replies":[{"embeddable":true,"href":"https:\/\/www.deberes.net\/tesis\/wp-json\/wp\/v2\/comments?post=17135"}],"version-history":[{"count":0,"href":"https:\/\/www.deberes.net\/tesis\/wp-json\/wp\/v2\/posts\/17135\/revisions"}],"wp:attachment":[{"href":"https:\/\/www.deberes.net\/tesis\/wp-json\/wp\/v2\/media?parent=17135"}],"wp:term":[{"taxonomy":"category","embeddable":true,"href":"https:\/\/www.deberes.net\/tesis\/wp-json\/wp\/v2\/categories?post=17135"},{"taxonomy":"post_tag","embeddable":true,"href":"https:\/\/www.deberes.net\/tesis\/wp-json\/wp\/v2\/tags?post=17135"}],"curies":[{"name":"wp","href":"https:\/\/api.w.org\/{rel}","templated":true}]}}