{"id":17217,"date":"2002-04-06T00:00:00","date_gmt":"2002-04-06T00:00:00","guid":{"rendered":"https:\/\/www.deberes.net\/tesis\/sin-categoria\/analisis-de-la-relacion-entre-consumo-de-antibioticos-y-resistencias-bacterianas\/"},"modified":"2002-04-06T00:00:00","modified_gmt":"2002-04-06T00:00:00","slug":"analisis-de-la-relacion-entre-consumo-de-antibioticos-y-resistencias-bacterianas","status":"publish","type":"post","link":"https:\/\/www.deberes.net\/tesis\/ciencias-medicas\/analisis-de-la-relacion-entre-consumo-de-antibioticos-y-resistencias-bacterianas\/","title":{"rendered":"An\u00e1lisis de la relaci\u00f3n entre consumo de antibi\u00f3ticos y resistencias bacterianas"},"content":{"rendered":"<h2>Tesis doctoral de <strong> Lorena Hermosilla Najera <\/strong><\/h2>\n<p>El aumento de las resistencias bacterianas a los antibi\u00f3ticos constituyen un importante problema de salud p\u00fablica. Cl\u00e1sicamente, se tiene la creencia de que el aumento del consumo de un antibi\u00f3tico genera la aparici\u00f3n de resistencias al mismo.  el objetivo de este trabajo se centra en intentar relacionar el consumo de antibi\u00f3ticos con la aparici\u00f3n de resistencias bacterianas a los mismos.  para ello, se ha estudiado la etiolog\u00eda de la infecci\u00f3n nosocomial (in) en un hospital general durante siete a\u00f1os, con especial atenci\u00f3n a la unidad de cuidados intensivos (uci), valorando la sensibilidad de los g\u00e9rmenes aparecidos. Por otro lado, se ha observado la evoluci\u00f3n en este mismo periodo de tiempo del consumo de antibi\u00f3ticos en dicho hospital. Posteriormente se ha analizado la posible relaci\u00f3n existente entre ambos.  las bacterias m\u00e1s frecuentemente aisladas como productoras de in son los cocos gram positivos, particularmente, s.Epidermidis y s.Aureus y los bacilos gram positivos y un aumento de los bacilos gram negativos como productores de in.  la familia de antimicrobianos m\u00e1s utilizada es la de los betalact\u00e1micos, bien sean cefalosporinas en el caso de la uci o penicilinas con inhibidores de betalactamasas en el resto del hospital.  se debe estudiar por separado la uci del resto de servicios hospitalarios por las diferencias existentes en cuanto a utilizaci\u00f3n de antimicrobianos y susceptibilidad bacteriana.  para relacionar el consumo y la susceptibilidad es necesario tener presente la temporalidad existente entre causa y efecto.  ciprofloxacino, amikacina y piperacilina son los antimicrobianos cuyo aumento de consumo est\u00e1 m\u00e1s frecuentemente relacionado con la aparici\u00f3n de resistencias a los mismos.  contrimoxazol y piperacilina son los antimicrobianos cuya disminuci\u00f3n de consumo est\u00e1 m\u00e1s frecuentemente relacionado con una mejora de la sensibilidad de los mismos.  s.Aureus, e.Cloacae, klebsiella sp. Y e.<\/p>\n<p>&nbsp;<\/p>\n<h3>Datos acad\u00e9micos de la tesis doctoral \u00ab<strong>An\u00e1lisis de la relaci\u00f3n entre consumo de antibi\u00f3ticos y resistencias bacterianas<\/strong>\u00ab<\/h3>\n<ul>\n<li><strong>T\u00edtulo de la tesis:<\/strong>\u00a0 An\u00e1lisis de la relaci\u00f3n entre consumo de antibi\u00f3ticos y resistencias bacterianas <\/li>\n<li><strong>Autor:<\/strong>\u00a0 Lorena Hermosilla Najera <\/li>\n<li><strong>Universidad:<\/strong>\u00a0 Pa\u00eds vasco\/euskal herriko unibertsitatea<\/li>\n<li><strong>Fecha de lectura de la tesis:<\/strong>\u00a0 04\/06\/2002<\/li>\n<\/ul>\n<p>&nbsp;<\/p>\n<h3>Direcci\u00f3n y tribunal<\/h3>\n<ul>\n<li><strong>Director de la tesis<\/strong>\n<ul>\n<li>Luis Carlos Abecia Inchaurregui<\/li>\n<\/ul>\n<\/li>\n<li><strong>Tribunal<\/strong>\n<ul>\n<li>Presidente del tribunal: Mar\u00eda  del carmen S\u00e1enz gonz\u00e1lez <\/li>\n<li>Fernando Rodr\u00edguez artalejo (vocal)<\/li>\n<li>vicente Dom\u00ednguez rojas (vocal)<\/li>\n<li>Juan Salles alvira (vocal)<\/li>\n<\/ul>\n<\/li>\n<\/ul>\n<p>&nbsp;<\/p>\n","protected":false},"excerpt":{"rendered":"<p>Tesis doctoral de Lorena Hermosilla Najera El aumento de las resistencias bacterianas a los antibi\u00f3ticos constituyen un importante problema de [&hellip;]<\/p>\n","protected":false},"author":1,"featured_media":0,"comment_status":"open","ping_status":"open","sticky":false,"template":"","format":"standard","meta":{"site-sidebar-layout":"default","site-content-layout":"","ast-site-content-layout":"","site-content-style":"default","site-sidebar-style":"default","ast-global-header-display":"","ast-banner-title-visibility":"","ast-main-header-display":"","ast-hfb-above-header-display":"","ast-hfb-below-header-display":"","ast-hfb-mobile-header-display":"","site-post-title":"","ast-breadcrumbs-content":"","ast-featured-img":"","footer-sml-layout":"","theme-transparent-header-meta":"","adv-header-id-meta":"","stick-header-meta":"","header-above-stick-meta":"","header-main-stick-meta":"","header-below-stick-meta":"","astra-migrate-meta-layouts":"default","ast-page-background-enabled":"default","ast-page-background-meta":{"desktop":{"background-color":"var(--ast-global-color-4)","background-image":"","background-repeat":"repeat","background-position":"center center","background-size":"auto","background-attachment":"scroll","background-type":"","background-media":"","overlay-type":"","overlay-color":"","overlay-gradient":""},"tablet":{"background-color":"","background-image":"","background-repeat":"repeat","background-position":"center center","background-size":"auto","background-attachment":"scroll","background-type":"","background-media":"","overlay-type":"","overlay-color":"","overlay-gradient":""},"mobile":{"background-color":"","background-image":"","background-repeat":"repeat","background-position":"center center","background-size":"auto","background-attachment":"scroll","background-type":"","background-media":"","overlay-type":"","overlay-color":"","overlay-gradient":""}},"ast-content-background-meta":{"desktop":{"background-color":"var(--ast-global-color-5)","background-image":"","background-repeat":"repeat","background-position":"center center","background-size":"auto","background-attachment":"scroll","background-type":"","background-media":"","overlay-type":"","overlay-color":"","overlay-gradient":""},"tablet":{"background-color":"var(--ast-global-color-5)","background-image":"","background-repeat":"repeat","background-position":"center center","background-size":"auto","background-attachment":"scroll","background-type":"","background-media":"","overlay-type":"","overlay-color":"","overlay-gradient":""},"mobile":{"background-color":"var(--ast-global-color-5)","background-image":"","background-repeat":"repeat","background-position":"center center","background-size":"auto","background-attachment":"scroll","background-type":"","background-media":"","overlay-type":"","overlay-color":"","overlay-gradient":""}},"footnotes":""},"categories":[9,1086,957,1686,12909,967],"tags":[12656,53997,53996,41246,8318,2687],"class_list":["post-17217","post","type-post","status-publish","format-standard","hentry","category-ciencias-medicas","category-epidemiologia","category-farmacologia","category-medicina-preventiva","category-pais-vasco-euskal-herriko-unibertsitatea","category-salud-publica","tag-fernando-rodriguez-artalejo","tag-juan-salles-alvira","tag-lorena-hermosilla-najera","tag-luis-carlos-abecia-inchaurregui","tag-maria-del-carmen-saenz-gonzalez","tag-vicente-dominguez-rojas"],"_links":{"self":[{"href":"https:\/\/www.deberes.net\/tesis\/wp-json\/wp\/v2\/posts\/17217","targetHints":{"allow":["GET"]}}],"collection":[{"href":"https:\/\/www.deberes.net\/tesis\/wp-json\/wp\/v2\/posts"}],"about":[{"href":"https:\/\/www.deberes.net\/tesis\/wp-json\/wp\/v2\/types\/post"}],"author":[{"embeddable":true,"href":"https:\/\/www.deberes.net\/tesis\/wp-json\/wp\/v2\/users\/1"}],"replies":[{"embeddable":true,"href":"https:\/\/www.deberes.net\/tesis\/wp-json\/wp\/v2\/comments?post=17217"}],"version-history":[{"count":0,"href":"https:\/\/www.deberes.net\/tesis\/wp-json\/wp\/v2\/posts\/17217\/revisions"}],"wp:attachment":[{"href":"https:\/\/www.deberes.net\/tesis\/wp-json\/wp\/v2\/media?parent=17217"}],"wp:term":[{"taxonomy":"category","embeddable":true,"href":"https:\/\/www.deberes.net\/tesis\/wp-json\/wp\/v2\/categories?post=17217"},{"taxonomy":"post_tag","embeddable":true,"href":"https:\/\/www.deberes.net\/tesis\/wp-json\/wp\/v2\/tags?post=17217"}],"curies":[{"name":"wp","href":"https:\/\/api.w.org\/{rel}","templated":true}]}}