{"id":17238,"date":"2002-05-06T00:00:00","date_gmt":"2002-05-06T00:00:00","guid":{"rendered":"https:\/\/www.deberes.net\/tesis\/sin-categoria\/la-prosa-autobiografica-de-juan-ramon-jimenez-corpus-textual-y-analisis-cra%c2%adtico\/"},"modified":"2002-05-06T00:00:00","modified_gmt":"2002-05-06T00:00:00","slug":"la-prosa-autobiografica-de-juan-ramon-jimenez-corpus-textual-y-analisis-cra%c2%adtico","status":"publish","type":"post","link":"https:\/\/www.deberes.net\/tesis\/historia\/la-prosa-autobiografica-de-juan-ramon-jimenez-corpus-textual-y-analisis-cra%c2%adtico\/","title":{"rendered":"La prosa autobiogr\u00e1fica de juan ram\u00f3n jim\u00e9nez: corpus textual y an\u00e1lisis cr\u00edtico"},"content":{"rendered":"<h2>Tesis doctoral de <strong> M. Angeles Sanz Manzano <\/strong><\/h2>\n<p>Esta tesis estudia los aspectos autobiogr\u00e1ficos de la prosa de juan ram\u00f3n jim\u00e9nez. A pesar de la indefinici\u00f3n del g\u00e9nero autobiogr\u00e1fico, se establece un modelo te\u00f3rico basado en el pacto de philippe lejeune y se divide la pr\u00e1ctica aautobiogr\u00e1fica en autobiograf\u00edas, autorretratos y diarios.  se destaca la tradici\u00f3n coet\u00e1nea a jim\u00e9nez en espa\u00f1a (unamuno, rub\u00e9n dar\u00edo, baroja, azor\u00edn), as\u00ed como la afici\u00f3n autobiogr\u00e1fica de sus lecturas (rousseau, goethe, verlaine, amiel, nietzsche, tagore). Por ello la prosa se convierte en el veh\u00edculo ideal para la pr\u00e1ctica po\u00e9tica y autobiogr\u00e1fica del poeta. no obstante, s\u00f3lo algunos t\u00edtulos, una gran parte in\u00e9ditos, configuran formalmente el g\u00e9nero de juan ram\u00f3n.  como autobiograf\u00edas se estudian: elej\u00edas andaluzas, platero y yo, josefito figuraciones, entes y sombras de mi infancia, piedras, flores, bestias de moguer, en mi casita azul, adolescentes, el poeta en moguer, moguer, por el cristal amarillo, recuerdo, vida y muerte de mam\u00e1 pura, miss conciencia, zenaidita valdeur\u00ed, vidas paraelas, la mejor querida, viajes y sue\u00f1os, vida y hable el poeta; como autorretratos: soy un nost\u00e1lgico, el andaluz universal autorretrato (para uso de reptiles de varia categor\u00eda) y rev\u00e9s de un derecho ya publicado; y como diarios: diario \u00edntimo y diario de un poeta reciencasado.  a su vez el poeta de moguer concibe sus libros como un \u00abser vivo\u00bb con \u00abvoluntad propia\u00bb que se metamorfosean a lo largo de su vida, lo que explica el car\u00e1cter provisional de \u00e9stos.  tras establecer una selecci\u00f3n cr\u00edtica de los textos mencionados, se pasa a estudiar los tres tipos de escritura delimitados.  en las autobiograf\u00edas, juan ram\u00f3n no sigue los modelos can\u00f3nicos de la relaci\u00f3n cronol\u00f3gica, se propone concoer y construir su yo haciendo uso de la facultad de la memoria, particularmente sobre la infancia a trav\u00e9s de tres modos de aprehensi\u00f3n: el sentimiento, el sensorial y el intelectual.<\/p>\n<p>&nbsp;<\/p>\n<h3>Datos acad\u00e9micos de la tesis doctoral \u00ab<strong>La prosa autobiogr\u00e1fica de juan ram\u00f3n jim\u00e9nez: corpus textual y an\u00e1lisis cr\u00edtico<\/strong>\u00ab<\/h3>\n<ul>\n<li><strong>T\u00edtulo de la tesis:<\/strong>\u00a0 La prosa autobiogr\u00e1fica de juan ram\u00f3n jim\u00e9nez: corpus textual y an\u00e1lisis cr\u00edtico <\/li>\n<li><strong>Autor:<\/strong>\u00a0 M. Angeles Sanz Manzano <\/li>\n<li><strong>Universidad:<\/strong>\u00a0 Alcal\u00e1<\/li>\n<li><strong>Fecha de lectura de la tesis:<\/strong>\u00a0 05\/06\/2002<\/li>\n<\/ul>\n<p>&nbsp;<\/p>\n<h3>Direcci\u00f3n y tribunal<\/h3>\n<ul>\n<li><strong>Director de la tesis<\/strong>\n<ul>\n<li>Fernando G\u00f3mez Redondo<\/li>\n<\/ul>\n<\/li>\n<li><strong>Tribunal<\/strong>\n<ul>\n<li>Presidente del tribunal: fernando L\u00f3pez estrada <\/li>\n<li>teresa G\u00f3mez trueba (vocal)<\/li>\n<li>Jos\u00e9 Dom\u00ednguez caparr\u00f3s (vocal)<\/li>\n<li>pedro Carrero eras (vocal)<\/li>\n<\/ul>\n<\/li>\n<\/ul>\n<p>&nbsp;<\/p>\n","protected":false},"excerpt":{"rendered":"<p>Tesis doctoral de M. Angeles Sanz Manzano Esta tesis estudia los aspectos autobiogr\u00e1ficos de la prosa de juan ram\u00f3n jim\u00e9nez. [&hellip;]<\/p>\n","protected":false},"author":1,"featured_media":0,"comment_status":"open","ping_status":"open","sticky":false,"template":"","format":"standard","meta":{"site-sidebar-layout":"default","site-content-layout":"","ast-site-content-layout":"","site-content-style":"default","site-sidebar-style":"default","ast-global-header-display":"","ast-banner-title-visibility":"","ast-main-header-display":"","ast-hfb-above-header-display":"","ast-hfb-below-header-display":"","ast-hfb-mobile-header-display":"","site-post-title":"","ast-breadcrumbs-content":"","ast-featured-img":"","footer-sml-layout":"","theme-transparent-header-meta":"","adv-header-id-meta":"","stick-header-meta":"","header-above-stick-meta":"","header-main-stick-meta":"","header-below-stick-meta":"","astra-migrate-meta-layouts":"default","ast-page-background-enabled":"default","ast-page-background-meta":{"desktop":{"background-color":"var(--ast-global-color-4)","background-image":"","background-repeat":"repeat","background-position":"center center","background-size":"auto","background-attachment":"scroll","background-type":"","background-media":"","overlay-type":"","overlay-color":"","overlay-gradient":""},"tablet":{"background-color":"","background-image":"","background-repeat":"repeat","background-position":"center center","background-size":"auto","background-attachment":"scroll","background-type":"","background-media":"","overlay-type":"","overlay-color":"","overlay-gradient":""},"mobile":{"background-color":"","background-image":"","background-repeat":"repeat","background-position":"center center","background-size":"auto","background-attachment":"scroll","background-type":"","background-media":"","overlay-type":"","overlay-color":"","overlay-gradient":""}},"ast-content-background-meta":{"desktop":{"background-color":"var(--ast-global-color-5)","background-image":"","background-repeat":"repeat","background-position":"center center","background-size":"auto","background-attachment":"scroll","background-type":"","background-media":"","overlay-type":"","overlay-color":"","overlay-gradient":""},"tablet":{"background-color":"var(--ast-global-color-5)","background-image":"","background-repeat":"repeat","background-position":"center center","background-size":"auto","background-attachment":"scroll","background-type":"","background-media":"","overlay-type":"","overlay-color":"","overlay-gradient":""},"mobile":{"background-color":"var(--ast-global-color-5)","background-image":"","background-repeat":"repeat","background-position":"center center","background-size":"auto","background-attachment":"scroll","background-type":"","background-media":"","overlay-type":"","overlay-color":"","overlay-gradient":""}},"footnotes":""},"categories":[17426,1624,2142,13411,104],"tags":[43106,54054,8739,54053,54055,12629],"class_list":["post-17238","post","type-post","status-publish","format-standard","hentry","category-alcala","category-ciencias-auxiliares-de-la-historia","category-filologia","category-filologia-espanola","category-historia","tag-fernando-gomez-redondo","tag-fernando-lopez-estrada","tag-jose-dominguez-caparros","tag-m-angeles-sanz-manzano","tag-pedro-carrero-eras","tag-teresa-gomez-trueba"],"_links":{"self":[{"href":"https:\/\/www.deberes.net\/tesis\/wp-json\/wp\/v2\/posts\/17238","targetHints":{"allow":["GET"]}}],"collection":[{"href":"https:\/\/www.deberes.net\/tesis\/wp-json\/wp\/v2\/posts"}],"about":[{"href":"https:\/\/www.deberes.net\/tesis\/wp-json\/wp\/v2\/types\/post"}],"author":[{"embeddable":true,"href":"https:\/\/www.deberes.net\/tesis\/wp-json\/wp\/v2\/users\/1"}],"replies":[{"embeddable":true,"href":"https:\/\/www.deberes.net\/tesis\/wp-json\/wp\/v2\/comments?post=17238"}],"version-history":[{"count":0,"href":"https:\/\/www.deberes.net\/tesis\/wp-json\/wp\/v2\/posts\/17238\/revisions"}],"wp:attachment":[{"href":"https:\/\/www.deberes.net\/tesis\/wp-json\/wp\/v2\/media?parent=17238"}],"wp:term":[{"taxonomy":"category","embeddable":true,"href":"https:\/\/www.deberes.net\/tesis\/wp-json\/wp\/v2\/categories?post=17238"},{"taxonomy":"post_tag","embeddable":true,"href":"https:\/\/www.deberes.net\/tesis\/wp-json\/wp\/v2\/tags?post=17238"}],"curies":[{"name":"wp","href":"https:\/\/api.w.org\/{rel}","templated":true}]}}