{"id":17248,"date":"2002-06-06T00:00:00","date_gmt":"2002-06-06T00:00:00","guid":{"rendered":"https:\/\/www.deberes.net\/tesis\/sin-categoria\/la-caracterizacion-y-el-aprovisionamiento-de-los-recursos-abioticos-en-la-prehistoria-de-cataluna-las-materias-primas-sileceas-del-paleola%c2%adtico-superior-final-y-el-epipaleola%c2%adtico\/"},"modified":"2002-06-06T00:00:00","modified_gmt":"2002-06-06T00:00:00","slug":"la-caracterizacion-y-el-aprovisionamiento-de-los-recursos-abioticos-en-la-prehistoria-de-cataluna-las-materias-primas-sileceas-del-paleola%c2%adtico-superior-final-y-el-epipaleola%c2%adtico","status":"publish","type":"post","link":"https:\/\/www.deberes.net\/tesis\/ciencias-de-la-tierra-y-del-espacio\/la-caracterizacion-y-el-aprovisionamiento-de-los-recursos-abioticos-en-la-prehistoria-de-cataluna-las-materias-primas-sileceas-del-paleola%c2%adtico-superior-final-y-el-epipaleola%c2%adtico\/","title":{"rendered":"La caracterizaci\u00f3n y el aprovisionamiento de los recursos abi\u00f3ticos en la prehistoria de catalu\u00f1a. las materias primas sil\u00e9ceas del paleol\u00edtico superior final y el epipaleol\u00edtico"},"content":{"rendered":"<h2>Tesis doctoral de <strong> Javier Mangado Llach <\/strong><\/h2>\n<p>La caracterizaci\u00f3n de las materias primas siliceas y de sus modalidades de aprovisionamiento durante el paleol\u00edtico superior final y el epipaleol\u00edtico. permite extraer conocimientos paleoecon\u00f3micos de las actividades humanas.  el recurso a t\u00e9cnicas de analisis procedentes de la geolog\u00eda permite una caracterizaci\u00f3n cient\u00edfica de los materiales utilizados por los grupos de cazadores y recolectores en el paso del pleistoceno al holooceno en el noreste de la pen\u00ednsula ib\u00e9rica.<\/p>\n<p>&nbsp;<\/p>\n<h3>Datos acad\u00e9micos de la tesis doctoral \u00ab<strong>La caracterizaci\u00f3n y el aprovisionamiento de los recursos abi\u00f3ticos en la prehistoria de catalu\u00f1a. las materias primas sil\u00e9ceas del paleol\u00edtico superior final y el epipaleol\u00edtico<\/strong>\u00ab<\/h3>\n<ul>\n<li><strong>T\u00edtulo de la tesis:<\/strong>\u00a0 La caracterizaci\u00f3n y el aprovisionamiento de los recursos abi\u00f3ticos en la prehistoria de catalu\u00f1a. las materias primas sil\u00e9ceas del paleol\u00edtico superior final y el epipaleol\u00edtico <\/li>\n<li><strong>Autor:<\/strong>\u00a0 Javier Mangado Llach <\/li>\n<li><strong>Universidad:<\/strong>\u00a0 Barcelona<\/li>\n<li><strong>Fecha de lectura de la tesis:<\/strong>\u00a0 06\/06\/2002<\/li>\n<\/ul>\n<p>&nbsp;<\/p>\n<h3>Direcci\u00f3n y tribunal<\/h3>\n<ul>\n<li><strong>Director de la tesis<\/strong>\n<ul>\n<li>Josep Mar\u00eda Fullola  Pericot<\/li>\n<\/ul>\n<\/li>\n<li><strong>Tribunal<\/strong>\n<ul>\n<li>Presidente del tribunal: m. angels Petit mendizabal <\/li>\n<li>thierry Aubry (vocal)<\/li>\n<li>narcis Soler masferrer (vocal)<\/li>\n<li>j Dorning ken. (vocal)<\/li>\n<\/ul>\n<\/li>\n<\/ul>\n<p>&nbsp;<\/p>\n","protected":false},"excerpt":{"rendered":"<p>Tesis doctoral de Javier Mangado Llach La caracterizaci\u00f3n de las materias primas siliceas y de sus modalidades de aprovisionamiento durante [&hellip;]<\/p>\n","protected":false},"author":1,"featured_media":0,"comment_status":"open","ping_status":"open","sticky":false,"template":"","format":"standard","meta":{"site-sidebar-layout":"default","site-content-layout":"","ast-site-content-layout":"","site-content-style":"default","site-sidebar-style":"default","ast-global-header-display":"","ast-banner-title-visibility":"","ast-main-header-display":"","ast-hfb-above-header-display":"","ast-hfb-below-header-display":"","ast-hfb-mobile-header-display":"","site-post-title":"","ast-breadcrumbs-content":"","ast-featured-img":"","footer-sml-layout":"","theme-transparent-header-meta":"","adv-header-id-meta":"","stick-header-meta":"","header-above-stick-meta":"","header-main-stick-meta":"","header-below-stick-meta":"","astra-migrate-meta-layouts":"default","ast-page-background-enabled":"default","ast-page-background-meta":{"desktop":{"background-color":"var(--ast-global-color-4)","background-image":"","background-repeat":"repeat","background-position":"center center","background-size":"auto","background-attachment":"scroll","background-type":"","background-media":"","overlay-type":"","overlay-color":"","overlay-gradient":""},"tablet":{"background-color":"","background-image":"","background-repeat":"repeat","background-position":"center center","background-size":"auto","background-attachment":"scroll","background-type":"","background-media":"","overlay-type":"","overlay-color":"","overlay-gradient":""},"mobile":{"background-color":"","background-image":"","background-repeat":"repeat","background-position":"center center","background-size":"auto","background-attachment":"scroll","background-type":"","background-media":"","overlay-type":"","overlay-color":"","overlay-gradient":""}},"ast-content-background-meta":{"desktop":{"background-color":"var(--ast-global-color-5)","background-image":"","background-repeat":"repeat","background-position":"center center","background-size":"auto","background-attachment":"scroll","background-type":"","background-media":"","overlay-type":"","overlay-color":"","overlay-gradient":""},"tablet":{"background-color":"var(--ast-global-color-5)","background-image":"","background-repeat":"repeat","background-position":"center center","background-size":"auto","background-attachment":"scroll","background-type":"","background-media":"","overlay-type":"","overlay-color":"","overlay-gradient":""},"mobile":{"background-color":"var(--ast-global-color-5)","background-image":"","background-repeat":"repeat","background-position":"center center","background-size":"auto","background-attachment":"scroll","background-type":"","background-media":"","overlay-type":"","overlay-color":"","overlay-gradient":""}},"footnotes":""},"categories":[1623,951,1624,27,953,19202,104,220,25320,2635],"tags":[54084,54082,33590,33594,42375,54083],"class_list":["post-17248","post","type-post","status-publish","format-standard","hentry","category-arqueologia","category-barcelona","category-ciencias-auxiliares-de-la-historia","category-ciencias-de-la-tierra-y-del-espacio","category-geologia","category-geologia-regional","category-historia","category-historia-por-epocas","category-petrologia-sedimentaria","category-prehistoria","tag-j-dorning-ken","tag-javier-mangado-llach","tag-josep-maria-fullola-pericot","tag-m-angels-petit-mendizabal","tag-narcis-soler-masferrer","tag-thierry-aubry"],"_links":{"self":[{"href":"https:\/\/www.deberes.net\/tesis\/wp-json\/wp\/v2\/posts\/17248","targetHints":{"allow":["GET"]}}],"collection":[{"href":"https:\/\/www.deberes.net\/tesis\/wp-json\/wp\/v2\/posts"}],"about":[{"href":"https:\/\/www.deberes.net\/tesis\/wp-json\/wp\/v2\/types\/post"}],"author":[{"embeddable":true,"href":"https:\/\/www.deberes.net\/tesis\/wp-json\/wp\/v2\/users\/1"}],"replies":[{"embeddable":true,"href":"https:\/\/www.deberes.net\/tesis\/wp-json\/wp\/v2\/comments?post=17248"}],"version-history":[{"count":0,"href":"https:\/\/www.deberes.net\/tesis\/wp-json\/wp\/v2\/posts\/17248\/revisions"}],"wp:attachment":[{"href":"https:\/\/www.deberes.net\/tesis\/wp-json\/wp\/v2\/media?parent=17248"}],"wp:term":[{"taxonomy":"category","embeddable":true,"href":"https:\/\/www.deberes.net\/tesis\/wp-json\/wp\/v2\/categories?post=17248"},{"taxonomy":"post_tag","embeddable":true,"href":"https:\/\/www.deberes.net\/tesis\/wp-json\/wp\/v2\/tags?post=17248"}],"curies":[{"name":"wp","href":"https:\/\/api.w.org\/{rel}","templated":true}]}}