{"id":17264,"date":"2002-06-06T00:00:00","date_gmt":"2002-06-06T00:00:00","guid":{"rendered":"https:\/\/www.deberes.net\/tesis\/sin-categoria\/edicion-cra%c2%adtica-estudio-y-notas-de-dos-comedias-palatinas-de-tirso-de-molina-palabras-y-plumas-y-ventura-te-de-dios-hijo\/"},"modified":"2002-06-06T00:00:00","modified_gmt":"2002-06-06T00:00:00","slug":"edicion-cra%c2%adtica-estudio-y-notas-de-dos-comedias-palatinas-de-tirso-de-molina-palabras-y-plumas-y-ventura-te-de-dios-hijo","status":"publish","type":"post","link":"https:\/\/www.deberes.net\/tesis\/historia\/edicion-cra%c2%adtica-estudio-y-notas-de-dos-comedias-palatinas-de-tirso-de-molina-palabras-y-plumas-y-ventura-te-de-dios-hijo\/","title":{"rendered":"Edici\u00f3n cr\u00edtica, estudio y notas de dos comedias palatinas de tirso de molina: palabras y plumas y ventura te d\u00e9 dios, hijo"},"content":{"rendered":"<h2>Tesis doctoral de <strong> Manuel Tudela L\u00f3pez <\/strong><\/h2>\n<p>Esta tesis doctoral consiste en la edici\u00f3n cr\u00edtica de dos comedias palatinas, palabras y plumas y ventura de te d\u00e9 dios, hijo, del autor barroco tirso de molina.  el trabajo se basa tanto en la ecd\u00f3tica como en la hermen\u00e9utica de los textos. Para ello se ha seguido su l\u00ednea editorial completa hasta conseguir fijarlos mediante un estudio de variantes, a la vez que se ha elaborado un aparato de notas aclarativo de detalles filol\u00f3gicos, hist\u00f3ricos y culturales.  en un estudio introductorio se ha puesto de relieve que sus construcciones dram\u00e1ticas se fundamentan en la absoluta libertad de movimiento esc\u00e9nico, que hace que espacio y tiempo no sean elementos capaces de constre\u00f1ir la acci\u00f3n, y adem\u00e1s, en la sorpresa, rapidez y final feliz.<\/p>\n<p>&nbsp;<\/p>\n<h3>Datos acad\u00e9micos de la tesis doctoral \u00ab<strong>Edici\u00f3n cr\u00edtica, estudio y notas de dos comedias palatinas de tirso de molina: palabras y plumas y ventura te d\u00e9 dios, hijo<\/strong>\u00ab<\/h3>\n<ul>\n<li><strong>T\u00edtulo de la tesis:<\/strong>\u00a0 Edici\u00f3n cr\u00edtica, estudio y notas de dos comedias palatinas de tirso de molina: palabras y plumas y ventura te d\u00e9 dios, hijo <\/li>\n<li><strong>Autor:<\/strong>\u00a0 Manuel Tudela L\u00f3pez <\/li>\n<li><strong>Universidad:<\/strong>\u00a0 Navarra<\/li>\n<li><strong>Fecha de lectura de la tesis:<\/strong>\u00a0 06\/06\/2002<\/li>\n<\/ul>\n<p>&nbsp;<\/p>\n<h3>Direcci\u00f3n y tribunal<\/h3>\n<ul>\n<li><strong>Director de la tesis<\/strong>\n<ul>\n<li>Miguel Zugasti Zugasti<\/li>\n<\/ul>\n<\/li>\n<li><strong>Tribunal<\/strong>\n<ul>\n<li>Presidente del tribunal: ignacio Arellano ayuso <\/li>\n<li>Luis V\u00e1zquez fern\u00e1ndez (vocal)<\/li>\n<li>felipe blas Pedraza jimenez (vocal)<\/li>\n<li>carmen P\u00e9rez salazar (vocal)<\/li>\n<\/ul>\n<\/li>\n<\/ul>\n<p>&nbsp;<\/p>\n","protected":false},"excerpt":{"rendered":"<p>Tesis doctoral de Manuel Tudela L\u00f3pez Esta tesis doctoral consiste en la edici\u00f3n cr\u00edtica de dos comedias palatinas, palabras y [&hellip;]<\/p>\n","protected":false},"author":1,"featured_media":0,"comment_status":"open","ping_status":"open","sticky":false,"template":"","format":"standard","meta":{"site-sidebar-layout":"default","site-content-layout":"","ast-site-content-layout":"","site-content-style":"default","site-sidebar-style":"default","ast-global-header-display":"","ast-banner-title-visibility":"","ast-main-header-display":"","ast-hfb-above-header-display":"","ast-hfb-below-header-display":"","ast-hfb-mobile-header-display":"","site-post-title":"","ast-breadcrumbs-content":"","ast-featured-img":"","footer-sml-layout":"","theme-transparent-header-meta":"","adv-header-id-meta":"","stick-header-meta":"","header-above-stick-meta":"","header-main-stick-meta":"","header-below-stick-meta":"","astra-migrate-meta-layouts":"default","ast-page-background-enabled":"default","ast-page-background-meta":{"desktop":{"background-color":"var(--ast-global-color-4)","background-image":"","background-repeat":"repeat","background-position":"center center","background-size":"auto","background-attachment":"scroll","background-type":"","background-media":"","overlay-type":"","overlay-color":"","overlay-gradient":""},"tablet":{"background-color":"","background-image":"","background-repeat":"repeat","background-position":"center center","background-size":"auto","background-attachment":"scroll","background-type":"","background-media":"","overlay-type":"","overlay-color":"","overlay-gradient":""},"mobile":{"background-color":"","background-image":"","background-repeat":"repeat","background-position":"center center","background-size":"auto","background-attachment":"scroll","background-type":"","background-media":"","overlay-type":"","overlay-color":"","overlay-gradient":""}},"ast-content-background-meta":{"desktop":{"background-color":"var(--ast-global-color-5)","background-image":"","background-repeat":"repeat","background-position":"center center","background-size":"auto","background-attachment":"scroll","background-type":"","background-media":"","overlay-type":"","overlay-color":"","overlay-gradient":""},"tablet":{"background-color":"var(--ast-global-color-5)","background-image":"","background-repeat":"repeat","background-position":"center center","background-size":"auto","background-attachment":"scroll","background-type":"","background-media":"","overlay-type":"","overlay-color":"","overlay-gradient":""},"mobile":{"background-color":"var(--ast-global-color-5)","background-image":"","background-repeat":"repeat","background-position":"center center","background-size":"auto","background-attachment":"scroll","background-type":"","background-media":"","overlay-type":"","overlay-color":"","overlay-gradient":""}},"footnotes":""},"categories":[104,713,1867,222,17749],"tags":[54126,1366,8786,54125,54124,51263],"class_list":["post-17264","post","type-post","status-publish","format-standard","hentry","category-historia","category-historia-de-la-literatura","category-historia-de-la-literatura-espanola","category-historias-especializadas","category-navarra","tag-carmen-perez-salazar","tag-felipe-blas-pedraza-jimenez","tag-ignacio-arellano-ayuso","tag-luis-vazquez-fernandez","tag-manuel-tudela-lopez","tag-miguel-zugasti-zugasti"],"_links":{"self":[{"href":"https:\/\/www.deberes.net\/tesis\/wp-json\/wp\/v2\/posts\/17264","targetHints":{"allow":["GET"]}}],"collection":[{"href":"https:\/\/www.deberes.net\/tesis\/wp-json\/wp\/v2\/posts"}],"about":[{"href":"https:\/\/www.deberes.net\/tesis\/wp-json\/wp\/v2\/types\/post"}],"author":[{"embeddable":true,"href":"https:\/\/www.deberes.net\/tesis\/wp-json\/wp\/v2\/users\/1"}],"replies":[{"embeddable":true,"href":"https:\/\/www.deberes.net\/tesis\/wp-json\/wp\/v2\/comments?post=17264"}],"version-history":[{"count":0,"href":"https:\/\/www.deberes.net\/tesis\/wp-json\/wp\/v2\/posts\/17264\/revisions"}],"wp:attachment":[{"href":"https:\/\/www.deberes.net\/tesis\/wp-json\/wp\/v2\/media?parent=17264"}],"wp:term":[{"taxonomy":"category","embeddable":true,"href":"https:\/\/www.deberes.net\/tesis\/wp-json\/wp\/v2\/categories?post=17264"},{"taxonomy":"post_tag","embeddable":true,"href":"https:\/\/www.deberes.net\/tesis\/wp-json\/wp\/v2\/tags?post=17264"}],"curies":[{"name":"wp","href":"https:\/\/api.w.org\/{rel}","templated":true}]}}