{"id":17292,"date":"2002-07-06T00:00:00","date_gmt":"2002-07-06T00:00:00","guid":{"rendered":"https:\/\/www.deberes.net\/tesis\/sin-categoria\/comunicacion-electoral-y-formacion-de-la-opinion-publica\/"},"modified":"2002-07-06T00:00:00","modified_gmt":"2002-07-06T00:00:00","slug":"comunicacion-electoral-y-formacion-de-la-opinion-publica","status":"publish","type":"post","link":"https:\/\/www.deberes.net\/tesis\/linguistica\/comunicacion-electoral-y-formacion-de-la-opinion-publica\/","title":{"rendered":"Comunicaci\u00f3n electoral y formaci\u00f3n de la opini\u00f3n p\u00fablica"},"content":{"rendered":"<h2>Tesis doctoral de <strong> Guillermo Jes\u00fas Lopez Garcia <\/strong><\/h2>\n<p>An\u00e1lisis del proceso de formaci\u00f3n de la opini\u00f3n p\u00fablica a trav\u00e9s de los medios de comunicaci\u00f3n de masas. La mediaci\u00f3n period\u00edstica en un proceso electoral: los pol\u00edticos en la prensa y la pol\u00edtica de los medios de comunicaci\u00f3n. representaci\u00f3n de la opini\u00f3n p\u00fablica a trav\u00e9s de los sondeos y la opini\u00f3n publicada por la prensa. Influencia del discurso ideol\u00f3gico de los medios de comunicaci\u00f3n de masas sobre los resultados electorales de marzo de 2000. condicionamientos en el proceso de formaci\u00f3n de la opini\u00f3n p\u00fablica.<\/p>\n<p>&nbsp;<\/p>\n<h3>Datos acad\u00e9micos de la tesis doctoral \u00ab<strong>Comunicaci\u00f3n electoral y formaci\u00f3n de la opini\u00f3n p\u00fablica<\/strong>\u00ab<\/h3>\n<ul>\n<li><strong>T\u00edtulo de la tesis:<\/strong>\u00a0 Comunicaci\u00f3n electoral y formaci\u00f3n de la opini\u00f3n p\u00fablica <\/li>\n<li><strong>Autor:<\/strong>\u00a0 Guillermo Jes\u00fas Lopez Garcia <\/li>\n<li><strong>Universidad:<\/strong>\u00a0 Universitat de val\u00e9ncia (estudi general)<\/li>\n<li><strong>Fecha de lectura de la tesis:<\/strong>\u00a0 07\/06\/2002<\/li>\n<\/ul>\n<p>&nbsp;<\/p>\n<h3>Direcci\u00f3n y tribunal<\/h3>\n<ul>\n<li><strong>Director de la tesis<\/strong>\n<ul>\n<li>Josep Gavald\u00e1 Roca<\/li>\n<\/ul>\n<\/li>\n<li><strong>Tribunal<\/strong>\n<ul>\n<li>Presidente del tribunal: jenaro Talens carmona <\/li>\n<li> Vidal beltr\u00e1n Jos\u00e9 m. (vocal)<\/li>\n<li> Dader Garc\u00eda Jos\u00e9 l. (vocal)<\/li>\n<li>Emilio Feliu garcia (vocal)<\/li>\n<\/ul>\n<\/li>\n<\/ul>\n<p>&nbsp;<\/p>\n","protected":false},"excerpt":{"rendered":"<p>Tesis doctoral de Guillermo Jes\u00fas Lopez Garcia An\u00e1lisis del proceso de formaci\u00f3n de la opini\u00f3n p\u00fablica a trav\u00e9s de los [&hellip;]<\/p>\n","protected":false},"author":1,"featured_media":0,"comment_status":"open","ping_status":"open","sticky":false,"template":"","format":"standard","meta":{"site-sidebar-layout":"default","site-content-layout":"","ast-site-content-layout":"","site-content-style":"default","site-sidebar-style":"default","ast-global-header-display":"","ast-banner-title-visibility":"","ast-main-header-display":"","ast-hfb-above-header-display":"","ast-hfb-below-header-display":"","ast-hfb-mobile-header-display":"","site-post-title":"","ast-breadcrumbs-content":"","ast-featured-img":"","footer-sml-layout":"","theme-transparent-header-meta":"","adv-header-id-meta":"","stick-header-meta":"","header-above-stick-meta":"","header-main-stick-meta":"","header-below-stick-meta":"","astra-migrate-meta-layouts":"default","ast-page-background-enabled":"default","ast-page-background-meta":{"desktop":{"background-color":"var(--ast-global-color-4)","background-image":"","background-repeat":"repeat","background-position":"center center","background-size":"auto","background-attachment":"scroll","background-type":"","background-media":"","overlay-type":"","overlay-color":"","overlay-gradient":""},"tablet":{"background-color":"","background-image":"","background-repeat":"repeat","background-position":"center center","background-size":"auto","background-attachment":"scroll","background-type":"","background-media":"","overlay-type":"","overlay-color":"","overlay-gradient":""},"mobile":{"background-color":"","background-image":"","background-repeat":"repeat","background-position":"center center","background-size":"auto","background-attachment":"scroll","background-type":"","background-media":"","overlay-type":"","overlay-color":"","overlay-gradient":""}},"ast-content-background-meta":{"desktop":{"background-color":"var(--ast-global-color-5)","background-image":"","background-repeat":"repeat","background-position":"center center","background-size":"auto","background-attachment":"scroll","background-type":"","background-media":"","overlay-type":"","overlay-color":"","overlay-gradient":""},"tablet":{"background-color":"var(--ast-global-color-5)","background-image":"","background-repeat":"repeat","background-position":"center center","background-size":"auto","background-attachment":"scroll","background-type":"","background-media":"","overlay-type":"","overlay-color":"","overlay-gradient":""},"mobile":{"background-color":"var(--ast-global-color-5)","background-image":"","background-repeat":"repeat","background-position":"center center","background-size":"auto","background-attachment":"scroll","background-type":"","background-media":"","overlay-type":"","overlay-color":"","overlay-gradient":""}},"footnotes":""},"categories":[838,14084,59,60,4840,324,996],"tags":[54212,54213,54209,4740,54210,54211],"class_list":["post-17292","post","type-post","status-publish","format-standard","hentry","category-ciencia-politica","category-formacion-de-la-opinion-publica","category-linguistica","category-linguistica-aplicada","category-opinion-publica","category-psicologia","category-psicologia-social","tag-dader-garcia-jose-l","tag-emilio-feliu-garcia","tag-guillermo-jesus-lopez-garcia","tag-jenaro-talens-carmona","tag-josep-gavalda-roca","tag-vidal-beltran-jose-m"],"_links":{"self":[{"href":"https:\/\/www.deberes.net\/tesis\/wp-json\/wp\/v2\/posts\/17292","targetHints":{"allow":["GET"]}}],"collection":[{"href":"https:\/\/www.deberes.net\/tesis\/wp-json\/wp\/v2\/posts"}],"about":[{"href":"https:\/\/www.deberes.net\/tesis\/wp-json\/wp\/v2\/types\/post"}],"author":[{"embeddable":true,"href":"https:\/\/www.deberes.net\/tesis\/wp-json\/wp\/v2\/users\/1"}],"replies":[{"embeddable":true,"href":"https:\/\/www.deberes.net\/tesis\/wp-json\/wp\/v2\/comments?post=17292"}],"version-history":[{"count":0,"href":"https:\/\/www.deberes.net\/tesis\/wp-json\/wp\/v2\/posts\/17292\/revisions"}],"wp:attachment":[{"href":"https:\/\/www.deberes.net\/tesis\/wp-json\/wp\/v2\/media?parent=17292"}],"wp:term":[{"taxonomy":"category","embeddable":true,"href":"https:\/\/www.deberes.net\/tesis\/wp-json\/wp\/v2\/categories?post=17292"},{"taxonomy":"post_tag","embeddable":true,"href":"https:\/\/www.deberes.net\/tesis\/wp-json\/wp\/v2\/tags?post=17292"}],"curies":[{"name":"wp","href":"https:\/\/api.w.org\/{rel}","templated":true}]}}