{"id":17296,"date":"2002-07-06T00:00:00","date_gmt":"2002-07-06T00:00:00","guid":{"rendered":"https:\/\/www.deberes.net\/tesis\/sin-categoria\/validacion-de-parametros-acusticos-para-la-voz-expresiva-el-punto-de-inflexion-tonal-en-el-estilo-sonoro-de-los-presentadores-de-television\/"},"modified":"2002-07-06T00:00:00","modified_gmt":"2002-07-06T00:00:00","slug":"validacion-de-parametros-acusticos-para-la-voz-expresiva-el-punto-de-inflexion-tonal-en-el-estilo-sonoro-de-los-presentadores-de-television","status":"publish","type":"post","link":"https:\/\/www.deberes.net\/tesis\/fisica\/validacion-de-parametros-acusticos-para-la-voz-expresiva-el-punto-de-inflexion-tonal-en-el-estilo-sonoro-de-los-presentadores-de-television\/","title":{"rendered":"Validaci\u00f3n de par\u00e1metros ac\u00fasticos para la voz expresiva. el punto de inflexi\u00f3n tonal en el estilo sonoro de los presentadores de televisi\u00f3n"},"content":{"rendered":"<h2>Tesis doctoral de <strong>  S\u00e1nchez Rios Jos\u00e9 Alfredo <\/strong><\/h2>\n<p>Esta tesis se enmarca dentro de la problem\u00e1tica que surge cuando un sujeto se plantea c\u00f3mo produce, recibe, interpreta y se relaciona con un mensaje en su aspecto expresivo, m\u00e1s que de contenido. La investigaci\u00f3n realizada tiene como marco de conocimiento a la comunicolog\u00eda como ciencia que permite conocer no s\u00f3lo la forma en que se relaciona el ser humano, sino la capacidad que tiene para expresarse: es decir, los rasgos ac\u00fasticos expresivos en la comunicaci\u00f3n, constituidos por sonidos que cambian constantemente mediante sus propiedades f\u00edsicas: duranci\u00f3n, amplitud y frecuencia pertenecientes a los presentadores de televisi\u00f3n que nos informan.  el estudio entra en un nivel descriptivo que analiza el mensaje sonoro de los presentadores en los informativos de televisi\u00f3n espa\u00f1ola, antena 3, canal + y tele cinco, subdivididosa su vez por sexos, cadena de televisi\u00f3n, tipo de informaci\u00f3n y horario, donde el objetivo principal fue analizar las variables: el punto de inflexi\u00f3n tonal (fo), la duraci\u00f3n del grupo f\u00f3nico y la duraci\u00f3n aspirada, donde posteriormente, se ha obtenido un patr\u00f3n tonal entre todos los locutores. Los datos obtenidos (altura tonal-duraci\u00f3n) han sido analizados por sistemas inform\u00e1ticos capaces de dar resultados m\u00e1s fiables a la hora de obtener nuestras conclusiones y validar las hip\u00f3tesis planteadas desde una perspectiva cient\u00edfica.  la investigaci\u00f3n est\u00e1 enfocada hacia los procesos f\u00edsicos (ac\u00fasticos), donde se utilizaron m\u00e9todos de an\u00e1lisis que han permitido obtener datos cuantificados a trav\u00e9s de instrumentos de control, programas inform\u00e1ticos, an\u00e1lisis estad\u00edsticos o bien por bit\u00e1coras de registro en las variables analizadas, dando como resultado la construcci\u00f3n de nuevos m\u00e9todos instrumentales para el control de la voz que ayudan en la mejora no s\u00f3lo de los presentadores de los informativos, sino que adem\u00e1s de aquellos locutores que utilizan la voz humana como instrumento de expr<\/p>\n<p>&nbsp;<\/p>\n<h3>Datos acad\u00e9micos de la tesis doctoral \u00ab<strong>Validaci\u00f3n de par\u00e1metros ac\u00fasticos para la voz expresiva. el punto de inflexi\u00f3n tonal en el estilo sonoro de los presentadores de televisi\u00f3n<\/strong>\u00ab<\/h3>\n<ul>\n<li><strong>T\u00edtulo de la tesis:<\/strong>\u00a0 Validaci\u00f3n de par\u00e1metros ac\u00fasticos para la voz expresiva. el punto de inflexi\u00f3n tonal en el estilo sonoro de los presentadores de televisi\u00f3n <\/li>\n<li><strong>Autor:<\/strong>\u00a0  S\u00e1nchez Rios Jos\u00e9 Alfredo <\/li>\n<li><strong>Universidad:<\/strong>\u00a0 Aut\u00f3noma de barcelona<\/li>\n<li><strong>Fecha de lectura de la tesis:<\/strong>\u00a0 07\/06\/2002<\/li>\n<\/ul>\n<p>&nbsp;<\/p>\n<h3>Direcci\u00f3n y tribunal<\/h3>\n<ul>\n<li><strong>Director de la tesis<\/strong>\n<ul>\n<li>Angel Rodriguez Bravo<\/li>\n<\/ul>\n<\/li>\n<li><strong>Tribunal<\/strong>\n<ul>\n<li>Presidente del tribunal: Francisco Garc\u00eda Garc\u00eda <\/li>\n<li>patricia L\u00e1zaro pernias (vocal)<\/li>\n<li>Antonio Garc\u00eda s\u00e1nchez (vocal)<\/li>\n<li>emma Rodero ant\u00f3n (vocal)<\/li>\n<\/ul>\n<\/li>\n<\/ul>\n<p>&nbsp;<\/p>\n","protected":false},"excerpt":{"rendered":"<p>Tesis doctoral de S\u00e1nchez Rios Jos\u00e9 Alfredo Esta tesis se enmarca dentro de la problem\u00e1tica que surge cuando un sujeto [&hellip;]<\/p>\n","protected":false},"author":1,"featured_media":0,"comment_status":"open","ping_status":"open","sticky":false,"template":"","format":"standard","meta":{"site-sidebar-layout":"default","site-content-layout":"","ast-site-content-layout":"","site-content-style":"default","site-sidebar-style":"default","ast-global-header-display":"","ast-banner-title-visibility":"","ast-main-header-display":"","ast-hfb-above-header-display":"","ast-hfb-below-header-display":"","ast-hfb-mobile-header-display":"","site-post-title":"","ast-breadcrumbs-content":"","ast-featured-img":"","footer-sml-layout":"","theme-transparent-header-meta":"","adv-header-id-meta":"","stick-header-meta":"","header-above-stick-meta":"","header-main-stick-meta":"","header-below-stick-meta":"","astra-migrate-meta-layouts":"default","ast-page-background-enabled":"default","ast-page-background-meta":{"desktop":{"background-color":"var(--ast-global-color-4)","background-image":"","background-repeat":"repeat","background-position":"center center","background-size":"auto","background-attachment":"scroll","background-type":"","background-media":"","overlay-type":"","overlay-color":"","overlay-gradient":""},"tablet":{"background-color":"","background-image":"","background-repeat":"repeat","background-position":"center center","background-size":"auto","background-attachment":"scroll","background-type":"","background-media":"","overlay-type":"","overlay-color":"","overlay-gradient":""},"mobile":{"background-color":"","background-image":"","background-repeat":"repeat","background-position":"center center","background-size":"auto","background-attachment":"scroll","background-type":"","background-media":"","overlay-type":"","overlay-color":"","overlay-gradient":""}},"ast-content-background-meta":{"desktop":{"background-color":"var(--ast-global-color-5)","background-image":"","background-repeat":"repeat","background-position":"center center","background-size":"auto","background-attachment":"scroll","background-type":"","background-media":"","overlay-type":"","overlay-color":"","overlay-gradient":""},"tablet":{"background-color":"var(--ast-global-color-5)","background-image":"","background-repeat":"repeat","background-position":"center center","background-size":"auto","background-attachment":"scroll","background-type":"","background-media":"","overlay-type":"","overlay-color":"","overlay-gradient":""},"mobile":{"background-color":"var(--ast-global-color-5)","background-image":"","background-repeat":"repeat","background-position":"center center","background-size":"auto","background-attachment":"scroll","background-type":"","background-media":"","overlay-type":"","overlay-color":"","overlay-gradient":""}},"footnotes":""},"categories":[5190,838,4735,199,38763,24083,5051,4840,269,13715,1496],"tags":[29272,40935,54222,7470,29271,54221],"class_list":["post-17296","post","type-post","status-publish","format-standard","hentry","category-acustica","category-ciencia-politica","category-comunicaciones-sociales","category-fisica","category-fisica-de-la-diccion","category-linguistica-sociologica","category-medios-de-comunicacion-de-masas","category-opinion-publica","category-sociologia","category-sociologia-de-los-medios-de-comunicacion-de-masas","category-sociologia-del-trabajo","tag-angel-rodriguez-bravo","tag-antonio-garcia-sanchez","tag-emma-rodero-anton","tag-francisco-garcia-garcia","tag-patricia-lazaro-pernias","tag-sanchez-rios-jose-alfredo"],"_links":{"self":[{"href":"https:\/\/www.deberes.net\/tesis\/wp-json\/wp\/v2\/posts\/17296","targetHints":{"allow":["GET"]}}],"collection":[{"href":"https:\/\/www.deberes.net\/tesis\/wp-json\/wp\/v2\/posts"}],"about":[{"href":"https:\/\/www.deberes.net\/tesis\/wp-json\/wp\/v2\/types\/post"}],"author":[{"embeddable":true,"href":"https:\/\/www.deberes.net\/tesis\/wp-json\/wp\/v2\/users\/1"}],"replies":[{"embeddable":true,"href":"https:\/\/www.deberes.net\/tesis\/wp-json\/wp\/v2\/comments?post=17296"}],"version-history":[{"count":0,"href":"https:\/\/www.deberes.net\/tesis\/wp-json\/wp\/v2\/posts\/17296\/revisions"}],"wp:attachment":[{"href":"https:\/\/www.deberes.net\/tesis\/wp-json\/wp\/v2\/media?parent=17296"}],"wp:term":[{"taxonomy":"category","embeddable":true,"href":"https:\/\/www.deberes.net\/tesis\/wp-json\/wp\/v2\/categories?post=17296"},{"taxonomy":"post_tag","embeddable":true,"href":"https:\/\/www.deberes.net\/tesis\/wp-json\/wp\/v2\/tags?post=17296"}],"curies":[{"name":"wp","href":"https:\/\/api.w.org\/{rel}","templated":true}]}}