{"id":17297,"date":"2002-07-06T00:00:00","date_gmt":"2002-07-06T00:00:00","guid":{"rendered":"https:\/\/www.deberes.net\/tesis\/sin-categoria\/prensa-marroqua%c2%ad-y-relaciones-con-espana-1986-1995\/"},"modified":"2002-07-06T00:00:00","modified_gmt":"2002-07-06T00:00:00","slug":"prensa-marroqua%c2%ad-y-relaciones-con-espana-1986-1995","status":"publish","type":"post","link":"https:\/\/www.deberes.net\/tesis\/filosofia\/prensa-marroqua%c2%ad-y-relaciones-con-espana-1986-1995\/","title":{"rendered":"Prensa marroqu\u00ed y relaciones con espa\u00f1a (1986-1995)"},"content":{"rendered":"<h2>Tesis doctoral de <strong> Ihsan Regragui <\/strong><\/h2>\n<p>Entre espa\u00f1a y marruecos, existen recelos y malentendidos que se hacen patentes cada vez que surge un conflicto entre ambos. Los recelos mutuos est\u00e1n alimentados tanto por los prejuicios que prevalecen en la memoria colectiva de ambos pueblos, como por los estereotipos empleados por los medios de comunicaci\u00f3n en general y por la prensa en particular en la transmisi\u00f3n de una imagen pol\u00edtica, econ\u00f3mica y social sobre el pa\u00eds vecino. Con el presente trabajo de investigaci\u00f3n, pretendemos trazar un esbozo de la imagen que la prensa marroqu\u00ed proyecta sobre espa\u00f1a. Para captar esa imagen, hemos optado por analizar el discurso relacionado con espa\u00f1a, y emitido a lo largo de una d\u00e9cada (1986-1995), por cuatro diario marroqu\u00edes representativos de corrientes bien implantadas en el pa\u00eds: le matin, al alam, al ittihad y al bayane.  el an\u00e1lisis del discurso emitido por los cuatro peri\u00f3dicos se\u00f1alados, vino a confirmar la hip\u00f3tesis que planteamos al iniciar el presente trabajo. en la prensa marroqu\u00ed la imagen de espa\u00f1a se configura en funci\u00f3n del car\u00e1cter normalizado o conflictivo de sus relaciones con marruecos. Efectivamente, en los peri\u00f3dicos marroqu\u00edes, se alternan dos im\u00e1genes de espa\u00f1a: una imagen negativa y otra positiva. No obstante, la primera imagen que sobresale en \u00e9pocas de conflictos, predomina sobre la segunda que se proyecta en per\u00edodos de entendimiento.<\/p>\n<p>&nbsp;<\/p>\n<h3>Datos acad\u00e9micos de la tesis doctoral \u00ab<strong>Prensa marroqu\u00ed y relaciones con espa\u00f1a (1986-1995)<\/strong>\u00ab<\/h3>\n<ul>\n<li><strong>T\u00edtulo de la tesis:<\/strong>\u00a0 Prensa marroqu\u00ed y relaciones con espa\u00f1a (1986-1995) <\/li>\n<li><strong>Autor:<\/strong>\u00a0 Ihsan Regragui <\/li>\n<li><strong>Universidad:<\/strong>\u00a0 Aut\u00f3noma de Madrid<\/li>\n<li><strong>Fecha de lectura de la tesis:<\/strong>\u00a0 07\/06\/2002<\/li>\n<\/ul>\n<p>&nbsp;<\/p>\n<h3>Direcci\u00f3n y tribunal<\/h3>\n<ul>\n<li><strong>Director de la tesis<\/strong>\n<ul>\n<li>Bernab\u00e9 L\u00f3pez Garc\u00eda<\/li>\n<\/ul>\n<\/li>\n<li><strong>Tribunal<\/strong>\n<ul>\n<li>Presidente del tribunal:  Vilar ram\u00edrez Juan  bautista <\/li>\n<li>felipe Masa\u00f1a marcos (vocal)<\/li>\n<li>Juan Montabes pereisa (vocal)<\/li>\n<li>pedro Antonio Martinez lillo (vocal)<\/li>\n<\/ul>\n<\/li>\n<\/ul>\n<p>&nbsp;<\/p>\n","protected":false},"excerpt":{"rendered":"<p>Tesis doctoral de Ihsan Regragui Entre espa\u00f1a y marruecos, existen recelos y malentendidos que se hacen patentes cada vez que [&hellip;]<\/p>\n","protected":false},"author":1,"featured_media":0,"comment_status":"open","ping_status":"open","sticky":false,"template":"","format":"standard","meta":{"site-sidebar-layout":"default","site-content-layout":"","ast-site-content-layout":"","site-content-style":"default","site-sidebar-style":"default","ast-global-header-display":"","ast-banner-title-visibility":"","ast-main-header-display":"","ast-hfb-above-header-display":"","ast-hfb-below-header-display":"","ast-hfb-mobile-header-display":"","site-post-title":"","ast-breadcrumbs-content":"","ast-featured-img":"","footer-sml-layout":"","theme-transparent-header-meta":"","adv-header-id-meta":"","stick-header-meta":"","header-above-stick-meta":"","header-main-stick-meta":"","header-below-stick-meta":"","astra-migrate-meta-layouts":"default","ast-page-background-enabled":"default","ast-page-background-meta":{"desktop":{"background-color":"var(--ast-global-color-4)","background-image":"","background-repeat":"repeat","background-position":"center center","background-size":"auto","background-attachment":"scroll","background-type":"","background-media":"","overlay-type":"","overlay-color":"","overlay-gradient":""},"tablet":{"background-color":"","background-image":"","background-repeat":"repeat","background-position":"center center","background-size":"auto","background-attachment":"scroll","background-type":"","background-media":"","overlay-type":"","overlay-color":"","overlay-gradient":""},"mobile":{"background-color":"","background-image":"","background-repeat":"repeat","background-position":"center center","background-size":"auto","background-attachment":"scroll","background-type":"","background-media":"","overlay-type":"","overlay-color":"","overlay-gradient":""}},"ast-content-background-meta":{"desktop":{"background-color":"var(--ast-global-color-5)","background-image":"","background-repeat":"repeat","background-position":"center center","background-size":"auto","background-attachment":"scroll","background-type":"","background-media":"","overlay-type":"","overlay-color":"","overlay-gradient":""},"tablet":{"background-color":"var(--ast-global-color-5)","background-image":"","background-repeat":"repeat","background-position":"center center","background-size":"auto","background-attachment":"scroll","background-type":"","background-media":"","overlay-type":"","overlay-color":"","overlay-gradient":""},"mobile":{"background-color":"var(--ast-global-color-5)","background-image":"","background-repeat":"repeat","background-position":"center center","background-size":"auto","background-attachment":"scroll","background-type":"","background-media":"","overlay-type":"","overlay-color":"","overlay-gradient":""}},"footnotes":""},"categories":[165,1076,5250,6008,1078],"tags":[5650,54224,54223,54225,15025,14831],"class_list":["post-17297","post","type-post","status-publish","format-standard","hentry","category-filosofia","category-filosofia-de-la-ciencia","category-filosofia-de-las-ciencias-sociales","category-filosofia-politica","category-filosofia-social","tag-bernabe-lopez-garcia","tag-felipe-masana-marcos","tag-ihsan-regragui","tag-juan-montabes-pereisa","tag-pedro-antonio-Martinez-lillo","tag-vilar-ramirez-juan-bautista"],"_links":{"self":[{"href":"https:\/\/www.deberes.net\/tesis\/wp-json\/wp\/v2\/posts\/17297","targetHints":{"allow":["GET"]}}],"collection":[{"href":"https:\/\/www.deberes.net\/tesis\/wp-json\/wp\/v2\/posts"}],"about":[{"href":"https:\/\/www.deberes.net\/tesis\/wp-json\/wp\/v2\/types\/post"}],"author":[{"embeddable":true,"href":"https:\/\/www.deberes.net\/tesis\/wp-json\/wp\/v2\/users\/1"}],"replies":[{"embeddable":true,"href":"https:\/\/www.deberes.net\/tesis\/wp-json\/wp\/v2\/comments?post=17297"}],"version-history":[{"count":0,"href":"https:\/\/www.deberes.net\/tesis\/wp-json\/wp\/v2\/posts\/17297\/revisions"}],"wp:attachment":[{"href":"https:\/\/www.deberes.net\/tesis\/wp-json\/wp\/v2\/media?parent=17297"}],"wp:term":[{"taxonomy":"category","embeddable":true,"href":"https:\/\/www.deberes.net\/tesis\/wp-json\/wp\/v2\/categories?post=17297"},{"taxonomy":"post_tag","embeddable":true,"href":"https:\/\/www.deberes.net\/tesis\/wp-json\/wp\/v2\/tags?post=17297"}],"curies":[{"name":"wp","href":"https:\/\/api.w.org\/{rel}","templated":true}]}}