{"id":17306,"date":"2002-07-06T00:00:00","date_gmt":"2002-07-06T00:00:00","guid":{"rendered":"https:\/\/www.deberes.net\/tesis\/sin-categoria\/estado-e-informacion-el-no-do-al-servicio-del-estado-unitario-1943-1945\/"},"modified":"2002-07-06T00:00:00","modified_gmt":"2002-07-06T00:00:00","slug":"estado-e-informacion-el-no-do-al-servicio-del-estado-unitario-1943-1945","status":"publish","type":"post","link":"https:\/\/www.deberes.net\/tesis\/ciencia-politica\/estado-e-informacion-el-no-do-al-servicio-del-estado-unitario-1943-1945\/","title":{"rendered":"Estado e informaci\u00f3n. el no-do al servicio del estado unitario (1943-1945)"},"content":{"rendered":"<h2>Tesis doctoral de <strong> Miguel Angel Hern\u00e1ndez Robledo <\/strong><\/h2>\n<p>El trabajo de investigaci\u00f3n \u00ab\u00bbestado e informaci\u00f3n. El no-do al servicio del estado unitario (1943-1945), esclarece los objetivos de propaganda e informaci\u00f3n que el r\u00e9gimen de franco asign\u00f3 a la entidad cinematogr\u00e1fica en el periodo 1943-1945.  para ello, en primer lugar, analiza la estructura adminsitrativa del no-do y su pol\u00edtica de propaganda seg\u00fan las normas y directrices impuestas por la delegaci\u00f3n nacional de propaganda, dependiente de la visecretar\u00eda de educaci\u00f3n popular.  en segundo lugar, se ha profundizado en las tareas informativas del no-do, analizando las noticias cinematogr\u00e1ficas de las ediciones a y b desde la doctrina ideol\u00f3gica del estado unitario. Doctrina propuesta por ide\u00f3logas del franquismo como alfonso garc\u00eda valdecasas, javier conde, jose luis de arrese, raimundo fern\u00e1ndez cuesta, etc. As\u00ed, las informaciones cinematogr\u00e1ficas se escogieron siguiendo principios como el cauchillaje, la unidad, la c&#8211;, la reconstrucci\u00f3n, la neutralidad, la medicaci\u00f3n en la guerra, etc.<\/p>\n<p>&nbsp;<\/p>\n<h3>Datos acad\u00e9micos de la tesis doctoral \u00ab<strong>Estado e informaci\u00f3n. el no-do al servicio del estado unitario (1943-1945)<\/strong>\u00ab<\/h3>\n<ul>\n<li><strong>T\u00edtulo de la tesis:<\/strong>\u00a0 Estado e informaci\u00f3n. el no-do al servicio del estado unitario (1943-1945) <\/li>\n<li><strong>Autor:<\/strong>\u00a0 Miguel Angel Hern\u00e1ndez Robledo <\/li>\n<li><strong>Universidad:<\/strong>\u00a0 Pontificia de salamanca<\/li>\n<li><strong>Fecha de lectura de la tesis:<\/strong>\u00a0 07\/06\/2002<\/li>\n<\/ul>\n<p>&nbsp;<\/p>\n<h3>Direcci\u00f3n y tribunal<\/h3>\n<ul>\n<li><strong>Director de la tesis<\/strong>\n<ul>\n<li>Antonio Garc\u00eda Madrid<\/li>\n<\/ul>\n<\/li>\n<li><strong>Tribunal<\/strong>\n<ul>\n<li>Presidente del tribunal: Mar\u00eda no Cebrian herreros <\/li>\n<li>ingrid Schulze schneider (vocal)<\/li>\n<li> Barreiro rivas Jos\u00e9 Luis (vocal)<\/li>\n<li> Gonz\u00e1lez de cardenal olegario (vocal)<\/li>\n<\/ul>\n<\/li>\n<\/ul>\n<p>&nbsp;<\/p>\n","protected":false},"excerpt":{"rendered":"<p>Tesis doctoral de Miguel Angel Hern\u00e1ndez Robledo El trabajo de investigaci\u00f3n \u00ab\u00bbestado e informaci\u00f3n. El no-do al servicio del estado [&hellip;]<\/p>\n","protected":false},"author":1,"featured_media":0,"comment_status":"open","ping_status":"open","sticky":false,"template":"","format":"standard","meta":{"site-sidebar-layout":"default","site-content-layout":"","ast-site-content-layout":"","site-content-style":"default","site-sidebar-style":"default","ast-global-header-display":"","ast-banner-title-visibility":"","ast-main-header-display":"","ast-hfb-above-header-display":"","ast-hfb-below-header-display":"","ast-hfb-mobile-header-display":"","site-post-title":"","ast-breadcrumbs-content":"","ast-featured-img":"","footer-sml-layout":"","theme-transparent-header-meta":"","adv-header-id-meta":"","stick-header-meta":"","header-above-stick-meta":"","header-main-stick-meta":"","header-below-stick-meta":"","astra-migrate-meta-layouts":"default","ast-page-background-enabled":"default","ast-page-background-meta":{"desktop":{"background-color":"var(--ast-global-color-4)","background-image":"","background-repeat":"repeat","background-position":"center center","background-size":"auto","background-attachment":"scroll","background-type":"","background-media":"","overlay-type":"","overlay-color":"","overlay-gradient":""},"tablet":{"background-color":"","background-image":"","background-repeat":"repeat","background-position":"center center","background-size":"auto","background-attachment":"scroll","background-type":"","background-media":"","overlay-type":"","overlay-color":"","overlay-gradient":""},"mobile":{"background-color":"","background-image":"","background-repeat":"repeat","background-position":"center center","background-size":"auto","background-attachment":"scroll","background-type":"","background-media":"","overlay-type":"","overlay-color":"","overlay-gradient":""}},"ast-content-background-meta":{"desktop":{"background-color":"var(--ast-global-color-5)","background-image":"","background-repeat":"repeat","background-position":"center center","background-size":"auto","background-attachment":"scroll","background-type":"","background-media":"","overlay-type":"","overlay-color":"","overlay-gradient":""},"tablet":{"background-color":"var(--ast-global-color-5)","background-image":"","background-repeat":"repeat","background-position":"center center","background-size":"auto","background-attachment":"scroll","background-type":"","background-media":"","overlay-type":"","overlay-color":"","overlay-gradient":""},"mobile":{"background-color":"var(--ast-global-color-5)","background-image":"","background-repeat":"repeat","background-position":"center center","background-size":"auto","background-attachment":"scroll","background-type":"","background-media":"","overlay-type":"","overlay-color":"","overlay-gradient":""}},"footnotes":""},"categories":[838,5051,4840,948,23527],"tags":[54253,4974,54255,54254,4909,54252],"class_list":["post-17306","post","type-post","status-publish","format-standard","hentry","category-ciencia-politica","category-medios-de-comunicacion-de-masas","category-opinion-publica","category-pontificia-de-salamanca","category-propaganda","tag-antonio-garcia-madrid","tag-barreiro-rivas-jose-luis","tag-gonzalez-de-cardenal-olegario","tag-ingrid-schulze-schneider","tag-maria-no-cebrian-herreros","tag-miguel-angel-hernandez-robledo"],"_links":{"self":[{"href":"https:\/\/www.deberes.net\/tesis\/wp-json\/wp\/v2\/posts\/17306","targetHints":{"allow":["GET"]}}],"collection":[{"href":"https:\/\/www.deberes.net\/tesis\/wp-json\/wp\/v2\/posts"}],"about":[{"href":"https:\/\/www.deberes.net\/tesis\/wp-json\/wp\/v2\/types\/post"}],"author":[{"embeddable":true,"href":"https:\/\/www.deberes.net\/tesis\/wp-json\/wp\/v2\/users\/1"}],"replies":[{"embeddable":true,"href":"https:\/\/www.deberes.net\/tesis\/wp-json\/wp\/v2\/comments?post=17306"}],"version-history":[{"count":0,"href":"https:\/\/www.deberes.net\/tesis\/wp-json\/wp\/v2\/posts\/17306\/revisions"}],"wp:attachment":[{"href":"https:\/\/www.deberes.net\/tesis\/wp-json\/wp\/v2\/media?parent=17306"}],"wp:term":[{"taxonomy":"category","embeddable":true,"href":"https:\/\/www.deberes.net\/tesis\/wp-json\/wp\/v2\/categories?post=17306"},{"taxonomy":"post_tag","embeddable":true,"href":"https:\/\/www.deberes.net\/tesis\/wp-json\/wp\/v2\/tags?post=17306"}],"curies":[{"name":"wp","href":"https:\/\/api.w.org\/{rel}","templated":true}]}}