{"id":17312,"date":"2002-08-06T00:00:00","date_gmt":"2002-08-06T00:00:00","guid":{"rendered":"https:\/\/www.deberes.net\/tesis\/sin-categoria\/la-prensa-como-configuradora-del-nuevo-orden-internacional-analisis-del-tratamiento-del-concepto-en-los-editoriales-sobre-la-guerra-en-la-antigua-yugoslavia\/"},"modified":"2002-08-06T00:00:00","modified_gmt":"2002-08-06T00:00:00","slug":"la-prensa-como-configuradora-del-nuevo-orden-internacional-analisis-del-tratamiento-del-concepto-en-los-editoriales-sobre-la-guerra-en-la-antigua-yugoslavia","status":"publish","type":"post","link":"https:\/\/www.deberes.net\/tesis\/ciencia-politica\/la-prensa-como-configuradora-del-nuevo-orden-internacional-analisis-del-tratamiento-del-concepto-en-los-editoriales-sobre-la-guerra-en-la-antigua-yugoslavia\/","title":{"rendered":"La prensa como configuradora del nuevo orden internacional: an\u00e1lisis del tratamiento del concepto en los editoriales sobre la guerra en la antigua yugoslavia"},"content":{"rendered":"<h2>Tesis doctoral de <strong>  Garate Otegui M. Luisa <\/strong><\/h2>\n<p>En el \u00e1mbito de la informaci\u00f3n internacional, cobra una especial importancia la teor\u00eda de la mediaci\u00f3n. La ausencia de un contacto directo con la realidad internacional y la necesidad de hacer inteligibles acontecimientos que por la distancia geogr\u00e1fica o cultural resultan m\u00e1s complicados, aumenta la necesidad de recurrir a la informaci\u00f3n de los medios que act\u00faan como int\u00e9rpretes de esa realidad y difunden una reproducci\u00f3n de la situaci\u00f3n real. El p\u00fablico no especializado no suele tener otras referencias para saber lo que ocurre y formarse su propio criterio.  estas consideraciones tinen un especial efecto en momentos de cierta confusi\u00f3n, similares a los que siguieron a la desaparici\u00f3n del orden bipolar de la guerra fr\u00eda. Comienza entonces una etapa de cierta indefinici\u00f3n para la que se recupera el nombre, tambi\u00e9n impreciso, de nuevo orden internacional. los te\u00f3ricos y pol\u00edticos sostienen perspectivas diferentes sobre los distintos componentes que forman ese sistema de la posguerra fr\u00eda, un per\u00edodo caracterizado por su car\u00e1cter transitorio y por la articulaci\u00f3n entre el cambio y la continuidad respecto a la etapa bipolar. Y esta falta de definici\u00f3n acrecienta la influencia de la informaci\u00f3n y, sobre todo, de la opini\u00f3n de los medios en la configuraci\u00f3n de la opini\u00f3n p\u00fablica acerca de dicho concepto b\u00e1sico que condiciona el modo de entender una situaci\u00f3n de cambio crucial y una realidad novedosa.  el objetivo de la presente investigaci\u00f3n se centra en analizar los modelos de nujevo orden internacional (noi) que transmiten y proponen tres medios impresos espa\u00f1oles -abc, el pa\u00eds y el mundo- en sus editoriales sobre la guerra en la ex yugoslavia. El significado que adjudique la opini\u00f3n p\u00fablica a dicho concepto pol\u00edtico vendr\u00e1 influido significativamente por los modelos difundidos por los diarios. Junto a este objetivo prioritario y partiendo de que la realidad que difunden los medios es una \u00ab\u00bbrealidad media<\/p>\n<p>&nbsp;<\/p>\n<h3>Datos acad\u00e9micos de la tesis doctoral \u00ab<strong>La prensa como configuradora del nuevo orden internacional: an\u00e1lisis del tratamiento del concepto en los editoriales sobre la guerra en la antigua yugoslavia<\/strong>\u00ab<\/h3>\n<ul>\n<li><strong>T\u00edtulo de la tesis:<\/strong>\u00a0 La prensa como configuradora del nuevo orden internacional: an\u00e1lisis del tratamiento del concepto en los editoriales sobre la guerra en la antigua yugoslavia <\/li>\n<li><strong>Autor:<\/strong>\u00a0  Garate Otegui M. Luisa <\/li>\n<li><strong>Universidad:<\/strong>\u00a0 Navarra<\/li>\n<li><strong>Fecha de lectura de la tesis:<\/strong>\u00a0 08\/06\/2002<\/li>\n<\/ul>\n<p>&nbsp;<\/p>\n<h3>Direcci\u00f3n y tribunal<\/h3>\n<ul>\n<li><strong>Director de la tesis<\/strong>\n<ul>\n<li>alfaro La Porte Fern\u00e1ndez<\/li>\n<\/ul>\n<\/li>\n<li><strong>Tribunal<\/strong>\n<ul>\n<li>Presidente del tribunal: pere Vilanova trias <\/li>\n<li>Jos\u00e9 Javier Sanchez aranda (vocal)<\/li>\n<li>pedro Lozano bartolozzi (vocal)<\/li>\n<li> P\u00e9rez del pozo Mar\u00eda Jos\u00e9 (vocal)<\/li>\n<\/ul>\n<\/li>\n<\/ul>\n<p>&nbsp;<\/p>\n","protected":false},"excerpt":{"rendered":"<p>Tesis doctoral de Garate Otegui M. Luisa En el \u00e1mbito de la informaci\u00f3n internacional, cobra una especial importancia la teor\u00eda [&hellip;]<\/p>\n","protected":false},"author":1,"featured_media":0,"comment_status":"open","ping_status":"open","sticky":false,"template":"","format":"standard","meta":{"site-sidebar-layout":"default","site-content-layout":"","ast-site-content-layout":"","site-content-style":"default","site-sidebar-style":"default","ast-global-header-display":"","ast-banner-title-visibility":"","ast-main-header-display":"","ast-hfb-above-header-display":"","ast-hfb-below-header-display":"","ast-hfb-mobile-header-display":"","site-post-title":"","ast-breadcrumbs-content":"","ast-featured-img":"","footer-sml-layout":"","theme-transparent-header-meta":"","adv-header-id-meta":"","stick-header-meta":"","header-above-stick-meta":"","header-main-stick-meta":"","header-below-stick-meta":"","astra-migrate-meta-layouts":"default","ast-page-background-enabled":"default","ast-page-background-meta":{"desktop":{"background-color":"var(--ast-global-color-4)","background-image":"","background-repeat":"repeat","background-position":"center center","background-size":"auto","background-attachment":"scroll","background-type":"","background-media":"","overlay-type":"","overlay-color":"","overlay-gradient":""},"tablet":{"background-color":"","background-image":"","background-repeat":"repeat","background-position":"center center","background-size":"auto","background-attachment":"scroll","background-type":"","background-media":"","overlay-type":"","overlay-color":"","overlay-gradient":""},"mobile":{"background-color":"","background-image":"","background-repeat":"repeat","background-position":"center center","background-size":"auto","background-attachment":"scroll","background-type":"","background-media":"","overlay-type":"","overlay-color":"","overlay-gradient":""}},"ast-content-background-meta":{"desktop":{"background-color":"var(--ast-global-color-5)","background-image":"","background-repeat":"repeat","background-position":"center center","background-size":"auto","background-attachment":"scroll","background-type":"","background-media":"","overlay-type":"","overlay-color":"","overlay-gradient":""},"tablet":{"background-color":"var(--ast-global-color-5)","background-image":"","background-repeat":"repeat","background-position":"center center","background-size":"auto","background-attachment":"scroll","background-type":"","background-media":"","overlay-type":"","overlay-color":"","overlay-gradient":""},"mobile":{"background-color":"var(--ast-global-color-5)","background-image":"","background-repeat":"repeat","background-position":"center center","background-size":"auto","background-attachment":"scroll","background-type":"","background-media":"","overlay-type":"","overlay-color":"","overlay-gradient":""}},"footnotes":""},"categories":[838,17749,4840,4841],"tags":[54273,54272,23230,17926,29450,54274],"class_list":["post-17312","post","type-post","status-publish","format-standard","hentry","category-ciencia-politica","category-navarra","category-opinion-publica","category-prensa","tag-alfaro-la-porte-fernandez","tag-garate-otegui-m-luisa","tag-jose-javier-sanchez-aranda","tag-pedro-lozano-bartolozzi","tag-pere-vilanova-trias","tag-perez-del-pozo-maria-jose"],"_links":{"self":[{"href":"https:\/\/www.deberes.net\/tesis\/wp-json\/wp\/v2\/posts\/17312","targetHints":{"allow":["GET"]}}],"collection":[{"href":"https:\/\/www.deberes.net\/tesis\/wp-json\/wp\/v2\/posts"}],"about":[{"href":"https:\/\/www.deberes.net\/tesis\/wp-json\/wp\/v2\/types\/post"}],"author":[{"embeddable":true,"href":"https:\/\/www.deberes.net\/tesis\/wp-json\/wp\/v2\/users\/1"}],"replies":[{"embeddable":true,"href":"https:\/\/www.deberes.net\/tesis\/wp-json\/wp\/v2\/comments?post=17312"}],"version-history":[{"count":0,"href":"https:\/\/www.deberes.net\/tesis\/wp-json\/wp\/v2\/posts\/17312\/revisions"}],"wp:attachment":[{"href":"https:\/\/www.deberes.net\/tesis\/wp-json\/wp\/v2\/media?parent=17312"}],"wp:term":[{"taxonomy":"category","embeddable":true,"href":"https:\/\/www.deberes.net\/tesis\/wp-json\/wp\/v2\/categories?post=17312"},{"taxonomy":"post_tag","embeddable":true,"href":"https:\/\/www.deberes.net\/tesis\/wp-json\/wp\/v2\/tags?post=17312"}],"curies":[{"name":"wp","href":"https:\/\/api.w.org\/{rel}","templated":true}]}}