{"id":17321,"date":"2002-10-06T00:00:00","date_gmt":"2002-10-06T00:00:00","guid":{"rendered":"https:\/\/www.deberes.net\/tesis\/sin-categoria\/evaluacion-de-unidades-didacticas-de-teleformacion-de-directivos-de-instituciones-educativas\/"},"modified":"2002-10-06T00:00:00","modified_gmt":"2002-10-06T00:00:00","slug":"evaluacion-de-unidades-didacticas-de-teleformacion-de-directivos-de-instituciones-educativas","status":"publish","type":"post","link":"https:\/\/www.deberes.net\/tesis\/formacion-y-empleo-de-profesores\/evaluacion-de-unidades-didacticas-de-teleformacion-de-directivos-de-instituciones-educativas\/","title":{"rendered":"Evaluaci\u00f3n de unidades did\u00e1cticas de teleformaci\u00f3n de directivos de instituciones educativas"},"content":{"rendered":"<h2>Tesis doctoral de <strong> Francisco Andr\u00e9s Garc\u00eda Mart\u00ednez <\/strong><\/h2>\n<p>El marco te\u00f3rico de esta investigaci\u00f3n analiza la tecnolog\u00eda de la ead y el campo sem\u00e1ntico y conceptual de la teleformaci\u00f3n. Igualmente realiza un estudio diacr\u00f3nico sobre los directivos de instituciones educativas, la formaci\u00f3n de \u00e9stos y las l\u00edneas de investigaci\u00f3n existentes en torno a esta figura en crisis.  la investigaci\u00f3n aplicada consiste en el dise\u00f1o, implementaci\u00f3n y evoluci\u00f3n de un programa piloto de formaci\u00f3n on line de directivos de instituciones educativas, el cual contiene un conjunto de unidades did\u00e1cticas hipermedia y una bater\u00eda de instrumentos de evaluaci\u00f3n (cuestionarios electr\u00f3nicos) originales cuyo objetivo es el evaluar la calidad de los materiales curriculares y los productos de los procesos de interacci\u00f3n, teleformaci\u00f3n y autoaprendizaje.<\/p>\n<p>&nbsp;<\/p>\n<h3>Datos acad\u00e9micos de la tesis doctoral \u00ab<strong>Evaluaci\u00f3n de unidades did\u00e1cticas de teleformaci\u00f3n de directivos de instituciones educativas<\/strong>\u00ab<\/h3>\n<ul>\n<li><strong>T\u00edtulo de la tesis:<\/strong>\u00a0 Evaluaci\u00f3n de unidades did\u00e1cticas de teleformaci\u00f3n de directivos de instituciones educativas <\/li>\n<li><strong>Autor:<\/strong>\u00a0 Francisco Andr\u00e9s Garc\u00eda Mart\u00ednez <\/li>\n<li><strong>Universidad:<\/strong>\u00a0 Granada<\/li>\n<li><strong>Fecha de lectura de la tesis:<\/strong>\u00a0 10\/06\/2002<\/li>\n<\/ul>\n<p>&nbsp;<\/p>\n<h3>Direcci\u00f3n y tribunal<\/h3>\n<ul>\n<li><strong>Director de la tesis<\/strong>\n<ul>\n<li>Manuel Lorenzo Delgado<\/li>\n<\/ul>\n<\/li>\n<li><strong>Tribunal<\/strong>\n<ul>\n<li>Presidente del tribunal: felix Moya aneg\u00f3n <\/li>\n<li>Carlos Marcelo Garc\u00eda (vocal)<\/li>\n<li>joan Teixid\u00f3 saballs (vocal)<\/li>\n<li>  (vocal)<\/li>\n<\/ul>\n<\/li>\n<\/ul>\n<p>&nbsp;<\/p>\n","protected":false},"excerpt":{"rendered":"<p>Tesis doctoral de Francisco Andr\u00e9s Garc\u00eda Mart\u00ednez El marco te\u00f3rico de esta investigaci\u00f3n analiza la tecnolog\u00eda de la ead y [&hellip;]<\/p>\n","protected":false},"author":1,"featured_media":0,"comment_status":"open","ping_status":"open","sticky":false,"template":"","format":"standard","meta":{"site-sidebar-layout":"default","site-content-layout":"","ast-site-content-layout":"","site-content-style":"default","site-sidebar-style":"default","ast-global-header-display":"","ast-banner-title-visibility":"","ast-main-header-display":"","ast-hfb-above-header-display":"","ast-hfb-below-header-display":"","ast-hfb-mobile-header-display":"","site-post-title":"","ast-breadcrumbs-content":"","ast-featured-img":"","footer-sml-layout":"","theme-transparent-header-meta":"","adv-header-id-meta":"","stick-header-meta":"","header-above-stick-meta":"","header-main-stick-meta":"","header-below-stick-meta":"","astra-migrate-meta-layouts":"default","ast-page-background-enabled":"default","ast-page-background-meta":{"desktop":{"background-color":"var(--ast-global-color-4)","background-image":"","background-repeat":"repeat","background-position":"center center","background-size":"auto","background-attachment":"scroll","background-type":"","background-media":"","overlay-type":"","overlay-color":"","overlay-gradient":""},"tablet":{"background-color":"","background-image":"","background-repeat":"repeat","background-position":"center center","background-size":"auto","background-attachment":"scroll","background-type":"","background-media":"","overlay-type":"","overlay-color":"","overlay-gradient":""},"mobile":{"background-color":"","background-image":"","background-repeat":"repeat","background-position":"center center","background-size":"auto","background-attachment":"scroll","background-type":"","background-media":"","overlay-type":"","overlay-color":"","overlay-gradient":""}},"ast-content-background-meta":{"desktop":{"background-color":"var(--ast-global-color-5)","background-image":"","background-repeat":"repeat","background-position":"center center","background-size":"auto","background-attachment":"scroll","background-type":"","background-media":"","overlay-type":"","overlay-color":"","overlay-gradient":""},"tablet":{"background-color":"var(--ast-global-color-5)","background-image":"","background-repeat":"repeat","background-position":"center center","background-size":"auto","background-attachment":"scroll","background-type":"","background-media":"","overlay-type":"","overlay-color":"","overlay-gradient":""},"mobile":{"background-color":"var(--ast-global-color-5)","background-image":"","background-repeat":"repeat","background-position":"center center","background-size":"auto","background-attachment":"scroll","background-type":"","background-media":"","overlay-type":"","overlay-color":"","overlay-gradient":""}},"footnotes":""},"categories":[1183,1140,7611,1184,1141,1288],"tags":[26637,2306,54296,29491,8686],"class_list":["post-17321","post","type-post","status-publish","format-standard","hentry","category-formacion-profesional","category-formacion-y-empleo-de-profesores","category-organizacion-y-direccion-de-las-instituciones-educativas","category-organizacion-y-planificacion-de-la-educacion","category-pedagogia","category-preparacion-de-profesores","tag-carlos-marcelo-garcia","tag-felix-moya-anegon","tag-francisco-andres-garcia-Martinez","tag-joan-teixido-saballs","tag-manuel-lorenzo-delgado"],"_links":{"self":[{"href":"https:\/\/www.deberes.net\/tesis\/wp-json\/wp\/v2\/posts\/17321","targetHints":{"allow":["GET"]}}],"collection":[{"href":"https:\/\/www.deberes.net\/tesis\/wp-json\/wp\/v2\/posts"}],"about":[{"href":"https:\/\/www.deberes.net\/tesis\/wp-json\/wp\/v2\/types\/post"}],"author":[{"embeddable":true,"href":"https:\/\/www.deberes.net\/tesis\/wp-json\/wp\/v2\/users\/1"}],"replies":[{"embeddable":true,"href":"https:\/\/www.deberes.net\/tesis\/wp-json\/wp\/v2\/comments?post=17321"}],"version-history":[{"count":0,"href":"https:\/\/www.deberes.net\/tesis\/wp-json\/wp\/v2\/posts\/17321\/revisions"}],"wp:attachment":[{"href":"https:\/\/www.deberes.net\/tesis\/wp-json\/wp\/v2\/media?parent=17321"}],"wp:term":[{"taxonomy":"category","embeddable":true,"href":"https:\/\/www.deberes.net\/tesis\/wp-json\/wp\/v2\/categories?post=17321"},{"taxonomy":"post_tag","embeddable":true,"href":"https:\/\/www.deberes.net\/tesis\/wp-json\/wp\/v2\/tags?post=17321"}],"curies":[{"name":"wp","href":"https:\/\/api.w.org\/{rel}","templated":true}]}}