{"id":17385,"date":"2002-12-06T00:00:00","date_gmt":"2002-12-06T00:00:00","guid":{"rendered":"https:\/\/www.deberes.net\/tesis\/sin-categoria\/tradicion-y-renovacion-poetica-en-la-obra-de-jose-bergama%c2%adn\/"},"modified":"2002-12-06T00:00:00","modified_gmt":"2002-12-06T00:00:00","slug":"tradicion-y-renovacion-poetica-en-la-obra-de-jose-bergama%c2%adn","status":"publish","type":"post","link":"https:\/\/www.deberes.net\/tesis\/linguistica\/tradicion-y-renovacion-poetica-en-la-obra-de-jose-bergama%c2%adn\/","title":{"rendered":"Tradici\u00f3n y renovaci\u00f3n po\u00e9tica en la obra de jos\u00e9 bergam\u00edn"},"content":{"rendered":"<h2>Tesis doctoral de <strong>  Gonz\u00e1lez Izquierdo M. Milagros <\/strong><\/h2>\n<p>Es un estudio hist\u00f3rico-cr\u00edtico de la literatura espa\u00f1ola contempor\u00e1nea a partir de la obra ensay\u00edstica de jos\u00e9 bergam\u00edn, con especial atenci\u00f3n por el aforismo del director de cruz raya. En los cap\u00edtulos iniciales se analiza la relaci\u00f3n de ese autor con sus maestros, con los escritores m\u00e1s representativos de la \u00abnueva escritura\u00bb de lso a\u00f1os 20 y 30 del siglo xx, con la realidad del exilio despu\u00e9s de 1939 y con los autores espa\u00f1oles que desde los siglos de oro constituyen el sustrato de nuestra tradici\u00f3n literaria. De esta forma, el binomio tradici\u00f3n y renovaci\u00f3n literarias en bergam\u00edn queda explicado en lo m\u00e1s representativo de su prosa, que, como indica la propia doctoranda en la introducci\u00f3n, aunque no son las \u00fanicas expresiones de la escritura de este autor, s\u00ed destacan como las necesarias y suficientes para que se entienda el objeto de la tesis, esto es, el alance del di\u00e1logo entre las ra\u00edces de la tradici\u00f3n espa\u00f1ola, con lope de vega, cervantes, calder\u00f3n, san juan de la cruz, etc., Y la renovaci\u00f3n que animaba a los impulsores del arte y de la literatura desde los a\u00f1os veinte.  los dos \u00faltimos cap\u00edtulos el vi y el vii est\u00e1n dedicados al an\u00e1lisis espec\u00edfico y detenido de los aforismo y de los ensayos. Concluye con unas conclusiones, adem\u00e1s de un ap\u00e9ndice documental y una extensa bibliograf\u00eda.<\/p>\n<p>&nbsp;<\/p>\n<h3>Datos acad\u00e9micos de la tesis doctoral \u00ab<strong>Tradici\u00f3n y renovaci\u00f3n po\u00e9tica en la obra de jos\u00e9 bergam\u00edn<\/strong>\u00ab<\/h3>\n<ul>\n<li><strong>T\u00edtulo de la tesis:<\/strong>\u00a0 Tradici\u00f3n y renovaci\u00f3n po\u00e9tica en la obra de jos\u00e9 bergam\u00edn <\/li>\n<li><strong>Autor:<\/strong>\u00a0  Gonz\u00e1lez Izquierdo M. Milagros <\/li>\n<li><strong>Universidad:<\/strong>\u00a0 La laguna<\/li>\n<li><strong>Fecha de lectura de la tesis:<\/strong>\u00a0 12\/06\/2002<\/li>\n<\/ul>\n<p>&nbsp;<\/p>\n<h3>Direcci\u00f3n y tribunal<\/h3>\n<ul>\n<li><strong>Director de la tesis<\/strong>\n<ul>\n<li>Nilo Palenzuela Borges<\/li>\n<\/ul>\n<\/li>\n<li><strong>Tribunal<\/strong>\n<ul>\n<li>Presidente del tribunal: Jos\u00e9 Mar\u00eda Balcells dom\u00e9nech <\/li>\n<li>Miguel Martin\u00f3n cejas (vocal)<\/li>\n<li>yolanda Arencibia santana (vocal)<\/li>\n<li>pilar Carre\u00f1o corbella (vocal)<\/li>\n<\/ul>\n<\/li>\n<\/ul>\n<p>&nbsp;<\/p>\n","protected":false},"excerpt":{"rendered":"<p>Tesis doctoral de Gonz\u00e1lez Izquierdo M. Milagros Es un estudio hist\u00f3rico-cr\u00edtico de la literatura espa\u00f1ola contempor\u00e1nea a partir de la [&hellip;]<\/p>\n","protected":false},"author":1,"featured_media":0,"comment_status":"open","ping_status":"open","sticky":false,"template":"","format":"standard","meta":{"site-sidebar-layout":"default","site-content-layout":"","ast-site-content-layout":"","site-content-style":"default","site-sidebar-style":"default","ast-global-header-display":"","ast-banner-title-visibility":"","ast-main-header-display":"","ast-hfb-above-header-display":"","ast-hfb-below-header-display":"","ast-hfb-mobile-header-display":"","site-post-title":"","ast-breadcrumbs-content":"","ast-featured-img":"","footer-sml-layout":"","theme-transparent-header-meta":"","adv-header-id-meta":"","stick-header-meta":"","header-above-stick-meta":"","header-main-stick-meta":"","header-below-stick-meta":"","astra-migrate-meta-layouts":"default","ast-page-background-enabled":"default","ast-page-background-meta":{"desktop":{"background-color":"var(--ast-global-color-4)","background-image":"","background-repeat":"repeat","background-position":"center center","background-size":"auto","background-attachment":"scroll","background-type":"","background-media":"","overlay-type":"","overlay-color":"","overlay-gradient":""},"tablet":{"background-color":"","background-image":"","background-repeat":"repeat","background-position":"center center","background-size":"auto","background-attachment":"scroll","background-type":"","background-media":"","overlay-type":"","overlay-color":"","overlay-gradient":""},"mobile":{"background-color":"","background-image":"","background-repeat":"repeat","background-position":"center center","background-size":"auto","background-attachment":"scroll","background-type":"","background-media":"","overlay-type":"","overlay-color":"","overlay-gradient":""}},"ast-content-background-meta":{"desktop":{"background-color":"var(--ast-global-color-5)","background-image":"","background-repeat":"repeat","background-position":"center center","background-size":"auto","background-attachment":"scroll","background-type":"","background-media":"","overlay-type":"","overlay-color":"","overlay-gradient":""},"tablet":{"background-color":"var(--ast-global-color-5)","background-image":"","background-repeat":"repeat","background-position":"center center","background-size":"auto","background-attachment":"scroll","background-type":"","background-media":"","overlay-type":"","overlay-color":"","overlay-gradient":""},"mobile":{"background-color":"var(--ast-global-color-5)","background-image":"","background-repeat":"repeat","background-position":"center center","background-size":"auto","background-attachment":"scroll","background-type":"","background-media":"","overlay-type":"","overlay-color":"","overlay-gradient":""}},"footnotes":""},"categories":[148,147,2965,9915,636,59,60,628],"tags":[54464,53398,54466,54465,54467,16734],"class_list":["post-17385","post","type-post","status-publish","format-standard","hentry","category-analisis-literario","category-ciencias-de-las-artes-y-las-letras","category-estilo-y-estetica-literarios","category-la-laguna","category-lengua-y-literatura","category-linguistica","category-linguistica-aplicada","category-teoria-analisis-y-critica-literarios","tag-gonzalez-izquierdo-m-milagros","tag-jose-maria-balcells-domenech","tag-miguel-martinon-cejas","tag-nilo-palenzuela-borges","tag-pilar-carreno-corbella","tag-yolanda-arencibia-santana"],"_links":{"self":[{"href":"https:\/\/www.deberes.net\/tesis\/wp-json\/wp\/v2\/posts\/17385","targetHints":{"allow":["GET"]}}],"collection":[{"href":"https:\/\/www.deberes.net\/tesis\/wp-json\/wp\/v2\/posts"}],"about":[{"href":"https:\/\/www.deberes.net\/tesis\/wp-json\/wp\/v2\/types\/post"}],"author":[{"embeddable":true,"href":"https:\/\/www.deberes.net\/tesis\/wp-json\/wp\/v2\/users\/1"}],"replies":[{"embeddable":true,"href":"https:\/\/www.deberes.net\/tesis\/wp-json\/wp\/v2\/comments?post=17385"}],"version-history":[{"count":0,"href":"https:\/\/www.deberes.net\/tesis\/wp-json\/wp\/v2\/posts\/17385\/revisions"}],"wp:attachment":[{"href":"https:\/\/www.deberes.net\/tesis\/wp-json\/wp\/v2\/media?parent=17385"}],"wp:term":[{"taxonomy":"category","embeddable":true,"href":"https:\/\/www.deberes.net\/tesis\/wp-json\/wp\/v2\/categories?post=17385"},{"taxonomy":"post_tag","embeddable":true,"href":"https:\/\/www.deberes.net\/tesis\/wp-json\/wp\/v2\/tags?post=17385"}],"curies":[{"name":"wp","href":"https:\/\/api.w.org\/{rel}","templated":true}]}}