{"id":17391,"date":"2002-12-06T00:00:00","date_gmt":"2002-12-06T00:00:00","guid":{"rendered":"https:\/\/www.deberes.net\/tesis\/sin-categoria\/la-representacion-de-la-mujer-en-la-narrativa-de-la-segunda-mitad-del-siglo-xix-alarcon-sawa\/"},"modified":"2002-12-06T00:00:00","modified_gmt":"2002-12-06T00:00:00","slug":"la-representacion-de-la-mujer-en-la-narrativa-de-la-segunda-mitad-del-siglo-xix-alarcon-sawa","status":"publish","type":"post","link":"https:\/\/www.deberes.net\/tesis\/historia\/la-representacion-de-la-mujer-en-la-narrativa-de-la-segunda-mitad-del-siglo-xix-alarcon-sawa\/","title":{"rendered":"La representaci\u00f3n de la mujer en la narrativa de la segunda mitad del siglo xix: alarc\u00f3n-sawa"},"content":{"rendered":"<h2>Tesis doctoral de <strong> Consuelo Puebal Isla <\/strong><\/h2>\n<p>La investigaci\u00f3n se centra en el an\u00e1lisis de dos sistemas diferentes de modelizaci\u00f3n del personaje femenino decimon\u00f3nico. Por un lado el que encontramos en la obra de p.A., De alarc\u00f3n y que podr\u00edamos considerar h\u00fabrido por alejarse del modelo realista e inspirarse en el romanticismo, o por anticiparse al movimiento naturalista con su retrato de la pr\u00f3diga, y, por otro, el proceder normativo de a. Sawa y sus novelas \u00abm\u00e9dico-sociales\u00bb.  para ello se ha rastreado la influencia que la ciencia fisiogn\u00f3mica ejerce como soporte retrat\u00edstico en la narrativa de ambos autores y se han se\u00f1alado las alusiones y comparaciones art\u00edsticas en las que su retrato se sustenta, por ser la t\u00e9cnica que aplican con m\u00e1s rigor en la caracterizaci\u00f3n de la mujer.<\/p>\n<p>&nbsp;<\/p>\n<h3>Datos acad\u00e9micos de la tesis doctoral \u00ab<strong>La representaci\u00f3n de la mujer en la narrativa de la segunda mitad del siglo xix: alarc\u00f3n-sawa<\/strong>\u00ab<\/h3>\n<ul>\n<li><strong>T\u00edtulo de la tesis:<\/strong>\u00a0 La representaci\u00f3n de la mujer en la narrativa de la segunda mitad del siglo xix: alarc\u00f3n-sawa <\/li>\n<li><strong>Autor:<\/strong>\u00a0 Consuelo Puebal Isla <\/li>\n<li><strong>Universidad:<\/strong>\u00a0 Valladolid<\/li>\n<li><strong>Fecha de lectura de la tesis:<\/strong>\u00a0 12\/06\/2002<\/li>\n<\/ul>\n<p>&nbsp;<\/p>\n<h3>Direcci\u00f3n y tribunal<\/h3>\n<ul>\n<li><strong>Director de la tesis<\/strong>\n<ul>\n<li>Ricardo De La Fuente Ballesteros<\/li>\n<\/ul>\n<\/li>\n<li><strong>Tribunal<\/strong>\n<ul>\n<li>Presidente del tribunal: tomas Albaladejo mayordomo <\/li>\n<li>enrique Miralles Garc\u00eda (vocal)<\/li>\n<li>Fernando Garc\u00eda lara (vocal)<\/li>\n<li> Gonz\u00e1lez herr\u00e1n Jos\u00e9 Manuel (vocal)<\/li>\n<\/ul>\n<\/li>\n<\/ul>\n<p>&nbsp;<\/p>\n","protected":false},"excerpt":{"rendered":"<p>Tesis doctoral de Consuelo Puebal Isla La investigaci\u00f3n se centra en el an\u00e1lisis de dos sistemas diferentes de modelizaci\u00f3n del [&hellip;]<\/p>\n","protected":false},"author":1,"featured_media":0,"comment_status":"open","ping_status":"open","sticky":false,"template":"","format":"standard","meta":{"site-sidebar-layout":"default","site-content-layout":"","ast-site-content-layout":"","site-content-style":"default","site-sidebar-style":"default","ast-global-header-display":"","ast-banner-title-visibility":"","ast-main-header-display":"","ast-hfb-above-header-display":"","ast-hfb-below-header-display":"","ast-hfb-mobile-header-display":"","site-post-title":"","ast-breadcrumbs-content":"","ast-featured-img":"","footer-sml-layout":"","theme-transparent-header-meta":"","adv-header-id-meta":"","stick-header-meta":"","header-above-stick-meta":"","header-main-stick-meta":"","header-below-stick-meta":"","astra-migrate-meta-layouts":"default","ast-page-background-enabled":"default","ast-page-background-meta":{"desktop":{"background-color":"var(--ast-global-color-4)","background-image":"","background-repeat":"repeat","background-position":"center center","background-size":"auto","background-attachment":"scroll","background-type":"","background-media":"","overlay-type":"","overlay-color":"","overlay-gradient":""},"tablet":{"background-color":"","background-image":"","background-repeat":"repeat","background-position":"center center","background-size":"auto","background-attachment":"scroll","background-type":"","background-media":"","overlay-type":"","overlay-color":"","overlay-gradient":""},"mobile":{"background-color":"","background-image":"","background-repeat":"repeat","background-position":"center center","background-size":"auto","background-attachment":"scroll","background-type":"","background-media":"","overlay-type":"","overlay-color":"","overlay-gradient":""}},"ast-content-background-meta":{"desktop":{"background-color":"var(--ast-global-color-5)","background-image":"","background-repeat":"repeat","background-position":"center center","background-size":"auto","background-attachment":"scroll","background-type":"","background-media":"","overlay-type":"","overlay-color":"","overlay-gradient":""},"tablet":{"background-color":"var(--ast-global-color-5)","background-image":"","background-repeat":"repeat","background-position":"center center","background-size":"auto","background-attachment":"scroll","background-type":"","background-media":"","overlay-type":"","overlay-color":"","overlay-gradient":""},"mobile":{"background-color":"var(--ast-global-color-5)","background-image":"","background-repeat":"repeat","background-position":"center center","background-size":"auto","background-attachment":"scroll","background-type":"","background-media":"","overlay-type":"","overlay-color":"","overlay-gradient":""}},"footnotes":""},"categories":[148,147,104,713,222,628,12451],"tags":[54479,54480,43576,3333,23564,4759],"class_list":["post-17391","post","type-post","status-publish","format-standard","hentry","category-analisis-literario","category-ciencias-de-las-artes-y-las-letras","category-historia","category-historia-de-la-literatura","category-historias-especializadas","category-teoria-analisis-y-critica-literarios","category-valladolid","tag-consuelo-puebal-isla","tag-enrique-miralles-garcia","tag-fernando-garcia-lara","tag-gonzalez-herran-jose-manuel","tag-ricardo-de-la-fuente-ballesteros","tag-tomas-albaladejo-mayordomo"],"_links":{"self":[{"href":"https:\/\/www.deberes.net\/tesis\/wp-json\/wp\/v2\/posts\/17391","targetHints":{"allow":["GET"]}}],"collection":[{"href":"https:\/\/www.deberes.net\/tesis\/wp-json\/wp\/v2\/posts"}],"about":[{"href":"https:\/\/www.deberes.net\/tesis\/wp-json\/wp\/v2\/types\/post"}],"author":[{"embeddable":true,"href":"https:\/\/www.deberes.net\/tesis\/wp-json\/wp\/v2\/users\/1"}],"replies":[{"embeddable":true,"href":"https:\/\/www.deberes.net\/tesis\/wp-json\/wp\/v2\/comments?post=17391"}],"version-history":[{"count":0,"href":"https:\/\/www.deberes.net\/tesis\/wp-json\/wp\/v2\/posts\/17391\/revisions"}],"wp:attachment":[{"href":"https:\/\/www.deberes.net\/tesis\/wp-json\/wp\/v2\/media?parent=17391"}],"wp:term":[{"taxonomy":"category","embeddable":true,"href":"https:\/\/www.deberes.net\/tesis\/wp-json\/wp\/v2\/categories?post=17391"},{"taxonomy":"post_tag","embeddable":true,"href":"https:\/\/www.deberes.net\/tesis\/wp-json\/wp\/v2\/tags?post=17391"}],"curies":[{"name":"wp","href":"https:\/\/api.w.org\/{rel}","templated":true}]}}