{"id":17403,"date":"2018-03-09T09:05:27","date_gmt":"2018-03-09T09:05:27","guid":{"rendered":"https:\/\/www.deberes.net\/tesis\/sin-categoria\/sobre-convergencia-economica-aspectos-teoricos-y-analisis-empa%c2%adrico-para-las-regiones-europeas-y-espanolas\/"},"modified":"2018-03-09T09:05:27","modified_gmt":"2018-03-09T09:05:27","slug":"sobre-convergencia-economica-aspectos-teoricos-y-analisis-empa%c2%adrico-para-las-regiones-europeas-y-espanolas","status":"publish","type":"post","link":"https:\/\/www.deberes.net\/tesis\/ciencias-economicas\/sobre-convergencia-economica-aspectos-teoricos-y-analisis-empa%c2%adrico-para-las-regiones-europeas-y-espanolas\/","title":{"rendered":"Sobre convergencia econ\u00f3mica, aspectos te\u00f3ricos y an\u00e1lisis emp\u00edrico para las regiones europeas y espa\u00f1olas"},"content":{"rendered":"<h2>Tesis doctoral de <strong>  Mora Corral Antonio  Jos\u00e9 <\/strong><\/h2>\n<p>La presente tesis realiza un an\u00e1lisis regional te\u00f3rico y emp\u00edrico de la convergencia econ\u00f3mica. En primer lugar, se evidencia que ha existido un comportamiento diferenciado en el crecimiento econ\u00f3mico regional en la uni\u00f3n europea, apuntando de forma general a una serie de factores como posibles causas.  a continuaci\u00f3n, se especifica la relaci\u00f3n de la convergencia con los diferentes modelos de crecimiento y, por otra parte, se muestra la posibilidad de utilizar an\u00e1lisis alternativos de la convergencia al tenerse en cuenta acepciones diversas del t\u00e9rmino convergencia. En este sentido, la presente tesis recoge como posibles definiciones de convergencia a: las derivaciones del modelo neocl\u00e1sico: beta convergencia absoluta y condicional, convergencia en sentido estoc\u00e1stico, convergencia en sentido de catching-up tecnol\u00f3gico, convergencia en sentido de reducci\u00f3n de disparidades y convergencia mediante un an\u00e1lisis de la din\u00e1mica distribucional. A partir de esta relaci\u00f3n se obtiene evidencia emp\u00edrica de cada uno de los an\u00e1lisis alternativos planteados para las regiones europeas as\u00ed como para las espa\u00f1olas, habi\u00e9ndose aplicado tanto t\u00e9cnicas habitualmente utilizadas por la literatura como aportaciones propias. En general, la convergencia ha sido mayor en t\u00e9rminos de productividad que en el caso del producto per c\u00e1pita, para ambos \u00e1mbitos geogr\u00e1ficos analizados, constat\u00e1ndose mayor intensidad en los movimientos tambi\u00e9n para la variable productividad. El caso espa\u00f1ol presenta una mayor concentraci\u00f3n en torno al nivel medio tanto del vab per c\u00e1pita como del vab por ocupado.  por otra parte, se ha definido de forma te\u00f3rica el concepto de club de convergencia y, en concreto, el de trampa de crecimiento, proponi\u00e9ndose una clasificaci\u00f3n en cuanto a las causas que provocan su aparici\u00f3n, tanto a partir del modelo neocl\u00e1sico (diferenciaci\u00f3n en sus tasas de ahorro) como a partir de una visi\u00f3n end\u00f3gena (niveles bajos en<\/p>\n<p>&nbsp;<\/p>\n<h3>Datos acad\u00e9micos de la tesis doctoral \u00ab<strong>Sobre convergencia econ\u00f3mica, aspectos te\u00f3ricos y an\u00e1lisis emp\u00edrico para las regiones europeas y espa\u00f1olas<\/strong>\u00ab<\/h3>\n<ul>\n<li><strong>T\u00edtulo de la tesis:<\/strong>\u00a0 Sobre convergencia econ\u00f3mica, aspectos te\u00f3ricos y an\u00e1lisis emp\u00edrico para las regiones europeas y espa\u00f1olas <\/li>\n<li><strong>Autor:<\/strong>\u00a0  Mora Corral Antonio  Jos\u00e9 <\/li>\n<li><strong>Universidad:<\/strong>\u00a0 Barcelona<\/li>\n<li><strong>Fecha de lectura de la tesis:<\/strong>\u00a0 13\/06\/2002<\/li>\n<\/ul>\n<p>&nbsp;<\/p>\n<h3>Direcci\u00f3n y tribunal<\/h3>\n<ul>\n<li><strong>Director de la tesis<\/strong>\n<ul>\n<li>Enrique L\u00f3pez Bazo<\/li>\n<\/ul>\n<\/li>\n<li><strong>Tribunal<\/strong>\n<ul>\n<li>Presidente del tribunal: manuel Artis ortu\u00f1o <\/li>\n<li>Andr\u00e9s Rodr\u00edguez pose (vocal)<\/li>\n<li>patricio P\u00e9rez gonz\u00e1lez (vocal)<\/li>\n<li>Jos\u00e9 Villaverde castro (vocal)<\/li>\n<\/ul>\n<\/li>\n<\/ul>\n<p>&nbsp;<\/p>\n","protected":false},"excerpt":{"rendered":"<p>Tesis doctoral de Mora Corral Antonio Jos\u00e9 La presente tesis realiza un an\u00e1lisis regional te\u00f3rico y emp\u00edrico de la convergencia [&hellip;]<\/p>\n","protected":false},"author":1,"featured_media":0,"comment_status":"open","ping_status":"open","sticky":false,"template":"","format":"standard","meta":{"site-sidebar-layout":"default","site-content-layout":"","ast-site-content-layout":"","site-content-style":"default","site-sidebar-style":"default","ast-global-header-display":"","ast-banner-title-visibility":"","ast-main-header-display":"","ast-hfb-above-header-display":"","ast-hfb-below-header-display":"","ast-hfb-mobile-header-display":"","site-post-title":"","ast-breadcrumbs-content":"","ast-featured-img":"","footer-sml-layout":"","theme-transparent-header-meta":"","adv-header-id-meta":"","stick-header-meta":"","header-above-stick-meta":"","header-main-stick-meta":"","header-below-stick-meta":"","astra-migrate-meta-layouts":"default","ast-page-background-enabled":"default","ast-page-background-meta":{"desktop":{"background-color":"var(--ast-global-color-4)","background-image":"","background-repeat":"repeat","background-position":"center center","background-size":"auto","background-attachment":"scroll","background-type":"","background-media":"","overlay-type":"","overlay-color":"","overlay-gradient":""},"tablet":{"background-color":"","background-image":"","background-repeat":"repeat","background-position":"center center","background-size":"auto","background-attachment":"scroll","background-type":"","background-media":"","overlay-type":"","overlay-color":"","overlay-gradient":""},"mobile":{"background-color":"","background-image":"","background-repeat":"repeat","background-position":"center center","background-size":"auto","background-attachment":"scroll","background-type":"","background-media":"","overlay-type":"","overlay-color":"","overlay-gradient":""}},"ast-content-background-meta":{"desktop":{"background-color":"var(--ast-global-color-5)","background-image":"","background-repeat":"repeat","background-position":"center center","background-size":"auto","background-attachment":"scroll","background-type":"","background-media":"","overlay-type":"","overlay-color":"","overlay-gradient":""},"tablet":{"background-color":"var(--ast-global-color-5)","background-image":"","background-repeat":"repeat","background-position":"center center","background-size":"auto","background-attachment":"scroll","background-type":"","background-media":"","overlay-type":"","overlay-color":"","overlay-gradient":""},"mobile":{"background-color":"var(--ast-global-color-5)","background-image":"","background-repeat":"repeat","background-position":"center center","background-size":"auto","background-attachment":"scroll","background-type":"","background-media":"","overlay-type":"","overlay-color":"","overlay-gradient":""}},"footnotes":""},"categories":[951,82,974,83,910,524,890,737],"tags":[47332,45890,12790,33539,54510,54511],"class_list":["post-17403","post","type-post","status-publish","format-standard","hentry","category-barcelona","category-ciencias-economicas","category-econometria","category-economia-del-area-europea","category-economia-internacional","category-modelos-econometricos","category-teoria-del-crecimiento-economico","category-teoria-economica","tag-andres-rodriguez-pose","tag-enrique-lopez-bazo","tag-jose-villaverde-castro","tag-manuel-artis-ortuno","tag-mora-corral-antonio-jose","tag-patricio-perez-gonzalez"],"_links":{"self":[{"href":"https:\/\/www.deberes.net\/tesis\/wp-json\/wp\/v2\/posts\/17403","targetHints":{"allow":["GET"]}}],"collection":[{"href":"https:\/\/www.deberes.net\/tesis\/wp-json\/wp\/v2\/posts"}],"about":[{"href":"https:\/\/www.deberes.net\/tesis\/wp-json\/wp\/v2\/types\/post"}],"author":[{"embeddable":true,"href":"https:\/\/www.deberes.net\/tesis\/wp-json\/wp\/v2\/users\/1"}],"replies":[{"embeddable":true,"href":"https:\/\/www.deberes.net\/tesis\/wp-json\/wp\/v2\/comments?post=17403"}],"version-history":[{"count":0,"href":"https:\/\/www.deberes.net\/tesis\/wp-json\/wp\/v2\/posts\/17403\/revisions"}],"wp:attachment":[{"href":"https:\/\/www.deberes.net\/tesis\/wp-json\/wp\/v2\/media?parent=17403"}],"wp:term":[{"taxonomy":"category","embeddable":true,"href":"https:\/\/www.deberes.net\/tesis\/wp-json\/wp\/v2\/categories?post=17403"},{"taxonomy":"post_tag","embeddable":true,"href":"https:\/\/www.deberes.net\/tesis\/wp-json\/wp\/v2\/tags?post=17403"}],"curies":[{"name":"wp","href":"https:\/\/api.w.org\/{rel}","templated":true}]}}