{"id":17412,"date":"2018-03-09T09:05:28","date_gmt":"2018-03-09T09:05:28","guid":{"rendered":"https:\/\/www.deberes.net\/tesis\/sin-categoria\/la-revista-al-marha-cultura-e-ideologa%c2%ada-en-el-mundo-arabe-contemporaneo\/"},"modified":"2018-03-09T09:05:28","modified_gmt":"2018-03-09T09:05:28","slug":"la-revista-al-marha-cultura-e-ideologa%c2%ada-en-el-mundo-arabe-contemporaneo","status":"publish","type":"post","link":"https:\/\/www.deberes.net\/tesis\/historia\/la-revista-al-marha-cultura-e-ideologa%c2%ada-en-el-mundo-arabe-contemporaneo\/","title":{"rendered":"La revista al-marha: cultura e ideolog\u00eda en el mundo \u00e1rabe contempor\u00e1neo"},"content":{"rendered":"<h2>Tesis doctoral de <strong>  Rebollo Avalos M. Jos\u00e9 <\/strong><\/h2>\n<p>Este trabajo ha profundizado en la conciencia del mundo \u00e1rabe contempor\u00e1neo a trav\u00e9s de las reflexiones que destacadas intelectuales han impreso en las p\u00e1ginas de la revista &#8212;&#8211;, fundada en 1962. Dicha publicaci\u00f3n esta &#8212; desde el punto de vista ideol\u00f3gico por el pensamiento nacionalista \u00e1rabe, y en particular por los planteamientos del partido b\u00e1t \u00e1rabe socialista &#8211;.  el objetivo &#8212; es &#8212; la influencia de esta ideolog\u00eda en la actitud del hombre \u00e1rabe contempor\u00e1neo, marcada por tres objetivos concretos: &#8212; libertad y socialismo.  a trav\u00e9s de la &#8212; reflexiva de &#8212; intelectuales  &#8212; de apariencia como la comunidad \u00e1rabe ha caminado desde un per\u00edodo de esperanza, hasta otro de frustraci\u00f3n, crisis y fragmentaci\u00f3n en el que los intereses &#8212; se &#8212; sobre las de toda la comunidad \u00e1rabe, lo que pone en evidencia la gran heterogeneidad de esta amplia &#8211;.<\/p>\n<p>&nbsp;<\/p>\n<h3>Datos acad\u00e9micos de la tesis doctoral \u00ab<strong>La revista al-marha: cultura e ideolog\u00eda en el mundo \u00e1rabe contempor\u00e1neo<\/strong>\u00ab<\/h3>\n<ul>\n<li><strong>T\u00edtulo de la tesis:<\/strong>\u00a0 La revista al-marha: cultura e ideolog\u00eda en el mundo \u00e1rabe contempor\u00e1neo <\/li>\n<li><strong>Autor:<\/strong>\u00a0  Rebollo Avalos M. Jos\u00e9 <\/li>\n<li><strong>Universidad:<\/strong>\u00a0 Sevilla<\/li>\n<li><strong>Fecha de lectura de la tesis:<\/strong>\u00a0 13\/06\/2002<\/li>\n<\/ul>\n<p>&nbsp;<\/p>\n<h3>Direcci\u00f3n y tribunal<\/h3>\n<ul>\n<li><strong>Director de la tesis<\/strong>\n<ul>\n<li> Pacheco Paniagua Juan  Antonio<\/li>\n<\/ul>\n<\/li>\n<li><strong>Tribunal<\/strong>\n<ul>\n<li>Presidente del tribunal: manuel Ariza viguera <\/li>\n<li> P\u00e9rez \u00e1lvarez M\u00aa \u00e1ngeles (vocal)<\/li>\n<li>Rafael Valencia rodriguez (vocal)<\/li>\n<li> Del amo rodr\u00edguez mercedes (vocal)<\/li>\n<\/ul>\n<\/li>\n<\/ul>\n<p>&nbsp;<\/p>\n","protected":false},"excerpt":{"rendered":"<p>Tesis doctoral de Rebollo Avalos M. Jos\u00e9 Este trabajo ha profundizado en la conciencia del mundo \u00e1rabe contempor\u00e1neo a trav\u00e9s [&hellip;]<\/p>\n","protected":false},"author":1,"featured_media":0,"comment_status":"open","ping_status":"open","sticky":false,"template":"","format":"standard","meta":{"site-sidebar-layout":"default","site-content-layout":"","ast-site-content-layout":"","site-content-style":"default","site-sidebar-style":"default","ast-global-header-display":"","ast-banner-title-visibility":"","ast-main-header-display":"","ast-hfb-above-header-display":"","ast-hfb-below-header-display":"","ast-hfb-mobile-header-display":"","site-post-title":"","ast-breadcrumbs-content":"","ast-featured-img":"","footer-sml-layout":"","theme-transparent-header-meta":"","adv-header-id-meta":"","stick-header-meta":"","header-above-stick-meta":"","header-main-stick-meta":"","header-below-stick-meta":"","astra-migrate-meta-layouts":"default","ast-page-background-enabled":"default","ast-page-background-meta":{"desktop":{"background-color":"var(--ast-global-color-4)","background-image":"","background-repeat":"repeat","background-position":"center center","background-size":"auto","background-attachment":"scroll","background-type":"","background-media":"","overlay-type":"","overlay-color":"","overlay-gradient":""},"tablet":{"background-color":"","background-image":"","background-repeat":"repeat","background-position":"center center","background-size":"auto","background-attachment":"scroll","background-type":"","background-media":"","overlay-type":"","overlay-color":"","overlay-gradient":""},"mobile":{"background-color":"","background-image":"","background-repeat":"repeat","background-position":"center center","background-size":"auto","background-attachment":"scroll","background-type":"","background-media":"","overlay-type":"","overlay-color":"","overlay-gradient":""}},"ast-content-background-meta":{"desktop":{"background-color":"var(--ast-global-color-5)","background-image":"","background-repeat":"repeat","background-position":"center center","background-size":"auto","background-attachment":"scroll","background-type":"","background-media":"","overlay-type":"","overlay-color":"","overlay-gradient":""},"tablet":{"background-color":"var(--ast-global-color-5)","background-image":"","background-repeat":"repeat","background-position":"center center","background-size":"auto","background-attachment":"scroll","background-type":"","background-media":"","overlay-type":"","overlay-color":"","overlay-gradient":""},"mobile":{"background-color":"var(--ast-global-color-5)","background-image":"","background-repeat":"repeat","background-position":"center center","background-size":"auto","background-attachment":"scroll","background-type":"","background-media":"","overlay-type":"","overlay-color":"","overlay-gradient":""}},"footnotes":""},"categories":[1624,2142,25957,104,10715],"tags":[54531,7909,40151,54530,40148,54529],"class_list":["post-17412","post","type-post","status-publish","format-standard","hentry","category-ciencias-auxiliares-de-la-historia","category-filologia","category-filologia-arabe","category-historia","category-sevilla","tag-del-amo-rodriguez-mercedes","tag-manuel-ariza-viguera","tag-pacheco-paniagua-juan-antonio","tag-perez-alvarez-ma-angeles","tag-rafael-valencia-rodriguez","tag-rebollo-avalos-m-jose"],"_links":{"self":[{"href":"https:\/\/www.deberes.net\/tesis\/wp-json\/wp\/v2\/posts\/17412","targetHints":{"allow":["GET"]}}],"collection":[{"href":"https:\/\/www.deberes.net\/tesis\/wp-json\/wp\/v2\/posts"}],"about":[{"href":"https:\/\/www.deberes.net\/tesis\/wp-json\/wp\/v2\/types\/post"}],"author":[{"embeddable":true,"href":"https:\/\/www.deberes.net\/tesis\/wp-json\/wp\/v2\/users\/1"}],"replies":[{"embeddable":true,"href":"https:\/\/www.deberes.net\/tesis\/wp-json\/wp\/v2\/comments?post=17412"}],"version-history":[{"count":0,"href":"https:\/\/www.deberes.net\/tesis\/wp-json\/wp\/v2\/posts\/17412\/revisions"}],"wp:attachment":[{"href":"https:\/\/www.deberes.net\/tesis\/wp-json\/wp\/v2\/media?parent=17412"}],"wp:term":[{"taxonomy":"category","embeddable":true,"href":"https:\/\/www.deberes.net\/tesis\/wp-json\/wp\/v2\/categories?post=17412"},{"taxonomy":"post_tag","embeddable":true,"href":"https:\/\/www.deberes.net\/tesis\/wp-json\/wp\/v2\/tags?post=17412"}],"curies":[{"name":"wp","href":"https:\/\/api.w.org\/{rel}","templated":true}]}}