{"id":17423,"date":"2018-03-09T09:05:29","date_gmt":"2018-03-09T09:05:29","guid":{"rendered":"https:\/\/www.deberes.net\/tesis\/sin-categoria\/el-regimen-jura%c2%addico-de-las-autorizaciones-ambientales\/"},"modified":"2018-03-09T09:05:29","modified_gmt":"2018-03-09T09:05:29","slug":"el-regimen-jura%c2%addico-de-las-autorizaciones-ambientales","status":"publish","type":"post","link":"https:\/\/www.deberes.net\/tesis\/ciencias-juridicas-y-derecho\/el-regimen-jura%c2%addico-de-las-autorizaciones-ambientales\/","title":{"rendered":"El r\u00e9gimen jur\u00eddico de las autorizaciones ambientales"},"content":{"rendered":"<h2>Tesis doctoral de <strong> Antonio Fortes Mart\u00edn <\/strong><\/h2>\n<p>La revisi\u00f3n del r\u00e9gimen jur\u00eddico cl\u00e1sico de la autorizaci\u00f3n administrativa para adaptarla a la l\u00f3gica ambiental responde a una idea capital: desentra\u00f1ar cu\u00e1l es la virtualidad de la categor\u00eda autorizatoria como t\u00e9cnica preeminente de protecci\u00f3n ambiental. La investigaci\u00f3n ha seguido una l\u00ednea argumental en la que ha sido necesario abordar el estudio exhaustivo de la funcionalidad de la autorizaci\u00f3n ambiental en el ordenamiento jur\u00eddico brit\u00e1nico, estadounidense, comunitario europeo, y finalmente espa\u00f1ol. Y es una vez examinada la aplicabilidad pr\u00e1ctica de la autorizaci\u00f3n administrativa en el seno de la l\u00f3gica ambiental, cuando se est\u00e1 en disposici\u00f3n de exponer cu\u00e1l es la verdadera conclusi\u00f3n de este trabajo. En este sentido, el r\u00e9gimen jur\u00eddico de la autorizaci\u00f3n ambiental pone de relieve que la autorizaci\u00f3n ambiental es realmente un mecanismo de control de gran trascendencia en la ordenaci\u00f3n administrativa de las actividades industriales contaminantes. Esta circunstancia obliga as\u00ed a superar viejos postulados que han venido caracterizando a la autorizaci\u00f3n administrativa, fundamentalmente la idea del derecho preexistente en el particular, y que resulta dif\u00edcilmente sostenible en el escenario ambiental, como la atestigua la realidad normativa.<\/p>\n<p>&nbsp;<\/p>\n<h3>Datos acad\u00e9micos de la tesis doctoral \u00ab<strong>El r\u00e9gimen jur\u00eddico de las autorizaciones ambientales<\/strong>\u00ab<\/h3>\n<ul>\n<li><strong>T\u00edtulo de la tesis:<\/strong>\u00a0 El r\u00e9gimen jur\u00eddico de las autorizaciones ambientales <\/li>\n<li><strong>Autor:<\/strong>\u00a0 Antonio Fortes Mart\u00edn <\/li>\n<li><strong>Universidad:<\/strong>\u00a0 Carlos III de Madrid<\/li>\n<li><strong>Fecha de lectura de la tesis:<\/strong>\u00a0 13\/06\/2002<\/li>\n<\/ul>\n<p>&nbsp;<\/p>\n<h3>Direcci\u00f3n y tribunal<\/h3>\n<ul>\n<li><strong>Director de la tesis<\/strong>\n<ul>\n<li>Andres Betancor Rodriguez<\/li>\n<\/ul>\n<\/li>\n<li><strong>Tribunal<\/strong>\n<ul>\n<li>Presidente del tribunal:  Parejo alfonso luciano j. <\/li>\n<li>Francisco Lopez menudo (vocal)<\/li>\n<li>joaquin Tornos mas (vocal)<\/li>\n<li>Antonio Embid irujo (vocal)<\/li>\n<\/ul>\n<\/li>\n<\/ul>\n<p>&nbsp;<\/p>\n","protected":false},"excerpt":{"rendered":"<p>Tesis doctoral de Antonio Fortes Mart\u00edn La revisi\u00f3n del r\u00e9gimen jur\u00eddico cl\u00e1sico de la autorizaci\u00f3n administrativa para adaptarla a la [&hellip;]<\/p>\n","protected":false},"author":1,"featured_media":0,"comment_status":"open","ping_status":"open","sticky":false,"template":"","format":"standard","meta":{"site-sidebar-layout":"default","site-content-layout":"","ast-site-content-layout":"","site-content-style":"default","site-sidebar-style":"default","ast-global-header-display":"","ast-banner-title-visibility":"","ast-main-header-display":"","ast-hfb-above-header-display":"","ast-hfb-below-header-display":"","ast-hfb-mobile-header-display":"","site-post-title":"","ast-breadcrumbs-content":"","ast-featured-img":"","footer-sml-layout":"","theme-transparent-header-meta":"","adv-header-id-meta":"","stick-header-meta":"","header-above-stick-meta":"","header-main-stick-meta":"","header-below-stick-meta":"","astra-migrate-meta-layouts":"default","ast-page-background-enabled":"default","ast-page-background-meta":{"desktop":{"background-color":"var(--ast-global-color-4)","background-image":"","background-repeat":"repeat","background-position":"center center","background-size":"auto","background-attachment":"scroll","background-type":"","background-media":"","overlay-type":"","overlay-color":"","overlay-gradient":""},"tablet":{"background-color":"","background-image":"","background-repeat":"repeat","background-position":"center center","background-size":"auto","background-attachment":"scroll","background-type":"","background-media":"","overlay-type":"","overlay-color":"","overlay-gradient":""},"mobile":{"background-color":"","background-image":"","background-repeat":"repeat","background-position":"center center","background-size":"auto","background-attachment":"scroll","background-type":"","background-media":"","overlay-type":"","overlay-color":"","overlay-gradient":""}},"ast-content-background-meta":{"desktop":{"background-color":"var(--ast-global-color-5)","background-image":"","background-repeat":"repeat","background-position":"center center","background-size":"auto","background-attachment":"scroll","background-type":"","background-media":"","overlay-type":"","overlay-color":"","overlay-gradient":""},"tablet":{"background-color":"var(--ast-global-color-5)","background-image":"","background-repeat":"repeat","background-position":"center center","background-size":"auto","background-attachment":"scroll","background-type":"","background-media":"","overlay-type":"","overlay-color":"","overlay-gradient":""},"mobile":{"background-color":"var(--ast-global-color-5)","background-image":"","background-repeat":"repeat","background-position":"center center","background-size":"auto","background-attachment":"scroll","background-type":"","background-media":"","overlay-type":"","overlay-color":"","overlay-gradient":""}},"footnotes":""},"categories":[18550,612,1442,979],"tags":[22096,48400,54555,15540,1445,18454],"class_list":["post-17423","post","type-post","status-publish","format-standard","hentry","category-carlos-iii-de-madrid","category-ciencias-juridicas-y-derecho","category-derecho-administrativo","category-derecho-y-legislacion-nacionales","tag-andres-betancor-rodriguez","tag-antonio-embid-irujo","tag-antonio-fortes-martin","tag-francisco-lopez-menudo","tag-joaquin-tornos-mas","tag-parejo-alfonso-luciano-j"],"_links":{"self":[{"href":"https:\/\/www.deberes.net\/tesis\/wp-json\/wp\/v2\/posts\/17423","targetHints":{"allow":["GET"]}}],"collection":[{"href":"https:\/\/www.deberes.net\/tesis\/wp-json\/wp\/v2\/posts"}],"about":[{"href":"https:\/\/www.deberes.net\/tesis\/wp-json\/wp\/v2\/types\/post"}],"author":[{"embeddable":true,"href":"https:\/\/www.deberes.net\/tesis\/wp-json\/wp\/v2\/users\/1"}],"replies":[{"embeddable":true,"href":"https:\/\/www.deberes.net\/tesis\/wp-json\/wp\/v2\/comments?post=17423"}],"version-history":[{"count":0,"href":"https:\/\/www.deberes.net\/tesis\/wp-json\/wp\/v2\/posts\/17423\/revisions"}],"wp:attachment":[{"href":"https:\/\/www.deberes.net\/tesis\/wp-json\/wp\/v2\/media?parent=17423"}],"wp:term":[{"taxonomy":"category","embeddable":true,"href":"https:\/\/www.deberes.net\/tesis\/wp-json\/wp\/v2\/categories?post=17423"},{"taxonomy":"post_tag","embeddable":true,"href":"https:\/\/www.deberes.net\/tesis\/wp-json\/wp\/v2\/tags?post=17423"}],"curies":[{"name":"wp","href":"https:\/\/api.w.org\/{rel}","templated":true}]}}