{"id":17467,"date":"2018-03-09T09:05:33","date_gmt":"2018-03-09T09:05:33","guid":{"rendered":"https:\/\/www.deberes.net\/tesis\/sin-categoria\/implicaciones-de-la-anisotropa%c2%ada-de-la-turbulencia-atmosferica-en-la-medida-de-velocidad-mediante-anemometria-sonica\/"},"modified":"2018-03-09T09:05:33","modified_gmt":"2018-03-09T09:05:33","slug":"implicaciones-de-la-anisotropa%c2%ada-de-la-turbulencia-atmosferica-en-la-medida-de-velocidad-mediante-anemometria-sonica","status":"publish","type":"post","link":"https:\/\/www.deberes.net\/tesis\/ciencias-de-la-tierra-y-del-espacio\/implicaciones-de-la-anisotropa%c2%ada-de-la-turbulencia-atmosferica-en-la-medida-de-velocidad-mediante-anemometria-sonica\/","title":{"rendered":"Implicaciones de la anisotrop\u00edade la turbulencia atmosf\u00e9rica en la medida de velocidad mediante anemometr\u00eda s\u00f3nica"},"content":{"rendered":"<h2>Tesis doctoral de <strong> Jorge Navarro Montesinos <\/strong><\/h2>\n<p>Este trabajo se ha desarrollado y validado una nueva aplicaci\u00f3n del modelo de anemometr\u00eda s\u00f3nica cuerva-sanz. Esta nueva aplicaci\u00f3n rebajas las restricciones de homogeneidad e is\u00f3tropia de la turbulencia introduciendo un modelo de homogeneidad horizontal, anis\u00f3tropo e incompresible, permitiendo as\u00ed un tratamiento m\u00e1s amplio de la influencia del proceso de medida de anem\u00f3metro s\u00f3nico en la evaluaci\u00f3n de la turbulencia atmosf\u00e9rica.  la consideraci\u00f3n de un modelo de turbulencia anis\u00f3tropo supone un mayor acercamiento a las caracter\u00edsticas reales de la atm\u00f3sfera, por lo que permite una mejor estimaci\u00f3n de la energ\u00eda contenida en el espectro, el c\u00e1lculo de los espectros cruzados y la determinaci\u00f3n de forma independiente de las funciones de densidad espectral. Estas caracter\u00edsticas son importantes a la hora de hacer una estimaci\u00f3n de las cargas din\u00e1micas producidas por el viento sobre grandes estructuras, puentes, edificios, torres y aerogeneradores e\u00f3licos.  la anemometr\u00eda s\u00f3nica es una t\u00e9cnica de medida id\u00f3dea para la atm\u00f3sfera, en experimentos de larga duraci\u00f3n y cuando se requiere el conocimiento de las tres componentes del vector velocidad del viento con una alta resoluci\u00f3n temporal. La anemometr\u00eda s\u00f3nica ha permitido un gran avance en el conocimiento de las caracter\u00edsticas vectoriales de la velocidad de viento, as\u00ed como de sus propiedades espectrales para frecuencias superiores a 0.5hz, factores ambos fundamentales en la determinaci\u00f3n de cargas aleatorias sobre estructuras sometidas a la acci\u00f3n del viento y en la medida directa de flujos verticales de calor o de sustancias contaminantes en la capa superficial de la atm\u00f3sfera.  se ha puesto especial inter\u00e9s en mostrar el destacable efecto del proceso de medida del anem\u00f3metro s\u00f3nico sobre magnitudes fundamentales para la caracterizaci\u00f3n de la anisotrop\u00eda de la turbulencia atmosf\u00e9rica, tales como las funciones de densidad espectral cruzadas en un<\/p>\n<p>&nbsp;<\/p>\n<h3>Datos acad\u00e9micos de la tesis doctoral \u00ab<strong>Implicaciones de la anisotrop\u00edade la turbulencia atmosf\u00e9rica en la medida de velocidad mediante anemometr\u00eda s\u00f3nica<\/strong>\u00ab<\/h3>\n<ul>\n<li><strong>T\u00edtulo de la tesis:<\/strong>\u00a0 Implicaciones de la anisotrop\u00edade la turbulencia atmosf\u00e9rica en la medida de velocidad mediante anemometr\u00eda s\u00f3nica <\/li>\n<li><strong>Autor:<\/strong>\u00a0 Jorge Navarro Montesinos <\/li>\n<li><strong>Universidad:<\/strong>\u00a0 Polit\u00e9cnica de Madrid<\/li>\n<li><strong>Fecha de lectura de la tesis:<\/strong>\u00a0 14\/06\/2002<\/li>\n<\/ul>\n<p>&nbsp;<\/p>\n<h3>Direcci\u00f3n y tribunal<\/h3>\n<ul>\n<li><strong>Director de la tesis<\/strong>\n<ul>\n<li> Sanz Andr\u00e9s Angel Pedro<\/li>\n<\/ul>\n<\/li>\n<li><strong>Tribunal<\/strong>\n<ul>\n<li>Presidente del tribunal: jose Meseguer ruiz <\/li>\n<li> Aguirre de carc\u00e9r Garc\u00eda arenal i\u00f1igo (vocal)<\/li>\n<li>carolina Garc\u00eda baquero (vocal)<\/li>\n<li>Fernando Zayas hinojosa (vocal)<\/li>\n<\/ul>\n<\/li>\n<\/ul>\n<p>&nbsp;<\/p>\n","protected":false},"excerpt":{"rendered":"<p>Tesis doctoral de Jorge Navarro Montesinos Este trabajo se ha desarrollado y validado una nueva aplicaci\u00f3n del modelo de anemometr\u00eda [&hellip;]<\/p>\n","protected":false},"author":1,"featured_media":0,"comment_status":"open","ping_status":"open","sticky":false,"template":"","format":"standard","meta":{"site-sidebar-layout":"default","site-content-layout":"","ast-site-content-layout":"","site-content-style":"default","site-sidebar-style":"default","ast-global-header-display":"","ast-banner-title-visibility":"","ast-main-header-display":"","ast-hfb-above-header-display":"","ast-hfb-below-header-display":"","ast-hfb-mobile-header-display":"","site-post-title":"","ast-breadcrumbs-content":"","ast-featured-img":"","footer-sml-layout":"","theme-transparent-header-meta":"","adv-header-id-meta":"","stick-header-meta":"","header-above-stick-meta":"","header-main-stick-meta":"","header-below-stick-meta":"","astra-migrate-meta-layouts":"default","ast-page-background-enabled":"default","ast-page-background-meta":{"desktop":{"background-color":"var(--ast-global-color-4)","background-image":"","background-repeat":"repeat","background-position":"center center","background-size":"auto","background-attachment":"scroll","background-type":"","background-media":"","overlay-type":"","overlay-color":"","overlay-gradient":""},"tablet":{"background-color":"","background-image":"","background-repeat":"repeat","background-position":"center center","background-size":"auto","background-attachment":"scroll","background-type":"","background-media":"","overlay-type":"","overlay-color":"","overlay-gradient":""},"mobile":{"background-color":"","background-image":"","background-repeat":"repeat","background-position":"center center","background-size":"auto","background-attachment":"scroll","background-type":"","background-media":"","overlay-type":"","overlay-color":"","overlay-gradient":""}},"ast-content-background-meta":{"desktop":{"background-color":"var(--ast-global-color-5)","background-image":"","background-repeat":"repeat","background-position":"center center","background-size":"auto","background-attachment":"scroll","background-type":"","background-media":"","overlay-type":"","overlay-color":"","overlay-gradient":""},"tablet":{"background-color":"var(--ast-global-color-5)","background-image":"","background-repeat":"repeat","background-position":"center center","background-size":"auto","background-attachment":"scroll","background-type":"","background-media":"","overlay-type":"","overlay-color":"","overlay-gradient":""},"mobile":{"background-color":"var(--ast-global-color-5)","background-image":"","background-repeat":"repeat","background-position":"center center","background-size":"auto","background-attachment":"scroll","background-type":"","background-media":"","overlay-type":"","overlay-color":"","overlay-gradient":""}},"footnotes":""},"categories":[54679,950,27,199,200,18041,15991,16008,6119,15988],"tags":[54681,54682,54683,54680,16279,16280],"class_list":["post-17467","post","type-post","status-publish","format-standard","hentry","category-aeronomia","category-ciencias-de-la-atmosfera","category-ciencias-de-la-tierra-y-del-espacio","category-fisica","category-fisica-de-fluidos","category-flujos-de-fluidos","category-metrologia","category-politecnica-de-madrid","category-turbulencia-atmosferica","category-unidades-y-constantes","tag-aguirre-de-carcer-garcia-arenal-inigo","tag-carolina-garcia-baquero","tag-fernando-zayas-hinojosa","tag-jorge-navarro-montesinos","tag-jose-meseguer-ruiz","tag-sanz-andres-angel-pedro"],"_links":{"self":[{"href":"https:\/\/www.deberes.net\/tesis\/wp-json\/wp\/v2\/posts\/17467","targetHints":{"allow":["GET"]}}],"collection":[{"href":"https:\/\/www.deberes.net\/tesis\/wp-json\/wp\/v2\/posts"}],"about":[{"href":"https:\/\/www.deberes.net\/tesis\/wp-json\/wp\/v2\/types\/post"}],"author":[{"embeddable":true,"href":"https:\/\/www.deberes.net\/tesis\/wp-json\/wp\/v2\/users\/1"}],"replies":[{"embeddable":true,"href":"https:\/\/www.deberes.net\/tesis\/wp-json\/wp\/v2\/comments?post=17467"}],"version-history":[{"count":0,"href":"https:\/\/www.deberes.net\/tesis\/wp-json\/wp\/v2\/posts\/17467\/revisions"}],"wp:attachment":[{"href":"https:\/\/www.deberes.net\/tesis\/wp-json\/wp\/v2\/media?parent=17467"}],"wp:term":[{"taxonomy":"category","embeddable":true,"href":"https:\/\/www.deberes.net\/tesis\/wp-json\/wp\/v2\/categories?post=17467"},{"taxonomy":"post_tag","embeddable":true,"href":"https:\/\/www.deberes.net\/tesis\/wp-json\/wp\/v2\/tags?post=17467"}],"curies":[{"name":"wp","href":"https:\/\/api.w.org\/{rel}","templated":true}]}}