{"id":17534,"date":"2018-03-09T09:05:39","date_gmt":"2018-03-09T09:05:39","guid":{"rendered":"https:\/\/www.deberes.net\/tesis\/sin-categoria\/meiofauna-asociada-al-alga-laminaria-ochroleuca-de-la-pylaie-en-la-isla-de-mouro-santander-cantabria\/"},"modified":"2018-03-09T09:05:39","modified_gmt":"2018-03-09T09:05:39","slug":"meiofauna-asociada-al-alga-laminaria-ochroleuca-de-la-pylaie-en-la-isla-de-mouro-santander-cantabria","status":"publish","type":"post","link":"https:\/\/www.deberes.net\/tesis\/ciencias-de-la-vida\/meiofauna-asociada-al-alga-laminaria-ochroleuca-de-la-pylaie-en-la-isla-de-mouro-santander-cantabria\/","title":{"rendered":"Meiofauna asociada al alga laminaria ochroleuca de la pylaie en la isla de mouro (santander, cantabria)"},"content":{"rendered":"<h2>Tesis doctoral de <strong>  Arroyo Hailuoto Nina Larissa <\/strong><\/h2>\n<p>En un estudio de cuatro a\u00f1os (1996-1999) se caracteriza la meiofauna asociada a una comunidad submareal del macr\u00f3fito laminaria ochroleuca, en la costa norte espa\u00f1ola. En primer lugar, se alude a la comunidad meiobent\u00f3nica a nivel taxon\u00f3mico alto, y posteriormente, se centra el an\u00e1lisis en el grupo de los cop\u00e9podos harpacticoides. Adem\u00e1s, se describe una especie nueva de cop\u00e9podo harpacticoide perteneciente a la familia ancorabolidae encontrada en los rizomas de l.Ochroleuca en la isla de mouro, laophontodes mourois sp.N.  el grueso de la meiofauna permanente asociada a l. Ochroleuca en la isla de mouro, consisti\u00f3 de nematodos, cop\u00e9podos, \u00e1caros, poliquetos, tanaid\u00e1ceos y ostr\u00e1codos, con los cop\u00e9podos dominando en los frondes y los nematodos en los rizomas. Durante los muestreos, la meiofauna temporal consisti\u00f3 de juveniles de anfipodos, bivalvos y gaster\u00f3podos y larvas nauplio y cypris de cirr\u00edpedos, con las larvas nauplio dominando tanto en los frondes como los rizomas.  la mayor\u00eda de la meiofauna asociada a l.Ochroleuca en la isla de mouro estuvo concentrada en los rizomas de las algas, y su distribuci\u00f3n pareci\u00f3 responder a diferencias a nivel de microh\u00e1bitat dentro de la planta, mientras que los factores ambientales groseros o las variaciones a nivel de mesoescala, dentro de la comunidad de l.Ochroleuca, no parecieron tener una incidencia grande en la estructura de la comunidad.  despu\u00e9s de dos a\u00f1os de estudio; la comunidad de l.Ochroleuca experiment\u00f3 un declive notable, que inicialmente afect\u00f3 solo a la vitalidad de los frondes pero que culmin\u00f3 en una mortalidad substancial de plantas. En s\u00f3lo tres a\u00f1os, el estatus de l.Ochroleuca pas\u00f3 de ser la comunidad dominante en el \u00e1rea de estudio a presentar s\u00f3lo pies dispersos con frondes muy poco desarrollados y rizomas peque\u00f1os. Este declive incidi\u00f3 sobre la meiofauna aparentemente s\u00f3lo en la medida en que se vio reducida la superficie de colonizaci\u00f3n<\/p>\n<p>&nbsp;<\/p>\n<h3>Datos acad\u00e9micos de la tesis doctoral \u00ab<strong>Meiofauna asociada al alga laminaria ochroleuca de la pylaie en la isla de mouro (santander, cantabria)<\/strong>\u00ab<\/h3>\n<ul>\n<li><strong>T\u00edtulo de la tesis:<\/strong>\u00a0 Meiofauna asociada al alga laminaria ochroleuca de la pylaie en la isla de mouro (santander, cantabria) <\/li>\n<li><strong>Autor:<\/strong>\u00a0  Arroyo Hailuoto Nina Larissa <\/li>\n<li><strong>Universidad:<\/strong>\u00a0 Complutense de Madrid<\/li>\n<li><strong>Fecha de lectura de la tesis:<\/strong>\u00a0 18\/06\/2002<\/li>\n<\/ul>\n<p>&nbsp;<\/p>\n<h3>Direcci\u00f3n y tribunal<\/h3>\n<ul>\n<li><strong>Director de la tesis<\/strong>\n<ul>\n<li>Jes\u00fas Benito Salido<\/li>\n<\/ul>\n<\/li>\n<li><strong>Tribunal<\/strong>\n<ul>\n<li>Presidente del tribunal: dario Diaz cosin <\/li>\n<li>gerardo Garc\u00eda-castrillo riesgo (vocal)<\/li>\n<li>cruz Palacin caba\u00f1as (vocal)<\/li>\n<li>Jos\u00e9 Manuel Vieitez martin (vocal)<\/li>\n<\/ul>\n<\/li>\n<\/ul>\n<p>&nbsp;<\/p>\n","protected":false},"excerpt":{"rendered":"<p>Tesis doctoral de Arroyo Hailuoto Nina Larissa En un estudio de cuatro a\u00f1os (1996-1999) se caracteriza la meiofauna asociada a [&hellip;]<\/p>\n","protected":false},"author":1,"featured_media":0,"comment_status":"open","ping_status":"open","sticky":false,"template":"","format":"standard","meta":{"site-sidebar-layout":"default","site-content-layout":"","ast-site-content-layout":"","site-content-style":"default","site-sidebar-style":"default","ast-global-header-display":"","ast-banner-title-visibility":"","ast-main-header-display":"","ast-hfb-above-header-display":"","ast-hfb-below-header-display":"","ast-hfb-mobile-header-display":"","site-post-title":"","ast-breadcrumbs-content":"","ast-featured-img":"","footer-sml-layout":"","theme-transparent-header-meta":"","adv-header-id-meta":"","stick-header-meta":"","header-above-stick-meta":"","header-main-stick-meta":"","header-below-stick-meta":"","astra-migrate-meta-layouts":"default","ast-page-background-enabled":"default","ast-page-background-meta":{"desktop":{"background-color":"var(--ast-global-color-4)","background-image":"","background-repeat":"repeat","background-position":"center center","background-size":"auto","background-attachment":"scroll","background-type":"","background-media":"","overlay-type":"","overlay-color":"","overlay-gradient":""},"tablet":{"background-color":"","background-image":"","background-repeat":"repeat","background-position":"center center","background-size":"auto","background-attachment":"scroll","background-type":"","background-media":"","overlay-type":"","overlay-color":"","overlay-gradient":""},"mobile":{"background-color":"","background-image":"","background-repeat":"repeat","background-position":"center center","background-size":"auto","background-attachment":"scroll","background-type":"","background-media":"","overlay-type":"","overlay-color":"","overlay-gradient":""}},"ast-content-background-meta":{"desktop":{"background-color":"var(--ast-global-color-5)","background-image":"","background-repeat":"repeat","background-position":"center center","background-size":"auto","background-attachment":"scroll","background-type":"","background-media":"","overlay-type":"","overlay-color":"","overlay-gradient":""},"tablet":{"background-color":"var(--ast-global-color-5)","background-image":"","background-repeat":"repeat","background-position":"center center","background-size":"auto","background-attachment":"scroll","background-type":"","background-media":"","overlay-type":"","overlay-color":"","overlay-gradient":""},"mobile":{"background-color":"var(--ast-global-color-5)","background-image":"","background-repeat":"repeat","background-position":"center center","background-size":"auto","background-attachment":"scroll","background-type":"","background-media":"","overlay-type":"","overlay-color":"","overlay-gradient":""}},"footnotes":""},"categories":[35,226,36],"tags":[54842,12436,6978,54844,54843,18338],"class_list":["post-17534","post","type-post","status-publish","format-standard","hentry","category-ciencias-de-la-vida","category-zoologia","category-zoologia-marina","tag-arroyo-hailuoto-nina-larissa","tag-cruz-palacin-cabanas","tag-dario-diaz-cosin","tag-gerardo-garcia-castrillo-riesgo","tag-jesus-benito-salido","tag-jose-manuel-vieitez-martin"],"_links":{"self":[{"href":"https:\/\/www.deberes.net\/tesis\/wp-json\/wp\/v2\/posts\/17534","targetHints":{"allow":["GET"]}}],"collection":[{"href":"https:\/\/www.deberes.net\/tesis\/wp-json\/wp\/v2\/posts"}],"about":[{"href":"https:\/\/www.deberes.net\/tesis\/wp-json\/wp\/v2\/types\/post"}],"author":[{"embeddable":true,"href":"https:\/\/www.deberes.net\/tesis\/wp-json\/wp\/v2\/users\/1"}],"replies":[{"embeddable":true,"href":"https:\/\/www.deberes.net\/tesis\/wp-json\/wp\/v2\/comments?post=17534"}],"version-history":[{"count":0,"href":"https:\/\/www.deberes.net\/tesis\/wp-json\/wp\/v2\/posts\/17534\/revisions"}],"wp:attachment":[{"href":"https:\/\/www.deberes.net\/tesis\/wp-json\/wp\/v2\/media?parent=17534"}],"wp:term":[{"taxonomy":"category","embeddable":true,"href":"https:\/\/www.deberes.net\/tesis\/wp-json\/wp\/v2\/categories?post=17534"},{"taxonomy":"post_tag","embeddable":true,"href":"https:\/\/www.deberes.net\/tesis\/wp-json\/wp\/v2\/tags?post=17534"}],"curies":[{"name":"wp","href":"https:\/\/api.w.org\/{rel}","templated":true}]}}