{"id":17546,"date":"2018-03-09T09:05:40","date_gmt":"2018-03-09T09:05:40","guid":{"rendered":"https:\/\/www.deberes.net\/tesis\/sin-categoria\/la-musica-en-la-educacion-primaria-y-en-las-escuelas-de-musica-la-necesaria-coordinacion-analisis-para-futuros-planes-de-intervencion-educativa-en-la-comunidad-autonoma-vasca\/"},"modified":"2018-03-09T09:05:40","modified_gmt":"2018-03-09T09:05:40","slug":"la-musica-en-la-educacion-primaria-y-en-las-escuelas-de-musica-la-necesaria-coordinacion-analisis-para-futuros-planes-de-intervencion-educativa-en-la-comunidad-autonoma-vasca","status":"publish","type":"post","link":"https:\/\/www.deberes.net\/tesis\/ciencias-de-las-artes-y-las-letras\/la-musica-en-la-educacion-primaria-y-en-las-escuelas-de-musica-la-necesaria-coordinacion-analisis-para-futuros-planes-de-intervencion-educativa-en-la-comunidad-autonoma-vasca\/","title":{"rendered":"La m\u00fasica en la educaci\u00f3n primaria y en las escuelas de m\u00fasica: la necesaria coordinaci\u00f3n, an\u00e1lisis para futuros planes de intervenci\u00f3n educativa en la comunidad aut\u00f3noma vasca"},"content":{"rendered":"<h2>Tesis doctoral de <strong> Maravillas Diaz Gomez <\/strong><\/h2>\n<p>La promulgaci\u00f3n de la ley org\u00e1nica 1\/1990 de 3 de octubre, de ordenaci\u00f3n general del sistema educativo (l.O.G.S.E.) Ha significado un cambio cualitativo sustancial en la ordenaci\u00f3n educativa de las ense\u00f1anzas musicales en el estado espa\u00f1ol.  dos de las innovaciones m\u00e1s importantes y significativas de la logse radican, por un lado, en la ense\u00f1anza general con la creaci\u00f3n de la figura del maestro especialista de m\u00fasica, inexistente hasta la implantaci\u00f3n de dicha ley: por otro lado, en la ense\u00f1anza de r\u00e9gimen especial con la creaci\u00f3n de centros de m\u00fasica de ense\u00f1anza no reglada, escuela de m\u00fasica, ofreciendo un modelo de ense\u00f1anza musical dirigido a toda la poblaci\u00f3n, sin l\u00edmite de edad y sin que se necesiten aptitudes espec\u00edficas previas, contribuyendo favorablemente el acceso a la vida musical participativa.  el tema objeto de esta tesis se centra en el estudio y el an\u00e1lisis de la educaci\u00f3n musical en estos dos \u00e1mbitos: ense\u00f1anza de r\u00e9gimen general -etapa primaria- y ense\u00f1anza de r\u00e9gimen especial -escuelas de m\u00fasica- de la comunidad aut\u00f3noma vasca, con intenci\u00f3n de, a partir del conocimiento de la situaci\u00f3n y del an\u00e1lisis valorativo de la realidad de dichos centros, elaborar propuestas de actuaci\u00f3n conjunta que permitan apoyar y fortalecer la ense\u00f1anza musical pudiendo brindar la oportunidad, a ni\u00f1os y ni\u00f1as en edades comprendidas entre los seis y los doce a\u00f1os, de poder disfrutar haciendo m\u00fasica en funci\u00f3n de sus habilidades.  consideramos as\u00ed mismo que la colaboraci\u00f3n conjunta entre los maestros y maestras de m\u00fasica de las escuelas de primaria y el profesorado de escuelas de m\u00fasica puede ser fuente de motivaci\u00f3n profesional contribuyendo de esta manera a un mejor eriquecimiento del profesorado y de la educaci\u00f3n musical del alumnado.<\/p>\n<p>&nbsp;<\/p>\n<h3>Datos acad\u00e9micos de la tesis doctoral \u00ab<strong>La m\u00fasica en la educaci\u00f3n primaria y en las escuelas de m\u00fasica: la necesaria coordinaci\u00f3n, an\u00e1lisis para futuros planes de intervenci\u00f3n educativa en la comunidad aut\u00f3noma vasca<\/strong>\u00ab<\/h3>\n<ul>\n<li><strong>T\u00edtulo de la tesis:<\/strong>\u00a0 La m\u00fasica en la educaci\u00f3n primaria y en las escuelas de m\u00fasica: la necesaria coordinaci\u00f3n, an\u00e1lisis para futuros planes de intervenci\u00f3n educativa en la comunidad aut\u00f3noma vasca <\/li>\n<li><strong>Autor:<\/strong>\u00a0 Maravillas Diaz Gomez <\/li>\n<li><strong>Universidad:<\/strong>\u00a0 Pa\u00eds vasco\/euskal herriko unibertsitatea<\/li>\n<li><strong>Fecha de lectura de la tesis:<\/strong>\u00a0 18\/06\/2002<\/li>\n<\/ul>\n<p>&nbsp;<\/p>\n<h3>Direcci\u00f3n y tribunal<\/h3>\n<ul>\n<li><strong>Director de la tesis<\/strong>\n<ul>\n<li>Jos\u00e9 Ram\u00f3n Orcasitas Garc\u00eda<\/li>\n<\/ul>\n<\/li>\n<li><strong>Tribunal<\/strong>\n<ul>\n<li>Presidente del tribunal: amando Vega fuente <\/li>\n<li>manuela Jimeno gracia (vocal)<\/li>\n<li>Francisco Jim\u00e9nez mart\u00ednez (vocal)<\/li>\n<li>M\u00aa pilar Barrios manzano (vocal)<\/li>\n<\/ul>\n<\/li>\n<\/ul>\n<p>&nbsp;<\/p>\n","protected":false},"excerpt":{"rendered":"<p>Tesis doctoral de Maravillas Diaz Gomez La promulgaci\u00f3n de la ley org\u00e1nica 1\/1990 de 3 de octubre, de ordenaci\u00f3n general [&hellip;]<\/p>\n","protected":false},"author":1,"featured_media":0,"comment_status":"open","ping_status":"open","sticky":false,"template":"","format":"standard","meta":{"site-sidebar-layout":"default","site-content-layout":"","ast-site-content-layout":"","site-content-style":"default","site-sidebar-style":"default","ast-global-header-display":"","ast-banner-title-visibility":"","ast-main-header-display":"","ast-hfb-above-header-display":"","ast-hfb-below-header-display":"","ast-hfb-mobile-header-display":"","site-post-title":"","ast-breadcrumbs-content":"","ast-featured-img":"","footer-sml-layout":"","theme-transparent-header-meta":"","adv-header-id-meta":"","stick-header-meta":"","header-above-stick-meta":"","header-main-stick-meta":"","header-below-stick-meta":"","astra-migrate-meta-layouts":"default","ast-page-background-enabled":"default","ast-page-background-meta":{"desktop":{"background-color":"var(--ast-global-color-4)","background-image":"","background-repeat":"repeat","background-position":"center center","background-size":"auto","background-attachment":"scroll","background-type":"","background-media":"","overlay-type":"","overlay-color":"","overlay-gradient":""},"tablet":{"background-color":"","background-image":"","background-repeat":"repeat","background-position":"center center","background-size":"auto","background-attachment":"scroll","background-type":"","background-media":"","overlay-type":"","overlay-color":"","overlay-gradient":""},"mobile":{"background-color":"","background-image":"","background-repeat":"repeat","background-position":"center center","background-size":"auto","background-attachment":"scroll","background-type":"","background-media":"","overlay-type":"","overlay-color":"","overlay-gradient":""}},"ast-content-background-meta":{"desktop":{"background-color":"var(--ast-global-color-5)","background-image":"","background-repeat":"repeat","background-position":"center center","background-size":"auto","background-attachment":"scroll","background-type":"","background-media":"","overlay-type":"","overlay-color":"","overlay-gradient":""},"tablet":{"background-color":"var(--ast-global-color-5)","background-image":"","background-repeat":"repeat","background-position":"center center","background-size":"auto","background-attachment":"scroll","background-type":"","background-media":"","overlay-type":"","overlay-color":"","overlay-gradient":""},"mobile":{"background-color":"var(--ast-global-color-5)","background-image":"","background-repeat":"repeat","background-position":"center center","background-size":"auto","background-attachment":"scroll","background-type":"","background-media":"","overlay-type":"","overlay-color":"","overlay-gradient":""}},"footnotes":""},"categories":[147,1140,9132,12909,1141,1288,1111],"tags":[13044,14183,12962,54871,54870,54872],"class_list":["post-17546","post","type-post","status-publish","format-standard","hentry","category-ciencias-de-las-artes-y-las-letras","category-formacion-y-empleo-de-profesores","category-musica-y-musicologia","category-pais-vasco-euskal-herriko-unibertsitatea","category-pedagogia","category-preparacion-de-profesores","category-teoria-analisis-y-critica-de-las-bellas-artes","tag-amando-vega-fuente","tag-francisco-jimenez-Martinez","tag-jose-ramon-orcasitas-garcia","tag-manuela-jimeno-gracia","tag-maravillas-diaz-gomez","tag-ma-pilar-barrios-manzano"],"_links":{"self":[{"href":"https:\/\/www.deberes.net\/tesis\/wp-json\/wp\/v2\/posts\/17546","targetHints":{"allow":["GET"]}}],"collection":[{"href":"https:\/\/www.deberes.net\/tesis\/wp-json\/wp\/v2\/posts"}],"about":[{"href":"https:\/\/www.deberes.net\/tesis\/wp-json\/wp\/v2\/types\/post"}],"author":[{"embeddable":true,"href":"https:\/\/www.deberes.net\/tesis\/wp-json\/wp\/v2\/users\/1"}],"replies":[{"embeddable":true,"href":"https:\/\/www.deberes.net\/tesis\/wp-json\/wp\/v2\/comments?post=17546"}],"version-history":[{"count":0,"href":"https:\/\/www.deberes.net\/tesis\/wp-json\/wp\/v2\/posts\/17546\/revisions"}],"wp:attachment":[{"href":"https:\/\/www.deberes.net\/tesis\/wp-json\/wp\/v2\/media?parent=17546"}],"wp:term":[{"taxonomy":"category","embeddable":true,"href":"https:\/\/www.deberes.net\/tesis\/wp-json\/wp\/v2\/categories?post=17546"},{"taxonomy":"post_tag","embeddable":true,"href":"https:\/\/www.deberes.net\/tesis\/wp-json\/wp\/v2\/tags?post=17546"}],"curies":[{"name":"wp","href":"https:\/\/api.w.org\/{rel}","templated":true}]}}