{"id":17549,"date":"2018-03-09T09:05:40","date_gmt":"2018-03-09T09:05:40","guid":{"rendered":"https:\/\/www.deberes.net\/tesis\/sin-categoria\/ejercicio-fa%c2%adsico-y-equilibrio-en-personas-mayores-efectos-de-un-programa-de-ejercicio-especa%c2%adfico\/"},"modified":"2018-03-09T09:05:40","modified_gmt":"2018-03-09T09:05:40","slug":"ejercicio-fa%c2%adsico-y-equilibrio-en-personas-mayores-efectos-de-un-programa-de-ejercicio-especa%c2%adfico","status":"publish","type":"post","link":"https:\/\/www.deberes.net\/tesis\/pedagogia\/ejercicio-fa%c2%adsico-y-equilibrio-en-personas-mayores-efectos-de-un-programa-de-ejercicio-especa%c2%adfico\/","title":{"rendered":"Ejercicio f\u00edsico y equilibrio en personas mayores: efectos de un programa de ejercicio espec\u00edfico"},"content":{"rendered":"<h2>Tesis doctoral de <strong> Esther Requena S\u00e1nchez-garrido <\/strong><\/h2>\n<p>Este estudio eval\u00faa la eficacia de un programa de ejercicio espec\u00edfico de ocho meses de duraci\u00f3n sobre el deterioro del equilibrio est\u00e1tico y din\u00e1mico en personas mayores, factor fuertemente asociado con las ca\u00eddas. un grupo experimental, que sigui\u00f3 un programa supervisado de ejercicio f\u00edsico integrado de forma espec\u00edfica por ejercicios de equilibrio y tiempo de reacci\u00f3n y movimiento, se compar\u00f3 con un grupo control inactivo y con otro que realiz\u00f3 un programa de acondicionamiento f\u00edsico gen\u00e9rico. Tras finalizar el programa, el grupo espec\u00edfico se mostr\u00f3 eficaz en la mejora del equilibrio est\u00e1tico y din\u00e1mico en comparaci\u00f3n con el grupo de control. igualmente se mostr\u00f3 superior al programa de tipo gen\u00e9rico en las pruebas din\u00e1micas, aunque estas diferencias no llegaron a ser estad\u00edsticamente significativas. Los resultados muestran el potencial efecto del programa de ejercicio espec\u00edfico en el enlentecimiento del deterioro del equilibrio que acontece con la edad.<\/p>\n<p>&nbsp;<\/p>\n<h3>Datos acad\u00e9micos de la tesis doctoral \u00ab<strong>Ejercicio f\u00edsico y equilibrio en personas mayores: efectos de un programa de ejercicio espec\u00edfico<\/strong>\u00ab<\/h3>\n<ul>\n<li><strong>T\u00edtulo de la tesis:<\/strong>\u00a0 Ejercicio f\u00edsico y equilibrio en personas mayores: efectos de un programa de ejercicio espec\u00edfico <\/li>\n<li><strong>Autor:<\/strong>\u00a0 Esther Requena S\u00e1nchez-garrido <\/li>\n<li><strong>Universidad:<\/strong>\u00a0 Pa\u00eds vasco\/euskal herriko unibertsitatea<\/li>\n<li><strong>Fecha de lectura de la tesis:<\/strong>\u00a0 18\/06\/2002<\/li>\n<\/ul>\n<p>&nbsp;<\/p>\n<h3>Direcci\u00f3n y tribunal<\/h3>\n<ul>\n<li><strong>Director de la tesis<\/strong>\n<ul>\n<li>\u00e1ngel Manuel Gonz\u00e1lez Su\u00e1rez<\/li>\n<\/ul>\n<\/li>\n<li><strong>Tribunal<\/strong>\n<ul>\n<li>Presidente del tribunal: antoni Petrus rotger <\/li>\n<li>Luis De nicolas Martinez (vocal)<\/li>\n<li>f\u00e9lix Etxeberria balerdi (vocal)<\/li>\n<li> Pablos abell\u00e1 Carlos m. (vocal)<\/li>\n<\/ul>\n<\/li>\n<\/ul>\n<p>&nbsp;<\/p>\n","protected":false},"excerpt":{"rendered":"<p>Tesis doctoral de Esther Requena S\u00e1nchez-garrido Este estudio eval\u00faa la eficacia de un programa de ejercicio espec\u00edfico de ocho meses [&hellip;]<\/p>\n","protected":false},"author":1,"featured_media":0,"comment_status":"open","ping_status":"open","sticky":false,"template":"","format":"standard","meta":{"site-sidebar-layout":"default","site-content-layout":"","ast-site-content-layout":"","site-content-style":"default","site-sidebar-style":"default","ast-global-header-display":"","ast-banner-title-visibility":"","ast-main-header-display":"","ast-hfb-above-header-display":"","ast-hfb-below-header-display":"","ast-hfb-mobile-header-display":"","site-post-title":"","ast-breadcrumbs-content":"","ast-featured-img":"","footer-sml-layout":"","theme-transparent-header-meta":"","adv-header-id-meta":"","stick-header-meta":"","header-above-stick-meta":"","header-main-stick-meta":"","header-below-stick-meta":"","astra-migrate-meta-layouts":"default","ast-page-background-enabled":"default","ast-page-background-meta":{"desktop":{"background-color":"var(--ast-global-color-4)","background-image":"","background-repeat":"repeat","background-position":"center center","background-size":"auto","background-attachment":"scroll","background-type":"","background-media":"","overlay-type":"","overlay-color":"","overlay-gradient":""},"tablet":{"background-color":"","background-image":"","background-repeat":"repeat","background-position":"center center","background-size":"auto","background-attachment":"scroll","background-type":"","background-media":"","overlay-type":"","overlay-color":"","overlay-gradient":""},"mobile":{"background-color":"","background-image":"","background-repeat":"repeat","background-position":"center center","background-size":"auto","background-attachment":"scroll","background-type":"","background-media":"","overlay-type":"","overlay-color":"","overlay-gradient":""}},"ast-content-background-meta":{"desktop":{"background-color":"var(--ast-global-color-5)","background-image":"","background-repeat":"repeat","background-position":"center center","background-size":"auto","background-attachment":"scroll","background-type":"","background-media":"","overlay-type":"","overlay-color":"","overlay-gradient":""},"tablet":{"background-color":"var(--ast-global-color-5)","background-image":"","background-repeat":"repeat","background-position":"center center","background-size":"auto","background-attachment":"scroll","background-type":"","background-media":"","overlay-type":"","overlay-color":"","overlay-gradient":""},"mobile":{"background-color":"var(--ast-global-color-5)","background-image":"","background-repeat":"repeat","background-position":"center center","background-size":"auto","background-attachment":"scroll","background-type":"","background-media":"","overlay-type":"","overlay-color":"","overlay-gradient":""}},"footnotes":""},"categories":[13042,3557,6020,1184,12909,1141,1341],"tags":[54882,1290,54881,12961,28091,54883],"class_list":["post-17549","post","type-post","status-publish","format-standard","hentry","category-educacion-de-adultos","category-ensenanza-programada","category-evaluacion-de-alumnos","category-organizacion-y-planificacion-de-la-educacion","category-pais-vasco-euskal-herriko-unibertsitatea","category-pedagogia","category-teoria-y-metodos-educativos","tag-angel-manuel-gonzalez-suarez","tag-antoni-petrus-rotger","tag-esther-requena-sanchez-garrido","tag-felix-etxeberria-balerdi","tag-luis-de-nicolas-Martinez","tag-pablos-abella-carlos-m"],"_links":{"self":[{"href":"https:\/\/www.deberes.net\/tesis\/wp-json\/wp\/v2\/posts\/17549","targetHints":{"allow":["GET"]}}],"collection":[{"href":"https:\/\/www.deberes.net\/tesis\/wp-json\/wp\/v2\/posts"}],"about":[{"href":"https:\/\/www.deberes.net\/tesis\/wp-json\/wp\/v2\/types\/post"}],"author":[{"embeddable":true,"href":"https:\/\/www.deberes.net\/tesis\/wp-json\/wp\/v2\/users\/1"}],"replies":[{"embeddable":true,"href":"https:\/\/www.deberes.net\/tesis\/wp-json\/wp\/v2\/comments?post=17549"}],"version-history":[{"count":0,"href":"https:\/\/www.deberes.net\/tesis\/wp-json\/wp\/v2\/posts\/17549\/revisions"}],"wp:attachment":[{"href":"https:\/\/www.deberes.net\/tesis\/wp-json\/wp\/v2\/media?parent=17549"}],"wp:term":[{"taxonomy":"category","embeddable":true,"href":"https:\/\/www.deberes.net\/tesis\/wp-json\/wp\/v2\/categories?post=17549"},{"taxonomy":"post_tag","embeddable":true,"href":"https:\/\/www.deberes.net\/tesis\/wp-json\/wp\/v2\/tags?post=17549"}],"curies":[{"name":"wp","href":"https:\/\/api.w.org\/{rel}","templated":true}]}}