{"id":17585,"date":"2018-03-09T09:05:43","date_gmt":"2018-03-09T09:05:43","guid":{"rendered":"https:\/\/www.deberes.net\/tesis\/sin-categoria\/perfil-evolutivo-cognitivo-clinico-y-socio-demografico-de-las-personas-con-trastorno-por-deficit-de-atencion-con-hiperactividad-atendidas-en-una-unidad-de-salud-mental\/"},"modified":"2018-03-09T09:05:43","modified_gmt":"2018-03-09T09:05:43","slug":"perfil-evolutivo-cognitivo-clinico-y-socio-demografico-de-las-personas-con-trastorno-por-deficit-de-atencion-con-hiperactividad-atendidas-en-una-unidad-de-salud-mental","status":"publish","type":"post","link":"https:\/\/www.deberes.net\/tesis\/ciencias-medicas\/perfil-evolutivo-cognitivo-clinico-y-socio-demografico-de-las-personas-con-trastorno-por-deficit-de-atencion-con-hiperactividad-atendidas-en-una-unidad-de-salud-mental\/","title":{"rendered":"Perfil evolutivo, cognitivo, clinico y socio-demogr\u00e1fico de las personas con trastorno por deficit de atenci\u00f3n con hiperactividad, atendidas en una unidad de salud mental"},"content":{"rendered":"<h2>Tesis doctoral de <strong>  L\u00f3pez Villalobos Jos\u00e9 Antonio <\/strong><\/h2>\n<p>La orientaci\u00f3n general de la investigaci\u00f3n se centra en el estudio de la poblaci\u00f3n cl\u00ednica con \u00abtrastorno por d\u00e9ficit de atenci\u00f3n con hiperactividad\u00bb (tdah) entre 0 y 16 a\u00f1os atendida en una unidad de salud mental, con dos fases espec\u00edficas de an\u00e1lisis.  en la primera fase se contrastan casos de tdah con controles cl\u00ednicos (n=1837), atendidos entre 1992-2000, con hip\u00f3tesis centradas en su te\u00f3rica mayor adversidad cl\u00ednica, familiar y acad\u00e9mica.  la segunda fase analiza una muestra que proviene de la primera fase (n=90), formada por casos de tdah atendidos entre 1999-2000 y apreciada en sus dimensiones cl\u00ednicas, cognitivas y sociodemogr\u00e1ficas, con hip\u00f3tesis centradas en la variabilidad de las dimensiones en funci\u00f3n de la edad, comorbilidad y discriminaci\u00f3n entre los tipos de tdah.  se trabaj\u00f3 con un dise\u00f1o seccional, descriptivo y de investigaci\u00f3n diferencial o comparada, multivariable y multi &#8211; grupo. La definici\u00f3n de caso se realiz\u00f3 seg\u00fan criterios dsmiv y las variables e instrumentos, que se clasificaron en psicopatol\u00f3gicas, cognitivas, acad\u00e9micas y socio-demogr\u00e1ficas, fueron extra\u00eddas de mediante procedimientos de entrevista cl\u00ednica y\/o instrumentos fiables y v\u00e1lidos (wisc-r de wechsler, edah de farr\u00e9 y narbona, csi de gadow y sparfkin, staic de spielberg et.Al., Cds de lang y tisher, mfft de cairns y cammock, ceft de witkin et al., Stroop de golden y eeasl de goldman et al.).  todos los an\u00e1lisis correspondientes a diferentes objetivos e hip\u00f3tesis contienen medidas descriptivas y exploratorias en una primera fase; as\u00ed como m\u00e9todos de an\u00e1lisis multivariable de regresi\u00f3n lineal, regresi\u00f3n log\u00edstica y an\u00e1lisis discriminante en funci\u00f3n de las hip\u00f3tesis y cualidad de los datos.  los resultados fundamentales de la primera fase pueden ser sintetizados en la mayor afectaci\u00f3n cl\u00ednica, familiar, sanitaria y acad\u00e9mica de tdah respecto a controles cl\u00ednicos.  en la segunda fase, la investigaci\u00f3n<\/p>\n<p>&nbsp;<\/p>\n<h3>Datos acad\u00e9micos de la tesis doctoral \u00ab<strong>Perfil evolutivo, cognitivo, clinico y socio-demogr\u00e1fico de las personas con trastorno por deficit de atenci\u00f3n con hiperactividad, atendidas en una unidad de salud mental<\/strong>\u00ab<\/h3>\n<ul>\n<li><strong>T\u00edtulo de la tesis:<\/strong>\u00a0 Perfil evolutivo, cognitivo, clinico y socio-demogr\u00e1fico de las personas con trastorno por deficit de atenci\u00f3n con hiperactividad, atendidas en una unidad de salud mental <\/li>\n<li><strong>Autor:<\/strong>\u00a0  L\u00f3pez Villalobos Jos\u00e9 Antonio <\/li>\n<li><strong>Universidad:<\/strong>\u00a0 Salamanca<\/li>\n<li><strong>Fecha de lectura de la tesis:<\/strong>\u00a0 19\/06\/2002<\/li>\n<\/ul>\n<p>&nbsp;<\/p>\n<h3>Direcci\u00f3n y tribunal<\/h3>\n<ul>\n<li><strong>Director de la tesis<\/strong>\n<ul>\n<li>Isabel Serrano Pintado<\/li>\n<\/ul>\n<\/li>\n<li><strong>Tribunal<\/strong>\n<ul>\n<li>Presidente del tribunal: alejandro Avila espada <\/li>\n<li> Izquierdo de la torre Juan  Alberto (vocal)<\/li>\n<li>Ana Miranda casas (vocal)<\/li>\n<li>eduardo Garc\u00eda cueto (vocal)<\/li>\n<\/ul>\n<\/li>\n<\/ul>\n<p>&nbsp;<\/p>\n","protected":false},"excerpt":{"rendered":"<p>Tesis doctoral de L\u00f3pez Villalobos Jos\u00e9 Antonio La orientaci\u00f3n general de la investigaci\u00f3n se centra en el estudio de la [&hellip;]<\/p>\n","protected":false},"author":1,"featured_media":0,"comment_status":"open","ping_status":"open","sticky":false,"template":"","format":"standard","meta":{"site-sidebar-layout":"default","site-content-layout":"","ast-site-content-layout":"","site-content-style":"default","site-sidebar-style":"default","ast-global-header-display":"","ast-banner-title-visibility":"","ast-main-header-display":"","ast-hfb-above-header-display":"","ast-hfb-below-header-display":"","ast-hfb-mobile-header-display":"","site-post-title":"","ast-breadcrumbs-content":"","ast-featured-img":"","footer-sml-layout":"","theme-transparent-header-meta":"","adv-header-id-meta":"","stick-header-meta":"","header-above-stick-meta":"","header-main-stick-meta":"","header-below-stick-meta":"","astra-migrate-meta-layouts":"default","ast-page-background-enabled":"default","ast-page-background-meta":{"desktop":{"background-color":"var(--ast-global-color-4)","background-image":"","background-repeat":"repeat","background-position":"center center","background-size":"auto","background-attachment":"scroll","background-type":"","background-media":"","overlay-type":"","overlay-color":"","overlay-gradient":""},"tablet":{"background-color":"","background-image":"","background-repeat":"repeat","background-position":"center center","background-size":"auto","background-attachment":"scroll","background-type":"","background-media":"","overlay-type":"","overlay-color":"","overlay-gradient":""},"mobile":{"background-color":"","background-image":"","background-repeat":"repeat","background-position":"center center","background-size":"auto","background-attachment":"scroll","background-type":"","background-media":"","overlay-type":"","overlay-color":"","overlay-gradient":""}},"ast-content-background-meta":{"desktop":{"background-color":"var(--ast-global-color-5)","background-image":"","background-repeat":"repeat","background-position":"center center","background-size":"auto","background-attachment":"scroll","background-type":"","background-media":"","overlay-type":"","overlay-color":"","overlay-gradient":""},"tablet":{"background-color":"var(--ast-global-color-5)","background-image":"","background-repeat":"repeat","background-position":"center center","background-size":"auto","background-attachment":"scroll","background-type":"","background-media":"","overlay-type":"","overlay-color":"","overlay-gradient":""},"mobile":{"background-color":"var(--ast-global-color-5)","background-image":"","background-repeat":"repeat","background-position":"center center","background-size":"auto","background-attachment":"scroll","background-type":"","background-media":"","overlay-type":"","overlay-color":"","overlay-gradient":""}},"footnotes":""},"categories":[155,9,7071,324,487,961,970,2758,325,9386],"tags":[7073,27081,52581,9417,25704,54978],"class_list":["post-17585","post","type-post","status-publish","format-standard","hentry","category-ciencias-clinicas","category-ciencias-medicas","category-desordenes-del-comportamiento","category-psicologia","category-psicologia-clinica","category-psicologia-de-la-anormalidad","category-psicologia-del-nino-y-del-adolescente","category-psicologia-evolutiva","category-psicopatologia","category-salamanca","tag-alejandro-avila-espada","tag-ana-miranda-casas","tag-eduardo-garcia-cueto","tag-isabel-serrano-pintado","tag-izquierdo-de-la-torre-juan-alberto","tag-lopez-villalobos-jose-antonio"],"_links":{"self":[{"href":"https:\/\/www.deberes.net\/tesis\/wp-json\/wp\/v2\/posts\/17585","targetHints":{"allow":["GET"]}}],"collection":[{"href":"https:\/\/www.deberes.net\/tesis\/wp-json\/wp\/v2\/posts"}],"about":[{"href":"https:\/\/www.deberes.net\/tesis\/wp-json\/wp\/v2\/types\/post"}],"author":[{"embeddable":true,"href":"https:\/\/www.deberes.net\/tesis\/wp-json\/wp\/v2\/users\/1"}],"replies":[{"embeddable":true,"href":"https:\/\/www.deberes.net\/tesis\/wp-json\/wp\/v2\/comments?post=17585"}],"version-history":[{"count":0,"href":"https:\/\/www.deberes.net\/tesis\/wp-json\/wp\/v2\/posts\/17585\/revisions"}],"wp:attachment":[{"href":"https:\/\/www.deberes.net\/tesis\/wp-json\/wp\/v2\/media?parent=17585"}],"wp:term":[{"taxonomy":"category","embeddable":true,"href":"https:\/\/www.deberes.net\/tesis\/wp-json\/wp\/v2\/categories?post=17585"},{"taxonomy":"post_tag","embeddable":true,"href":"https:\/\/www.deberes.net\/tesis\/wp-json\/wp\/v2\/tags?post=17585"}],"curies":[{"name":"wp","href":"https:\/\/api.w.org\/{rel}","templated":true}]}}