{"id":17648,"date":"2018-03-09T09:05:48","date_gmt":"2018-03-09T09:05:48","guid":{"rendered":"https:\/\/www.deberes.net\/tesis\/sin-categoria\/fundamentacion-cognitivo-perceptiva-de-la-combinatoria-del-verbo-en-espanol\/"},"modified":"2018-03-09T09:05:48","modified_gmt":"2018-03-09T09:05:48","slug":"fundamentacion-cognitivo-perceptiva-de-la-combinatoria-del-verbo-en-espanol","status":"publish","type":"post","link":"https:\/\/www.deberes.net\/tesis\/linguistica\/fundamentacion-cognitivo-perceptiva-de-la-combinatoria-del-verbo-en-espanol\/","title":{"rendered":"Fundamentaci\u00f3n cognitivo-perceptiva de la combinatoria del verbo en espa\u00f1ol"},"content":{"rendered":"<h2>Tesis doctoral de <strong> M. Amparo Montaner Montava <\/strong><\/h2>\n<p>Esta tesis pretende responder a un interrogante: por qu\u00e9 ciertos verbos de transferencia manifiestan en su combinatoria ciertas peculiaridades que reflejan un comportamiento at\u00edpico con respecto a otros verbos similares, ya porque el verbo se combina con ciertas funciones sint\u00e1cticas y\/o sem\u00e1nticas de manera poco habitual o porque no se dan las correspondencias habituales entre dichas funciones sint\u00e1cticas y sem\u00e1nticas.  nuestra propuesta es que existe una \u00edntima relaci\u00f3n entre la combinatoria sint\u00e1ctica y sem\u00e1ntica del verbo y que la combinatoria de un verbo con otros elementos se basa en gran medida en la configuraci\u00f3n cognitivo\/perceptiva del escenario subyacente a dicho verbo en la construcci\u00f3n en que se encuadre.  por ello, el estudio de la combinatoria verbal debe realizarse con un criterio amplio, que contemple los aspectos sint\u00e1ctico y sem\u00e1ntico de la actancia desde una \u00f3ptica cognitivo\/perceptiva.  se han tenido en cuenta las aportaciones de los principales enfoques complexivos del estudio de la actancia, como los de la escuela perceptiva de Valencia y los de la ling\u00ed\u00bc\u00edstica cognitiva en general (especialmente frame semantics y la gram\u00e1tica de construcciones).  el modo de trabajo que proponemos resulta directamente aplicable a aspectos pr\u00e1cticos, como traducci\u00f3n, elaboraci\u00f3n de diccionarios, comparaci\u00f3n de lenguas &#8230;<\/p>\n<p>&nbsp;<\/p>\n<h3>Datos acad\u00e9micos de la tesis doctoral \u00ab<strong>Fundamentaci\u00f3n cognitivo-perceptiva de la combinatoria del verbo en espa\u00f1ol<\/strong>\u00ab<\/h3>\n<ul>\n<li><strong>T\u00edtulo de la tesis:<\/strong>\u00a0 Fundamentaci\u00f3n cognitivo-perceptiva de la combinatoria del verbo en espa\u00f1ol <\/li>\n<li><strong>Autor:<\/strong>\u00a0 M. Amparo Montaner Montava <\/li>\n<li><strong>Universidad:<\/strong>\u00a0 Universitat de val\u00e9ncia (estudi general)<\/li>\n<li><strong>Fecha de lectura de la tesis:<\/strong>\u00a0 21\/06\/2002<\/li>\n<\/ul>\n<p>&nbsp;<\/p>\n<h3>Direcci\u00f3n y tribunal<\/h3>\n<ul>\n<li><strong>Director de la tesis<\/strong>\n<ul>\n<li>molins L\u00f3pez Garc\u00eda<\/li>\n<\/ul>\n<\/li>\n<li><strong>Tribunal<\/strong>\n<ul>\n<li>Presidente del tribunal: covadonga L\u00f3pez alonso <\/li>\n<li>Carlos Hernandez sacrist\u00e1n (vocal)<\/li>\n<li> Val \u00e1lvaro Jos\u00e9 Francisco (vocal)<\/li>\n<li>\u00e1ngel Herrero blanco (vocal)<\/li>\n<\/ul>\n<\/li>\n<\/ul>\n<p>&nbsp;<\/p>\n","protected":false},"excerpt":{"rendered":"<p>Tesis doctoral de M. Amparo Montaner Montava Esta tesis pretende responder a un interrogante: por qu\u00e9 ciertos verbos de transferencia [&hellip;]<\/p>\n","protected":false},"author":1,"featured_media":0,"comment_status":"open","ping_status":"open","sticky":false,"template":"","format":"standard","meta":{"site-sidebar-layout":"default","site-content-layout":"","ast-site-content-layout":"","site-content-style":"default","site-sidebar-style":"default","ast-global-header-display":"","ast-banner-title-visibility":"","ast-main-header-display":"","ast-hfb-above-header-display":"","ast-hfb-below-header-display":"","ast-hfb-mobile-header-display":"","site-post-title":"","ast-breadcrumbs-content":"","ast-featured-img":"","footer-sml-layout":"","theme-transparent-header-meta":"","adv-header-id-meta":"","stick-header-meta":"","header-above-stick-meta":"","header-main-stick-meta":"","header-below-stick-meta":"","astra-migrate-meta-layouts":"default","ast-page-background-enabled":"default","ast-page-background-meta":{"desktop":{"background-color":"var(--ast-global-color-4)","background-image":"","background-repeat":"repeat","background-position":"center center","background-size":"auto","background-attachment":"scroll","background-type":"","background-media":"","overlay-type":"","overlay-color":"","overlay-gradient":""},"tablet":{"background-color":"","background-image":"","background-repeat":"repeat","background-position":"center center","background-size":"auto","background-attachment":"scroll","background-type":"","background-media":"","overlay-type":"","overlay-color":"","overlay-gradient":""},"mobile":{"background-color":"","background-image":"","background-repeat":"repeat","background-position":"center center","background-size":"auto","background-attachment":"scroll","background-type":"","background-media":"","overlay-type":"","overlay-color":"","overlay-gradient":""}},"ast-content-background-meta":{"desktop":{"background-color":"var(--ast-global-color-5)","background-image":"","background-repeat":"repeat","background-position":"center center","background-size":"auto","background-attachment":"scroll","background-type":"","background-media":"","overlay-type":"","overlay-color":"","overlay-gradient":""},"tablet":{"background-color":"var(--ast-global-color-5)","background-image":"","background-repeat":"repeat","background-position":"center center","background-size":"auto","background-attachment":"scroll","background-type":"","background-media":"","overlay-type":"","overlay-color":"","overlay-gradient":""},"mobile":{"background-color":"var(--ast-global-color-5)","background-image":"","background-repeat":"repeat","background-position":"center center","background-size":"auto","background-attachment":"scroll","background-type":"","background-media":"","overlay-type":"","overlay-color":"","overlay-gradient":""}},"footnotes":""},"categories":[59,60,62,886,409,2369],"tags":[52402,12255,4623,55152,55153,29002],"class_list":["post-17648","post","type-post","status-publish","format-standard","hentry","category-linguistica","category-linguistica-aplicada","category-linguistica-sincronica","category-semantica","category-sintaxis-y-analisis-sintactico","category-traduccion-e-interpretacion","tag-angel-herrero-blanco","tag-carlos-hernandez-sacristan","tag-covadonga-lopez-alonso","tag-m-amparo-montaner-montava","tag-molins-lopez-garcia","tag-val-alvaro-jose-francisco"],"_links":{"self":[{"href":"https:\/\/www.deberes.net\/tesis\/wp-json\/wp\/v2\/posts\/17648","targetHints":{"allow":["GET"]}}],"collection":[{"href":"https:\/\/www.deberes.net\/tesis\/wp-json\/wp\/v2\/posts"}],"about":[{"href":"https:\/\/www.deberes.net\/tesis\/wp-json\/wp\/v2\/types\/post"}],"author":[{"embeddable":true,"href":"https:\/\/www.deberes.net\/tesis\/wp-json\/wp\/v2\/users\/1"}],"replies":[{"embeddable":true,"href":"https:\/\/www.deberes.net\/tesis\/wp-json\/wp\/v2\/comments?post=17648"}],"version-history":[{"count":0,"href":"https:\/\/www.deberes.net\/tesis\/wp-json\/wp\/v2\/posts\/17648\/revisions"}],"wp:attachment":[{"href":"https:\/\/www.deberes.net\/tesis\/wp-json\/wp\/v2\/media?parent=17648"}],"wp:term":[{"taxonomy":"category","embeddable":true,"href":"https:\/\/www.deberes.net\/tesis\/wp-json\/wp\/v2\/categories?post=17648"},{"taxonomy":"post_tag","embeddable":true,"href":"https:\/\/www.deberes.net\/tesis\/wp-json\/wp\/v2\/tags?post=17648"}],"curies":[{"name":"wp","href":"https:\/\/api.w.org\/{rel}","templated":true}]}}