{"id":17656,"date":"2018-03-09T09:05:49","date_gmt":"2018-03-09T09:05:49","guid":{"rendered":"https:\/\/www.deberes.net\/tesis\/sin-categoria\/indicadores-para-la-autoevaluacion-de-instituciones-de-formacion-profesional-inicial-en-el-marco-de-la-nueva-relacion-educacion-trabajo\/"},"modified":"2018-03-09T09:05:49","modified_gmt":"2018-03-09T09:05:49","slug":"indicadores-para-la-autoevaluacion-de-instituciones-de-formacion-profesional-inicial-en-el-marco-de-la-nueva-relacion-educacion-trabajo","status":"publish","type":"post","link":"https:\/\/www.deberes.net\/tesis\/pedagogia\/indicadores-para-la-autoevaluacion-de-instituciones-de-formacion-profesional-inicial-en-el-marco-de-la-nueva-relacion-educacion-trabajo\/","title":{"rendered":"Indicadores para la autoevaluaci\u00f3n de instituciones de formaci\u00f3n profesional inicial en el marco de la nueva relaci\u00f3n educaci\u00f3n-trabajo"},"content":{"rendered":"<h2>Tesis doctoral de <strong>  Baldivieso Heinondez M. Silvia <\/strong><\/h2>\n<p>Mediante un estudio de casos en el que se abordan 7 centros educativos de catalunya. Se analizan las particularidades pedag\u00f3gicos organizativas de la formaci\u00f3n profesional inicial a nivel de centro educativo, se sistematizan en t\u00e9rmino de dimensiones espec\u00edficos de la modalidad y se transforman en indicadores intersubjetivos para la autoevaluaci\u00f3n de la formaci\u00f3n.  indicadores que anclados en los aportes de las teor\u00edas interpretativas y cr\u00edticas, se orientan a cuestionar la problem\u00e1tica de la formaci\u00f3n ya construir una relaci\u00f3n educaci\u00f3n trabajo basada en principios y valores democr\u00e1ticos.  todo enmarcado en un an\u00e1lisis cr\u00edtico de la relaci\u00f3n educaci\u00f3n trabajo en el nuevo escenario econ\u00f3mico laboral y sus implicaciones sobre las instituciones educativos.<\/p>\n<p>&nbsp;<\/p>\n<h3>Datos acad\u00e9micos de la tesis doctoral \u00ab<strong>Indicadores para la autoevaluaci\u00f3n de instituciones de formaci\u00f3n profesional inicial en el marco de la nueva relaci\u00f3n educaci\u00f3n-trabajo<\/strong>\u00ab<\/h3>\n<ul>\n<li><strong>T\u00edtulo de la tesis:<\/strong>\u00a0 Indicadores para la autoevaluaci\u00f3n de instituciones de formaci\u00f3n profesional inicial en el marco de la nueva relaci\u00f3n educaci\u00f3n-trabajo <\/li>\n<li><strong>Autor:<\/strong>\u00a0  Baldivieso Heinondez M. Silvia <\/li>\n<li><strong>Universidad:<\/strong>\u00a0 Aut\u00f3noma de barcelona<\/li>\n<li><strong>Fecha de lectura de la tesis:<\/strong>\u00a0 21\/06\/2002<\/li>\n<\/ul>\n<p>&nbsp;<\/p>\n<h3>Direcci\u00f3n y tribunal<\/h3>\n<ul>\n<li><strong>Director de la tesis<\/strong>\n<ul>\n<li>Joaquin Gairin Sallan<\/li>\n<\/ul>\n<\/li>\n<li><strong>Tribunal<\/strong>\n<ul>\n<li>Presidente del tribunal: esteban Pont barcelo <\/li>\n<li>seraf\u00edn Antu\u00f1ez marcos (vocal)<\/li>\n<li>bonifacio Jim\u00e9nez jim\u00e9nez (vocal)<\/li>\n<li>joaqu\u00edm Casar bataller (vocal)<\/li>\n<\/ul>\n<\/li>\n<\/ul>\n<p>&nbsp;<\/p>\n","protected":false},"excerpt":{"rendered":"<p>Tesis doctoral de Baldivieso Heinondez M. Silvia Mediante un estudio de casos en el que se abordan 7 centros educativos [&hellip;]<\/p>\n","protected":false},"author":1,"featured_media":0,"comment_status":"open","ping_status":"open","sticky":false,"template":"","format":"standard","meta":{"site-sidebar-layout":"default","site-content-layout":"","ast-site-content-layout":"","site-content-style":"default","site-sidebar-style":"default","ast-global-header-display":"","ast-banner-title-visibility":"","ast-main-header-display":"","ast-hfb-above-header-display":"","ast-hfb-below-header-display":"","ast-hfb-mobile-header-display":"","site-post-title":"","ast-breadcrumbs-content":"","ast-featured-img":"","footer-sml-layout":"","theme-transparent-header-meta":"","adv-header-id-meta":"","stick-header-meta":"","header-above-stick-meta":"","header-main-stick-meta":"","header-below-stick-meta":"","astra-migrate-meta-layouts":"default","ast-page-background-enabled":"default","ast-page-background-meta":{"desktop":{"background-color":"var(--ast-global-color-4)","background-image":"","background-repeat":"repeat","background-position":"center center","background-size":"auto","background-attachment":"scroll","background-type":"","background-media":"","overlay-type":"","overlay-color":"","overlay-gradient":""},"tablet":{"background-color":"","background-image":"","background-repeat":"repeat","background-position":"center center","background-size":"auto","background-attachment":"scroll","background-type":"","background-media":"","overlay-type":"","overlay-color":"","overlay-gradient":""},"mobile":{"background-color":"","background-image":"","background-repeat":"repeat","background-position":"center center","background-size":"auto","background-attachment":"scroll","background-type":"","background-media":"","overlay-type":"","overlay-color":"","overlay-gradient":""}},"ast-content-background-meta":{"desktop":{"background-color":"var(--ast-global-color-5)","background-image":"","background-repeat":"repeat","background-position":"center center","background-size":"auto","background-attachment":"scroll","background-type":"","background-media":"","overlay-type":"","overlay-color":"","overlay-gradient":""},"tablet":{"background-color":"var(--ast-global-color-5)","background-image":"","background-repeat":"repeat","background-position":"center center","background-size":"auto","background-attachment":"scroll","background-type":"","background-media":"","overlay-type":"","overlay-color":"","overlay-gradient":""},"mobile":{"background-color":"var(--ast-global-color-5)","background-image":"","background-repeat":"repeat","background-position":"center center","background-size":"auto","background-attachment":"scroll","background-type":"","background-media":"","overlay-type":"","overlay-color":"","overlay-gradient":""}},"footnotes":""},"categories":[1183,3747,31309,19156,7611,1184,1141],"tags":[55171,13833,46104,55172,6624,23244],"class_list":["post-17656","post","type-post","status-publish","format-standard","hentry","category-formacion-profesional","category-logica","category-metodo-cientifico","category-metodologia","category-organizacion-y-direccion-de-las-instituciones-educativas","category-organizacion-y-planificacion-de-la-educacion","category-pedagogia","tag-baldivieso-heinondez-m-silvia","tag-bonifacio-jimenez-jimenez","tag-esteban-pont-barcelo","tag-joaquim-casar-bataller","tag-joaquin-gairin-sallan","tag-serafin-antunez-marcos"],"_links":{"self":[{"href":"https:\/\/www.deberes.net\/tesis\/wp-json\/wp\/v2\/posts\/17656","targetHints":{"allow":["GET"]}}],"collection":[{"href":"https:\/\/www.deberes.net\/tesis\/wp-json\/wp\/v2\/posts"}],"about":[{"href":"https:\/\/www.deberes.net\/tesis\/wp-json\/wp\/v2\/types\/post"}],"author":[{"embeddable":true,"href":"https:\/\/www.deberes.net\/tesis\/wp-json\/wp\/v2\/users\/1"}],"replies":[{"embeddable":true,"href":"https:\/\/www.deberes.net\/tesis\/wp-json\/wp\/v2\/comments?post=17656"}],"version-history":[{"count":0,"href":"https:\/\/www.deberes.net\/tesis\/wp-json\/wp\/v2\/posts\/17656\/revisions"}],"wp:attachment":[{"href":"https:\/\/www.deberes.net\/tesis\/wp-json\/wp\/v2\/media?parent=17656"}],"wp:term":[{"taxonomy":"category","embeddable":true,"href":"https:\/\/www.deberes.net\/tesis\/wp-json\/wp\/v2\/categories?post=17656"},{"taxonomy":"post_tag","embeddable":true,"href":"https:\/\/www.deberes.net\/tesis\/wp-json\/wp\/v2\/tags?post=17656"}],"curies":[{"name":"wp","href":"https:\/\/api.w.org\/{rel}","templated":true}]}}