{"id":17711,"date":"2018-03-09T09:05:54","date_gmt":"2018-03-09T09:05:54","guid":{"rendered":"https:\/\/www.deberes.net\/tesis\/sin-categoria\/el-regimen-jura%c2%addico-de-la-profesion-de-arquitecto-tecnico-y-aparejador\/"},"modified":"2018-03-09T09:05:54","modified_gmt":"2018-03-09T09:05:54","slug":"el-regimen-jura%c2%addico-de-la-profesion-de-arquitecto-tecnico-y-aparejador","status":"publish","type":"post","link":"https:\/\/www.deberes.net\/tesis\/ciencias-juridicas-y-derecho\/el-regimen-jura%c2%addico-de-la-profesion-de-arquitecto-tecnico-y-aparejador\/","title":{"rendered":"El r\u00e9gimen jur\u00eddico de la profesi\u00f3n de arquitecto t\u00e9cnico y aparejador"},"content":{"rendered":"<h2>Tesis doctoral de <strong> Francisco Julio Arenas Cabello <\/strong><\/h2>\n<p>El cap\u00edtulo introductorio nos pone de manifiesto los problemas que plantea esta profesi\u00f3n en torno a las facultades de atribuciones, tanto verticales como horizontales.  la profesi\u00f3n actual de arquitecto t\u00e9cnico no debe olvidar sus or\u00edgenes, por ello, se inicia el estudio de esta tesis doctoral con el cap\u00edtulo segundo dedicado a la \u00ab\u00bbevolluci\u00f3n hist\u00f3rica de la figura de aparejador\u00bb\u00bb, profesi\u00f3n t\u00e9cnica m\u00e1s antigua de las existentes, haciendo referencia a la construcci\u00f3n del siglo xvi, en especial a la construcci\u00f3n del monasterio de el escorial.  su sistema funcional del trabajo, siguiendo los c\u00e1nones gremiales, perdura en el tiempo hasta la fundaci\u00f3n de la real academia de san fernando. El t\u00edtulo de aparejador, tras muchas vicisitudes, se institucionaliza en el a\u00f1o 1935, entre cuyos aspectos m\u00e1s relevantes cabe se\u00f1alar: el reconocimiento del aparejador como \u00ab\u00bbperito de manteriales\u00bb\u00bb y su intervenci\u00f3n obligada en todas las obras de arquitectura.  el cap\u00edtulo tercero analiza la situaci\u00f3n del \u00ab\u00bbarquitecto t\u00e9cnico al servicio de las administraciones p\u00fablicas\u00bb\u00bb, la regulaci\u00f3n legal de la funci\u00f3n p\u00fablica aplicable a los arquitectos t\u00e9cnicos: selecci\u00f3n del personal arquitecto t\u00e9cnico, situaciones administrativas, derechos y deberes, incompatibilidades y r\u00e9gimen disciplinario; las relaciones de puestos de trabajo (rpt); y, finalmente, las responsabilidades.  el cap\u00edtulo cuarto examina \u00ab\u00bbla titulaci\u00f3n universitaria de arquitecto t\u00e9cnico, sus competencias y atribuciones profesionales\u00bb\u00bb, en especial la ley 12\/1986 de atribuciones profesionales de arquitectos e ingenieros t\u00e9cnicos, y la ley 38\/1999, de ordenaci\u00f3n de la edificaci\u00f3n. El agravio comparativo con otros ingenieros t\u00e9cnicos por la aplicaci\u00f3n de los conceptos jur\u00eddicos indeterminados de \u00ab\u00bbproyecto arquitect\u00f3nico\u00bb\u00bb y \u00ab\u00bbalteraci\u00f3n de la configuraci\u00f3n arquitect\u00f3nica\u00bb\u00bb.  un quinto cap\u00edtulo est\u00e1 dedicado a la \u00ab\u00bborganizaci\u00f3n colegial de la profesi\u00f3n de arquit<\/p>\n<p>&nbsp;<\/p>\n<h3>Datos acad\u00e9micos de la tesis doctoral \u00ab<strong>El r\u00e9gimen jur\u00eddico de la profesi\u00f3n de arquitecto t\u00e9cnico y aparejador<\/strong>\u00ab<\/h3>\n<ul>\n<li><strong>T\u00edtulo de la tesis:<\/strong>\u00a0 El r\u00e9gimen jur\u00eddico de la profesi\u00f3n de arquitecto t\u00e9cnico y aparejador <\/li>\n<li><strong>Autor:<\/strong>\u00a0 Francisco Julio Arenas Cabello <\/li>\n<li><strong>Universidad:<\/strong>\u00a0 Alcal\u00e1<\/li>\n<li><strong>Fecha de lectura de la tesis:<\/strong>\u00a0 24\/06\/2002<\/li>\n<\/ul>\n<p>&nbsp;<\/p>\n<h3>Direcci\u00f3n y tribunal<\/h3>\n<ul>\n<li><strong>Director de la tesis<\/strong>\n<ul>\n<li>Martin Bassols Coma<\/li>\n<\/ul>\n<\/li>\n<li><strong>Tribunal<\/strong>\n<ul>\n<li>Presidente del tribunal: Miguel S\u00e1nchez mor\u00f3n <\/li>\n<li>Jos\u00e9 Mar\u00eda  de Solas rafecas (vocal)<\/li>\n<li>Fernando Sainz moreno (vocal)<\/li>\n<li>felipe Iglesias gonz\u00e1lez (vocal)<\/li>\n<\/ul>\n<\/li>\n<\/ul>\n<p>&nbsp;<\/p>\n","protected":false},"excerpt":{"rendered":"<p>Tesis doctoral de Francisco Julio Arenas Cabello El cap\u00edtulo introductorio nos pone de manifiesto los problemas que plantea esta profesi\u00f3n [&hellip;]<\/p>\n","protected":false},"author":1,"featured_media":0,"comment_status":"open","ping_status":"open","sticky":false,"template":"","format":"standard","meta":{"site-sidebar-layout":"default","site-content-layout":"","ast-site-content-layout":"","site-content-style":"default","site-sidebar-style":"default","ast-global-header-display":"","ast-banner-title-visibility":"","ast-main-header-display":"","ast-hfb-above-header-display":"","ast-hfb-below-header-display":"","ast-hfb-mobile-header-display":"","site-post-title":"","ast-breadcrumbs-content":"","ast-featured-img":"","footer-sml-layout":"","theme-transparent-header-meta":"","adv-header-id-meta":"","stick-header-meta":"","header-above-stick-meta":"","header-main-stick-meta":"","header-below-stick-meta":"","astra-migrate-meta-layouts":"default","ast-page-background-enabled":"default","ast-page-background-meta":{"desktop":{"background-color":"var(--ast-global-color-4)","background-image":"","background-repeat":"repeat","background-position":"center center","background-size":"auto","background-attachment":"scroll","background-type":"","background-media":"","overlay-type":"","overlay-color":"","overlay-gradient":""},"tablet":{"background-color":"","background-image":"","background-repeat":"repeat","background-position":"center center","background-size":"auto","background-attachment":"scroll","background-type":"","background-media":"","overlay-type":"","overlay-color":"","overlay-gradient":""},"mobile":{"background-color":"","background-image":"","background-repeat":"repeat","background-position":"center center","background-size":"auto","background-attachment":"scroll","background-type":"","background-media":"","overlay-type":"","overlay-color":"","overlay-gradient":""}},"ast-content-background-meta":{"desktop":{"background-color":"var(--ast-global-color-5)","background-image":"","background-repeat":"repeat","background-position":"center center","background-size":"auto","background-attachment":"scroll","background-type":"","background-media":"","overlay-type":"","overlay-color":"","overlay-gradient":""},"tablet":{"background-color":"var(--ast-global-color-5)","background-image":"","background-repeat":"repeat","background-position":"center center","background-size":"auto","background-attachment":"scroll","background-type":"","background-media":"","overlay-type":"","overlay-color":"","overlay-gradient":""},"mobile":{"background-color":"var(--ast-global-color-5)","background-image":"","background-repeat":"repeat","background-position":"center center","background-size":"auto","background-attachment":"scroll","background-type":"","background-media":"","overlay-type":"","overlay-color":"","overlay-gradient":""}},"footnotes":""},"categories":[17426,612,1442,979],"tags":[55307,7137,55306,44615,17561,18560],"class_list":["post-17711","post","type-post","status-publish","format-standard","hentry","category-alcala","category-ciencias-juridicas-y-derecho","category-derecho-administrativo","category-derecho-y-legislacion-nacionales","tag-felipe-iglesias-gonzalez","tag-fernando-sainz-moreno","tag-francisco-julio-arenas-cabello","tag-jose-maria-de-solas-rafecas","tag-martin-bassols-coma","tag-miguel-sanchez-moron"],"_links":{"self":[{"href":"https:\/\/www.deberes.net\/tesis\/wp-json\/wp\/v2\/posts\/17711","targetHints":{"allow":["GET"]}}],"collection":[{"href":"https:\/\/www.deberes.net\/tesis\/wp-json\/wp\/v2\/posts"}],"about":[{"href":"https:\/\/www.deberes.net\/tesis\/wp-json\/wp\/v2\/types\/post"}],"author":[{"embeddable":true,"href":"https:\/\/www.deberes.net\/tesis\/wp-json\/wp\/v2\/users\/1"}],"replies":[{"embeddable":true,"href":"https:\/\/www.deberes.net\/tesis\/wp-json\/wp\/v2\/comments?post=17711"}],"version-history":[{"count":0,"href":"https:\/\/www.deberes.net\/tesis\/wp-json\/wp\/v2\/posts\/17711\/revisions"}],"wp:attachment":[{"href":"https:\/\/www.deberes.net\/tesis\/wp-json\/wp\/v2\/media?parent=17711"}],"wp:term":[{"taxonomy":"category","embeddable":true,"href":"https:\/\/www.deberes.net\/tesis\/wp-json\/wp\/v2\/categories?post=17711"},{"taxonomy":"post_tag","embeddable":true,"href":"https:\/\/www.deberes.net\/tesis\/wp-json\/wp\/v2\/tags?post=17711"}],"curies":[{"name":"wp","href":"https:\/\/api.w.org\/{rel}","templated":true}]}}