{"id":17731,"date":"2018-03-09T09:05:55","date_gmt":"2018-03-09T09:05:55","guid":{"rendered":"https:\/\/www.deberes.net\/tesis\/sin-categoria\/actitudes-de-los-adolescentes-ante-el-fenomeno-religioso-incidencia-en-la-ensenanza-religiosa-escolar-concepto-disposicion-e-influencia-en-segundo-ciclo-de-la-eso-en-asturias\/"},"modified":"2018-03-09T09:05:55","modified_gmt":"2018-03-09T09:05:55","slug":"actitudes-de-los-adolescentes-ante-el-fenomeno-religioso-incidencia-en-la-ensenanza-religiosa-escolar-concepto-disposicion-e-influencia-en-segundo-ciclo-de-la-eso-en-asturias","status":"publish","type":"post","link":"https:\/\/www.deberes.net\/tesis\/historia\/actitudes-de-los-adolescentes-ante-el-fenomeno-religioso-incidencia-en-la-ensenanza-religiosa-escolar-concepto-disposicion-e-influencia-en-segundo-ciclo-de-la-eso-en-asturias\/","title":{"rendered":"Actitudes de los adolescentes ante el fen\u00f3meno religioso. incidencia en la ense\u00f1anza religiosa escolar: concepto, disposici\u00f3n e influencia en segundo ciclo de la eso en asturias"},"content":{"rendered":"<h2>Tesis doctoral de <strong> Abundio Mart\u00ednez Malag\u00f3n <\/strong><\/h2>\n<p>El hecho religioso se hace presente en la vida del hombre y configura su cultura, e incluso su personalidad. Hoy nos encontramos con distintos modos de entender una de las expresiones del hecho religioso: la ense\u00f1anza religiosa y su presencia en la escuela.  en este trabajo pretendemos conocer las actitudes de los adolescentes asturianos en el segundo ciclo de educaci\u00f3n secundaria obligatoria (eso) sobre la ense\u00f1anza religiosa escolar (ere); tratamos de conocer el inter\u00e9s que tiene para ellos la ense\u00f1anza religiosa; si \u00e9sta influye en la orientaci\u00f3n de su vida, si les ayuda a ser m\u00e1s tolerantes y respetuosos con los dem\u00e1s, si potencia su formaci\u00f3n y pr\u00e1ctica religiosa, si contribuye a la formaci\u00f3n integral. Tambi\u00e9n nos interesa saber el influjo de los padres o de los amigos en la elecci\u00f3n de la asignatura de religi\u00f3n y c\u00f3mo ven ellos la preparaci\u00f3n y metodolog\u00eda del profesor de religi\u00f3n, si su car\u00e1cter comprensivo y acogedor ayuda a generar mayor inter\u00e9s y agrado por la materia. Finalmente, queremos conocer qu\u00e9 piensan ellos sobre el lugar en donde se debe de impartir la ense\u00f1anza religiosa.  todo lo anterior nos llev\u00f3 a realizar un trabajo de campo que nos permiti\u00f3 conocer mejor la realidad estudiada. Esta tarea est\u00e1 apoyada en una reflexi\u00f3n te\u00f3rica sobre el hecho religioso, sobre la adolescencia y la incidencia de lo religioso en el desarrollo de la personalidad en este periodo o fase evolutiva y, finalmente, sobre la trayectoria hist\u00f3rica de la ense\u00f1anza religiosa escolar, as\u00ed como el estatuto y alcance de este tipo de ense\u00f1anza.<\/p>\n<p>&nbsp;<\/p>\n<h3>Datos acad\u00e9micos de la tesis doctoral \u00ab<strong>Actitudes de los adolescentes ante el fen\u00f3meno religioso. incidencia en la ense\u00f1anza religiosa escolar: concepto, disposici\u00f3n e influencia en segundo ciclo de la eso en asturias<\/strong>\u00ab<\/h3>\n<ul>\n<li><strong>T\u00edtulo de la tesis:<\/strong>\u00a0 Actitudes de los adolescentes ante el fen\u00f3meno religioso. incidencia en la ense\u00f1anza religiosa escolar: concepto, disposici\u00f3n e influencia en segundo ciclo de la eso en asturias <\/li>\n<li><strong>Autor:<\/strong>\u00a0 Abundio Mart\u00ednez Malag\u00f3n <\/li>\n<li><strong>Universidad:<\/strong>\u00a0 Oviedo<\/li>\n<li><strong>Fecha de lectura de la tesis:<\/strong>\u00a0 25\/06\/2002<\/li>\n<\/ul>\n<p>&nbsp;<\/p>\n<h3>Direcci\u00f3n y tribunal<\/h3>\n<ul>\n<li><strong>Director de la tesis<\/strong>\n<ul>\n<li>Pedro Ortega Ruiz<\/li>\n<\/ul>\n<\/li>\n<li><strong>Tribunal<\/strong>\n<ul>\n<li>Presidente del tribunal: te\u00f3filo Rodr\u00edguez neira <\/li>\n<li>rosa Ort\u00ed mat\u00e9u (vocal)<\/li>\n<li> Garc\u00eda domene Juan  Carlos (vocal)<\/li>\n<li>Antonio Mesonero valhondo (vocal)<\/li>\n<\/ul>\n<\/li>\n<\/ul>\n<p>&nbsp;<\/p>\n","protected":false},"excerpt":{"rendered":"<p>Tesis doctoral de Abundio Mart\u00ednez Malag\u00f3n El hecho religioso se hace presente en la vida del hombre y configura su [&hellip;]<\/p>\n","protected":false},"author":1,"featured_media":0,"comment_status":"open","ping_status":"open","sticky":false,"template":"","format":"standard","meta":{"site-sidebar-layout":"default","site-content-layout":"","ast-site-content-layout":"","site-content-style":"default","site-sidebar-style":"default","ast-global-header-display":"","ast-banner-title-visibility":"","ast-main-header-display":"","ast-hfb-above-header-display":"","ast-hfb-below-header-display":"","ast-hfb-mobile-header-display":"","site-post-title":"","ast-breadcrumbs-content":"","ast-featured-img":"","footer-sml-layout":"","theme-transparent-header-meta":"","adv-header-id-meta":"","stick-header-meta":"","header-above-stick-meta":"","header-main-stick-meta":"","header-below-stick-meta":"","astra-migrate-meta-layouts":"default","ast-page-background-enabled":"default","ast-page-background-meta":{"desktop":{"background-color":"var(--ast-global-color-4)","background-image":"","background-repeat":"repeat","background-position":"center center","background-size":"auto","background-attachment":"scroll","background-type":"","background-media":"","overlay-type":"","overlay-color":"","overlay-gradient":""},"tablet":{"background-color":"","background-image":"","background-repeat":"repeat","background-position":"center center","background-size":"auto","background-attachment":"scroll","background-type":"","background-media":"","overlay-type":"","overlay-color":"","overlay-gradient":""},"mobile":{"background-color":"","background-image":"","background-repeat":"repeat","background-position":"center center","background-size":"auto","background-attachment":"scroll","background-type":"","background-media":"","overlay-type":"","overlay-color":"","overlay-gradient":""}},"ast-content-background-meta":{"desktop":{"background-color":"var(--ast-global-color-5)","background-image":"","background-repeat":"repeat","background-position":"center center","background-size":"auto","background-attachment":"scroll","background-type":"","background-media":"","overlay-type":"","overlay-color":"","overlay-gradient":""},"tablet":{"background-color":"var(--ast-global-color-5)","background-image":"","background-repeat":"repeat","background-position":"center center","background-size":"auto","background-attachment":"scroll","background-type":"","background-media":"","overlay-type":"","overlay-color":"","overlay-gradient":""},"mobile":{"background-color":"var(--ast-global-color-5)","background-image":"","background-repeat":"repeat","background-position":"center center","background-size":"auto","background-attachment":"scroll","background-type":"","background-media":"","overlay-type":"","overlay-color":"","overlay-gradient":""}},"footnotes":""},"categories":[681,983,165,104,222,8846,17785,990,18402,269,2232,25104],"tags":[55351,55354,55353,8258,55352,31584],"class_list":["post-17731","post","type-post","status-publish","format-standard","hentry","category-antropologia","category-antropologia-cultural","category-filosofia","category-historia","category-historias-especializadas","category-oviedo","category-religion","category-sistemas-filosoficos","category-sistemas-teologico-filosoficos","category-sociologia","category-sociologia-cultural","category-sociologia-de-la-religion","tag-abundio-Martinez-malagon","tag-antonio-mesonero-valhondo","tag-garcia-domene-juan-carlos","tag-pedro-ortega-ruiz","tag-rosa-orti-mateu","tag-teofilo-rodriguez-neira"],"_links":{"self":[{"href":"https:\/\/www.deberes.net\/tesis\/wp-json\/wp\/v2\/posts\/17731","targetHints":{"allow":["GET"]}}],"collection":[{"href":"https:\/\/www.deberes.net\/tesis\/wp-json\/wp\/v2\/posts"}],"about":[{"href":"https:\/\/www.deberes.net\/tesis\/wp-json\/wp\/v2\/types\/post"}],"author":[{"embeddable":true,"href":"https:\/\/www.deberes.net\/tesis\/wp-json\/wp\/v2\/users\/1"}],"replies":[{"embeddable":true,"href":"https:\/\/www.deberes.net\/tesis\/wp-json\/wp\/v2\/comments?post=17731"}],"version-history":[{"count":0,"href":"https:\/\/www.deberes.net\/tesis\/wp-json\/wp\/v2\/posts\/17731\/revisions"}],"wp:attachment":[{"href":"https:\/\/www.deberes.net\/tesis\/wp-json\/wp\/v2\/media?parent=17731"}],"wp:term":[{"taxonomy":"category","embeddable":true,"href":"https:\/\/www.deberes.net\/tesis\/wp-json\/wp\/v2\/categories?post=17731"},{"taxonomy":"post_tag","embeddable":true,"href":"https:\/\/www.deberes.net\/tesis\/wp-json\/wp\/v2\/tags?post=17731"}],"curies":[{"name":"wp","href":"https:\/\/api.w.org\/{rel}","templated":true}]}}