{"id":17747,"date":"2018-03-09T09:05:57","date_gmt":"2018-03-09T09:05:57","guid":{"rendered":"https:\/\/www.deberes.net\/tesis\/sin-categoria\/el-concepto-de-soberana%c2%ada-en-las-polemicas-previas-a-la-revuelta-catalana-de-1640\/"},"modified":"2018-03-09T09:05:57","modified_gmt":"2018-03-09T09:05:57","slug":"el-concepto-de-soberana%c2%ada-en-las-polemicas-previas-a-la-revuelta-catalana-de-1640","status":"publish","type":"post","link":"https:\/\/www.deberes.net\/tesis\/historia\/el-concepto-de-soberana%c2%ada-en-las-polemicas-previas-a-la-revuelta-catalana-de-1640\/","title":{"rendered":"El concepto de soberan\u00edaen las pol\u00e9micas previas a la revuelta catalana de 1640"},"content":{"rendered":"<h2>Tesis doctoral de <strong> Jes\u00fas Villanueva L\u00f3pez <\/strong><\/h2>\n<p>El punto de partida del estudio son los textos pol\u00e9micos publicados en catalu\u00f1a entre 1621 y 1640, compuestos por juristas catalanes a prop\u00f3sito de una serie de conflictos que prepararon el terreno a la revuelta catalana de 1640. A partir de un estudio de sus fuentes doctrinales se trata de precisar el peso que ten\u00eda la tradici\u00f3n de pensamiento pactista de origen medieval as\u00ed como las novedades conceptuales introducidas por influencia en catalu\u00f1a de corrientes contempor\u00e1neas. Se analizan as\u00ed el origen y desenvolvimiento de los conceptos axiales del pensamiento pol\u00edtico previo a 1640: el concepto de jurisdicci\u00f3n y la problem\u00e1tica de la transferencia, prescripci\u00f3n y abdicaci\u00f3n de la jurisdicci\u00f3n o las regal\u00edas; el concepto de la soberan\u00eda corporativa o compartida; la idea de la soberan\u00eda popular originaria; y la reafirmaci\u00f3n de la soberan\u00eda absoluta del pr\u00edncipe. Asimismo, se muestra la incidencia de estos conceptos en la legitimaci\u00f3n de las principales instituciones que configuraban el r\u00e9gimen pol\u00edtico de catalu\u00f1a: la realiza, la audiencia real, las cortes y la diputaci\u00f3n.<\/p>\n<p>&nbsp;<\/p>\n<h3>Datos acad\u00e9micos de la tesis doctoral \u00ab<strong>El concepto de soberan\u00edaen las pol\u00e9micas previas a la revuelta catalana de 1640<\/strong>\u00ab<\/h3>\n<ul>\n<li><strong>T\u00edtulo de la tesis:<\/strong>\u00a0 El concepto de soberan\u00edaen las pol\u00e9micas previas a la revuelta catalana de 1640 <\/li>\n<li><strong>Autor:<\/strong>\u00a0 Jes\u00fas Villanueva L\u00f3pez <\/li>\n<li><strong>Universidad:<\/strong>\u00a0 Aut\u00f3noma de barcelona<\/li>\n<li><strong>Fecha de lectura de la tesis:<\/strong>\u00a0 25\/06\/2002<\/li>\n<\/ul>\n<p>&nbsp;<\/p>\n<h3>Direcci\u00f3n y tribunal<\/h3>\n<ul>\n<li><strong>Director de la tesis<\/strong>\n<ul>\n<li>Antoni Simon Tarres<\/li>\n<\/ul>\n<\/li>\n<li><strong>Tribunal<\/strong>\n<ul>\n<li>Presidente del tribunal: joaquim Nadal farreras <\/li>\n<li>jon Arrieta alberdi (vocal)<\/li>\n<li>tom\u00e1s Montagut estragu\u00e9s (vocal)<\/li>\n<li>xavier Gil pujol (vocal)<\/li>\n<\/ul>\n<\/li>\n<\/ul>\n<p>&nbsp;<\/p>\n","protected":false},"excerpt":{"rendered":"<p>Tesis doctoral de Jes\u00fas Villanueva L\u00f3pez El punto de partida del estudio son los textos pol\u00e9micos publicados en catalu\u00f1a entre [&hellip;]<\/p>\n","protected":false},"author":1,"featured_media":0,"comment_status":"open","ping_status":"open","sticky":false,"template":"","format":"standard","meta":{"site-sidebar-layout":"default","site-content-layout":"","ast-site-content-layout":"","site-content-style":"default","site-sidebar-style":"default","ast-global-header-display":"","ast-banner-title-visibility":"","ast-main-header-display":"","ast-hfb-above-header-display":"","ast-hfb-below-header-display":"","ast-hfb-mobile-header-display":"","site-post-title":"","ast-breadcrumbs-content":"","ast-featured-img":"","footer-sml-layout":"","theme-transparent-header-meta":"","adv-header-id-meta":"","stick-header-meta":"","header-above-stick-meta":"","header-main-stick-meta":"","header-below-stick-meta":"","astra-migrate-meta-layouts":"default","ast-page-background-enabled":"default","ast-page-background-meta":{"desktop":{"background-color":"var(--ast-global-color-4)","background-image":"","background-repeat":"repeat","background-position":"center center","background-size":"auto","background-attachment":"scroll","background-type":"","background-media":"","overlay-type":"","overlay-color":"","overlay-gradient":""},"tablet":{"background-color":"","background-image":"","background-repeat":"repeat","background-position":"center center","background-size":"auto","background-attachment":"scroll","background-type":"","background-media":"","overlay-type":"","overlay-color":"","overlay-gradient":""},"mobile":{"background-color":"","background-image":"","background-repeat":"repeat","background-position":"center center","background-size":"auto","background-attachment":"scroll","background-type":"","background-media":"","overlay-type":"","overlay-color":"","overlay-gradient":""}},"ast-content-background-meta":{"desktop":{"background-color":"var(--ast-global-color-5)","background-image":"","background-repeat":"repeat","background-position":"center center","background-size":"auto","background-attachment":"scroll","background-type":"","background-media":"","overlay-type":"","overlay-color":"","overlay-gradient":""},"tablet":{"background-color":"var(--ast-global-color-5)","background-image":"","background-repeat":"repeat","background-position":"center center","background-size":"auto","background-attachment":"scroll","background-type":"","background-media":"","overlay-type":"","overlay-color":"","overlay-gradient":""},"mobile":{"background-color":"var(--ast-global-color-5)","background-image":"","background-repeat":"repeat","background-position":"center center","background-size":"auto","background-attachment":"scroll","background-type":"","background-media":"","overlay-type":"","overlay-color":"","overlay-gradient":""}},"footnotes":""},"categories":[104,3538,989,220,222],"tags":[13828,55400,32754,55401,55402,29551],"class_list":["post-17747","post","type-post","status-publish","format-standard","hentry","category-historia","category-historia-de-las-ideas-politicas","category-historia-moderna","category-historia-por-epocas","category-historias-especializadas","tag-antoni-simon-tarres","tag-jesus-villanueva-lopez","tag-joaquim-nadal-farreras","tag-jon-arrieta-alberdi","tag-tomas-montagut-estragues","tag-xavier-gil-pujol"],"_links":{"self":[{"href":"https:\/\/www.deberes.net\/tesis\/wp-json\/wp\/v2\/posts\/17747","targetHints":{"allow":["GET"]}}],"collection":[{"href":"https:\/\/www.deberes.net\/tesis\/wp-json\/wp\/v2\/posts"}],"about":[{"href":"https:\/\/www.deberes.net\/tesis\/wp-json\/wp\/v2\/types\/post"}],"author":[{"embeddable":true,"href":"https:\/\/www.deberes.net\/tesis\/wp-json\/wp\/v2\/users\/1"}],"replies":[{"embeddable":true,"href":"https:\/\/www.deberes.net\/tesis\/wp-json\/wp\/v2\/comments?post=17747"}],"version-history":[{"count":0,"href":"https:\/\/www.deberes.net\/tesis\/wp-json\/wp\/v2\/posts\/17747\/revisions"}],"wp:attachment":[{"href":"https:\/\/www.deberes.net\/tesis\/wp-json\/wp\/v2\/media?parent=17747"}],"wp:term":[{"taxonomy":"category","embeddable":true,"href":"https:\/\/www.deberes.net\/tesis\/wp-json\/wp\/v2\/categories?post=17747"},{"taxonomy":"post_tag","embeddable":true,"href":"https:\/\/www.deberes.net\/tesis\/wp-json\/wp\/v2\/tags?post=17747"}],"curies":[{"name":"wp","href":"https:\/\/api.w.org\/{rel}","templated":true}]}}