{"id":17764,"date":"2018-03-09T09:05:59","date_gmt":"2018-03-09T09:05:59","guid":{"rendered":"https:\/\/www.deberes.net\/tesis\/sin-categoria\/analisis-dinamico-de-la-relacion-entre-diversificacion-empresarial-y-recursos-tecnologocios-una-aplicacion-a-las-empesas-industriales-espanolas\/"},"modified":"2018-03-09T09:05:59","modified_gmt":"2018-03-09T09:05:59","slug":"analisis-dinamico-de-la-relacion-entre-diversificacion-empresarial-y-recursos-tecnologocios-una-aplicacion-a-las-empesas-industriales-espanolas","status":"publish","type":"post","link":"https:\/\/www.deberes.net\/tesis\/ciencias-economicas\/analisis-dinamico-de-la-relacion-entre-diversificacion-empresarial-y-recursos-tecnologocios-una-aplicacion-a-las-empesas-industriales-espanolas\/","title":{"rendered":"An\u00e1lisis din\u00e1mico de la relaci\u00f3n entre diversificaci\u00f3n empresarial y recursos tecnol\u00f3gocios una aplicaci\u00f3n a las empesas industriales espa\u00f1olas"},"content":{"rendered":"<h2>Tesis doctoral de <strong> Francisco Javier Forcadell Mart\u00ednez <\/strong><\/h2>\n<p>La tesis doctoral trata de alcanzar 2 objetivos:  &#8211; establecer los elementos b\u00e1sicos de un modelo de crecimiento empresarial desde el enfoque basado en los recursos (modelo general de an\u00e1lisis).  &#8211; establecer una relaci\u00f3n din\u00e1mica entre intangibles tecnol\u00f3gicos y estrategia de diversificaci\u00f3n y su influencia sobre los resultados (modelo espec\u00edfico de an\u00e1lisis).  las hip\u00f3tesis extra\u00eddas del modelo espec\u00edfico son contrastadas emp\u00edricamente utilizando la encuesta sobre estrategias empresariales para el per\u00edodo de 1990-1997.<\/p>\n<p>&nbsp;<\/p>\n<h3>Datos acad\u00e9micos de la tesis doctoral \u00ab<strong>An\u00e1lisis din\u00e1mico de la relaci\u00f3n entre diversificaci\u00f3n empresarial y recursos tecnol\u00f3gocios una aplicaci\u00f3n a las empesas industriales espa\u00f1olas<\/strong>\u00ab<\/h3>\n<ul>\n<li><strong>T\u00edtulo de la tesis:<\/strong>\u00a0 An\u00e1lisis din\u00e1mico de la relaci\u00f3n entre diversificaci\u00f3n empresarial y recursos tecnol\u00f3gocios una aplicaci\u00f3n a las empesas industriales espa\u00f1olas <\/li>\n<li><strong>Autor:<\/strong>\u00a0 Francisco Javier Forcadell Mart\u00ednez <\/li>\n<li><strong>Universidad:<\/strong>\u00a0 Rey juan carlos<\/li>\n<li><strong>Fecha de lectura de la tesis:<\/strong>\u00a0 25\/06\/2002<\/li>\n<\/ul>\n<p>&nbsp;<\/p>\n<h3>Direcci\u00f3n y tribunal<\/h3>\n<ul>\n<li><strong>Director de la tesis<\/strong>\n<ul>\n<li>Luis \u00e1ngel Guerras Mart\u00edn<\/li>\n<\/ul>\n<\/li>\n<li><strong>Tribunal<\/strong>\n<ul>\n<li>Presidente del tribunal: Jos\u00e9 alvaro Cuervo garcia <\/li>\n<li>Juan Ventura victoria (vocal)<\/li>\n<li>enric Genesca garrigosa (vocal)<\/li>\n<li>Jos\u00e9 Ruiz navarro (vocal)<\/li>\n<\/ul>\n<\/li>\n<\/ul>\n<p>&nbsp;<\/p>\n","protected":false},"excerpt":{"rendered":"<p>Tesis doctoral de Francisco Javier Forcadell Mart\u00ednez La tesis doctoral trata de alcanzar 2 objetivos: &#8211; establecer los elementos b\u00e1sicos [&hellip;]<\/p>\n","protected":false},"author":1,"featured_media":0,"comment_status":"open","ping_status":"open","sticky":false,"template":"","format":"standard","meta":{"site-sidebar-layout":"default","site-content-layout":"","ast-site-content-layout":"","site-content-style":"default","site-sidebar-style":"default","ast-global-header-display":"","ast-banner-title-visibility":"","ast-main-header-display":"","ast-hfb-above-header-display":"","ast-hfb-below-header-display":"","ast-hfb-mobile-header-display":"","site-post-title":"","ast-breadcrumbs-content":"","ast-featured-img":"","footer-sml-layout":"","theme-transparent-header-meta":"","adv-header-id-meta":"","stick-header-meta":"","header-above-stick-meta":"","header-main-stick-meta":"","header-below-stick-meta":"","astra-migrate-meta-layouts":"default","ast-page-background-enabled":"default","ast-page-background-meta":{"desktop":{"background-color":"var(--ast-global-color-4)","background-image":"","background-repeat":"repeat","background-position":"center center","background-size":"auto","background-attachment":"scroll","background-type":"","background-media":"","overlay-type":"","overlay-color":"","overlay-gradient":""},"tablet":{"background-color":"","background-image":"","background-repeat":"repeat","background-position":"center center","background-size":"auto","background-attachment":"scroll","background-type":"","background-media":"","overlay-type":"","overlay-color":"","overlay-gradient":""},"mobile":{"background-color":"","background-image":"","background-repeat":"repeat","background-position":"center center","background-size":"auto","background-attachment":"scroll","background-type":"","background-media":"","overlay-type":"","overlay-color":"","overlay-gradient":""}},"ast-content-background-meta":{"desktop":{"background-color":"var(--ast-global-color-5)","background-image":"","background-repeat":"repeat","background-position":"center center","background-size":"auto","background-attachment":"scroll","background-type":"","background-media":"","overlay-type":"","overlay-color":"","overlay-gradient":""},"tablet":{"background-color":"var(--ast-global-color-5)","background-image":"","background-repeat":"repeat","background-position":"center center","background-size":"auto","background-attachment":"scroll","background-type":"","background-media":"","overlay-type":"","overlay-color":"","overlay-gradient":""},"mobile":{"background-color":"var(--ast-global-color-5)","background-image":"","background-repeat":"repeat","background-position":"center center","background-size":"auto","background-attachment":"scroll","background-type":"","background-media":"","overlay-type":"","overlay-color":"","overlay-gradient":""}},"footnotes":""},"categories":[82,836,991,1302,36610],"tags":[25318,55446,796,36656,5986,5985],"class_list":["post-17764","post","type-post","status-publish","format-standard","hentry","category-ciencias-economicas","category-economia-del-cambio-tecnologico","category-innovacion-tecnologica","category-organizacion-y-gestion-de-empresas","category-rey-juan-carlos","tag-enric-genesca-garrigosa","tag-francisco-javier-forcadell-Martinez","tag-jose-alvaro-cuervo-garcia","tag-jose-ruiz-navarro","tag-juan-ventura-victoria","tag-luis-angel-guerras-martin"],"_links":{"self":[{"href":"https:\/\/www.deberes.net\/tesis\/wp-json\/wp\/v2\/posts\/17764","targetHints":{"allow":["GET"]}}],"collection":[{"href":"https:\/\/www.deberes.net\/tesis\/wp-json\/wp\/v2\/posts"}],"about":[{"href":"https:\/\/www.deberes.net\/tesis\/wp-json\/wp\/v2\/types\/post"}],"author":[{"embeddable":true,"href":"https:\/\/www.deberes.net\/tesis\/wp-json\/wp\/v2\/users\/1"}],"replies":[{"embeddable":true,"href":"https:\/\/www.deberes.net\/tesis\/wp-json\/wp\/v2\/comments?post=17764"}],"version-history":[{"count":0,"href":"https:\/\/www.deberes.net\/tesis\/wp-json\/wp\/v2\/posts\/17764\/revisions"}],"wp:attachment":[{"href":"https:\/\/www.deberes.net\/tesis\/wp-json\/wp\/v2\/media?parent=17764"}],"wp:term":[{"taxonomy":"category","embeddable":true,"href":"https:\/\/www.deberes.net\/tesis\/wp-json\/wp\/v2\/categories?post=17764"},{"taxonomy":"post_tag","embeddable":true,"href":"https:\/\/www.deberes.net\/tesis\/wp-json\/wp\/v2\/tags?post=17764"}],"curies":[{"name":"wp","href":"https:\/\/api.w.org\/{rel}","templated":true}]}}