{"id":17774,"date":"2018-03-09T09:06:01","date_gmt":"2018-03-09T09:06:01","guid":{"rendered":"https:\/\/www.deberes.net\/tesis\/sin-categoria\/cuento-cubano-actual-1985-2000\/"},"modified":"2018-03-09T09:06:01","modified_gmt":"2018-03-09T09:06:01","slug":"cuento-cubano-actual-1985-2000","status":"publish","type":"post","link":"https:\/\/www.deberes.net\/tesis\/historia\/cuento-cubano-actual-1985-2000\/","title":{"rendered":"Cuento cubano actual (1985-2000)"},"content":{"rendered":"<h2>Tesis doctoral de <strong>  Martin Sevillano Ana Bel\u00e9n <\/strong><\/h2>\n<p>Estudio del cuento cubano escrito por los nov\u00edsimos narradores (nacidos entre 1959 y 1970).  la metodolog\u00eda utilizada procede de los estudios sociol\u00f3gicos y culturales de pierre bourdieu, mijail bajt\u00edn y otros te\u00f3ricos afines. La tesis consta de los siguientes cap\u00edtulos:  1,- introducci\u00f3n y deslindes metodol\u00f3gicos: definici\u00f3n de los conceptos y terminolog\u00eda utilizados.  2,- contexto hist\u00f3rico-social: a la luz de las teor\u00edas de bourdieu se identifican los hechos hist\u00f3ricos que marcaron la promoci\u00f3n estudiada. as\u00edmismo se hace un estudio del campo cultural.  3,- artes pl\u00e1sticas: an\u00e1lisis de los artistas pl\u00e1sticos y obras coet\u00e1neos a los nov\u00edsimos para mostrar las analog\u00edas y la unidad de visi\u00f3n del mundo.  4,- cuento cubano: cap\u00edtulo central de la tesis que consta de los siguientes apartados:  * an\u00e1lisis del campo cultura en el que se insertan y desarrollan los escritores estudiados.  * estudio de la obra de los autores m\u00e1s representativos.  * taxonom\u00eda del corpus estudiado atendiendo a las t\u00e9cnicas, el formato y la tem\u00e1tica.  5,- conclusiones, bibliograf\u00eda y ap\u00e9ndices.<\/p>\n<p>&nbsp;<\/p>\n<h3>Datos acad\u00e9micos de la tesis doctoral \u00ab<strong>Cuento cubano actual (1985-2000)<\/strong>\u00ab<\/h3>\n<ul>\n<li><strong>T\u00edtulo de la tesis:<\/strong>\u00a0 Cuento cubano actual (1985-2000) <\/li>\n<li><strong>Autor:<\/strong>\u00a0  Martin Sevillano Ana Bel\u00e9n <\/li>\n<li><strong>Universidad:<\/strong>\u00a0 Complutense de Madrid<\/li>\n<li><strong>Fecha de lectura de la tesis:<\/strong>\u00a0 26\/06\/2002<\/li>\n<\/ul>\n<p>&nbsp;<\/p>\n<h3>Direcci\u00f3n y tribunal<\/h3>\n<ul>\n<li><strong>Director de la tesis<\/strong>\n<ul>\n<li>Juan a Mart\u00ednez G\u00f3mez<\/li>\n<\/ul>\n<\/li>\n<li><strong>Tribunal<\/strong>\n<ul>\n<li>Presidente del tribunal:  Sainz de medrano arce Luis <\/li>\n<li>eduardo Becerra grande (vocal)<\/li>\n<li> Oviedo p\u00e9rez de tudela roc\u00edo (vocal)<\/li>\n<li>Javier Rodr\u00edguez peque\u00f1o (vocal)<\/li>\n<\/ul>\n<\/li>\n<\/ul>\n<p>&nbsp;<\/p>\n","protected":false},"excerpt":{"rendered":"<p>Tesis doctoral de Martin Sevillano Ana Bel\u00e9n Estudio del cuento cubano escrito por los nov\u00edsimos narradores (nacidos entre 1959 y [&hellip;]<\/p>\n","protected":false},"author":1,"featured_media":0,"comment_status":"open","ping_status":"open","sticky":false,"template":"","format":"standard","meta":{"site-sidebar-layout":"default","site-content-layout":"","ast-site-content-layout":"","site-content-style":"default","site-sidebar-style":"default","ast-global-header-display":"","ast-banner-title-visibility":"","ast-main-header-display":"","ast-hfb-above-header-display":"","ast-hfb-below-header-display":"","ast-hfb-mobile-header-display":"","site-post-title":"","ast-breadcrumbs-content":"","ast-featured-img":"","footer-sml-layout":"","theme-transparent-header-meta":"","adv-header-id-meta":"","stick-header-meta":"","header-above-stick-meta":"","header-main-stick-meta":"","header-below-stick-meta":"","astra-migrate-meta-layouts":"default","ast-page-background-enabled":"default","ast-page-background-meta":{"desktop":{"background-color":"var(--ast-global-color-4)","background-image":"","background-repeat":"repeat","background-position":"center center","background-size":"auto","background-attachment":"scroll","background-type":"","background-media":"","overlay-type":"","overlay-color":"","overlay-gradient":""},"tablet":{"background-color":"","background-image":"","background-repeat":"repeat","background-position":"center center","background-size":"auto","background-attachment":"scroll","background-type":"","background-media":"","overlay-type":"","overlay-color":"","overlay-gradient":""},"mobile":{"background-color":"","background-image":"","background-repeat":"repeat","background-position":"center center","background-size":"auto","background-attachment":"scroll","background-type":"","background-media":"","overlay-type":"","overlay-color":"","overlay-gradient":""}},"ast-content-background-meta":{"desktop":{"background-color":"var(--ast-global-color-5)","background-image":"","background-repeat":"repeat","background-position":"center center","background-size":"auto","background-attachment":"scroll","background-type":"","background-media":"","overlay-type":"","overlay-color":"","overlay-gradient":""},"tablet":{"background-color":"var(--ast-global-color-5)","background-image":"","background-repeat":"repeat","background-position":"center center","background-size":"auto","background-attachment":"scroll","background-type":"","background-media":"","overlay-type":"","overlay-color":"","overlay-gradient":""},"mobile":{"background-color":"var(--ast-global-color-5)","background-image":"","background-repeat":"repeat","background-position":"center center","background-size":"auto","background-attachment":"scroll","background-type":"","background-media":"","overlay-type":"","overlay-color":"","overlay-gradient":""}},"footnotes":""},"categories":[148,147,104,713,222,628],"tags":[49296,55470,5366,55469,42267,5871],"class_list":["post-17774","post","type-post","status-publish","format-standard","hentry","category-analisis-literario","category-ciencias-de-las-artes-y-las-letras","category-historia","category-historia-de-la-literatura","category-historias-especializadas","category-teoria-analisis-y-critica-literarios","tag-eduardo-becerra-grande","tag-javier-rodriguez-pequeno","tag-juan-a-Martinez-gomez","tag-martin-sevillano-ana-belen","tag-oviedo-perez-de-tudela-rocio","tag-sainz-de-medrano-arce-luis"],"_links":{"self":[{"href":"https:\/\/www.deberes.net\/tesis\/wp-json\/wp\/v2\/posts\/17774","targetHints":{"allow":["GET"]}}],"collection":[{"href":"https:\/\/www.deberes.net\/tesis\/wp-json\/wp\/v2\/posts"}],"about":[{"href":"https:\/\/www.deberes.net\/tesis\/wp-json\/wp\/v2\/types\/post"}],"author":[{"embeddable":true,"href":"https:\/\/www.deberes.net\/tesis\/wp-json\/wp\/v2\/users\/1"}],"replies":[{"embeddable":true,"href":"https:\/\/www.deberes.net\/tesis\/wp-json\/wp\/v2\/comments?post=17774"}],"version-history":[{"count":0,"href":"https:\/\/www.deberes.net\/tesis\/wp-json\/wp\/v2\/posts\/17774\/revisions"}],"wp:attachment":[{"href":"https:\/\/www.deberes.net\/tesis\/wp-json\/wp\/v2\/media?parent=17774"}],"wp:term":[{"taxonomy":"category","embeddable":true,"href":"https:\/\/www.deberes.net\/tesis\/wp-json\/wp\/v2\/categories?post=17774"},{"taxonomy":"post_tag","embeddable":true,"href":"https:\/\/www.deberes.net\/tesis\/wp-json\/wp\/v2\/tags?post=17774"}],"curies":[{"name":"wp","href":"https:\/\/api.w.org\/{rel}","templated":true}]}}