{"id":17779,"date":"2018-03-09T09:06:01","date_gmt":"2018-03-09T09:06:01","guid":{"rendered":"https:\/\/www.deberes.net\/tesis\/sin-categoria\/aptitud-legal-y-capacidad-en-el-contrato-de-trabajo\/"},"modified":"2018-03-09T09:06:01","modified_gmt":"2018-03-09T09:06:01","slug":"aptitud-legal-y-capacidad-en-el-contrato-de-trabajo","status":"publish","type":"post","link":"https:\/\/www.deberes.net\/tesis\/ciencias-juridicas-y-derecho\/aptitud-legal-y-capacidad-en-el-contrato-de-trabajo\/","title":{"rendered":"Aptitud legal y capacidad en el contrato de trabajo"},"content":{"rendered":"<h2>Tesis doctoral de <strong> Paz Men\u00e9ndez Sebasti\u00e1n <\/strong><\/h2>\n<p>El an\u00e1lisis de los distintos componentes de la \u00abaptitud legal para celebrar un contrato de trabajo\u00bb (capacidad, prohibiciones y exigencias) constituye el objeto de la presente investigaci\u00f3n. La oportunidad de su estudio es evidente por la escasa atenci\u00f3n que a esta cuesti\u00f3n han prestado el legislador y la doctrina, pese a su obvio alcance. Las partes del trabajo que se presenta se desarrollan en atenci\u00f3n a esta compleja realidad. La primera de ellas se centra en el an\u00e1lisis de la aptitud legal para actuar con car\u00e1cter general en el tr\u00e1fico jur\u00eddico, y en la concreta esfera laboral, es decir: para celebrar, como trabajador y como empresario, un contrato de trabajo. En la segunda parte se examina la capacidad en su condici\u00f3n de elemento principal de la aptitud legal. En la tercera parte se estudian el resto de elementos de la aptitud legal para el contrato de trabajo, esto es: prohibiciones y exigencias, con especial menci\u00f3n a la edad. La cuarta y \u00faltima parte se dedica espec\u00edficamente a la contrataci\u00f3n de menores por debajo de los diecis\u00e9is a\u00f1os para participar en espect\u00e1culos p\u00fablicos, en tanto que constituye el \u00fanico supuesto en el que expresamente se admite la excepci\u00f3n de la edad m\u00ednima de acceso al empleo.<\/p>\n<p>&nbsp;<\/p>\n<h3>Datos acad\u00e9micos de la tesis doctoral \u00ab<strong>Aptitud legal y capacidad en el contrato de trabajo<\/strong>\u00ab<\/h3>\n<ul>\n<li><strong>T\u00edtulo de la tesis:<\/strong>\u00a0 Aptitud legal y capacidad en el contrato de trabajo <\/li>\n<li><strong>Autor:<\/strong>\u00a0 Paz Men\u00e9ndez Sebasti\u00e1n <\/li>\n<li><strong>Universidad:<\/strong>\u00a0 Oviedo<\/li>\n<li><strong>Fecha de lectura de la tesis:<\/strong>\u00a0 26\/06\/2002<\/li>\n<\/ul>\n<p>&nbsp;<\/p>\n<h3>Direcci\u00f3n y tribunal<\/h3>\n<ul>\n<li><strong>Director de la tesis<\/strong>\n<ul>\n<li>Joaquin Garc\u00eda Murcia<\/li>\n<\/ul>\n<\/li>\n<li><strong>Tribunal<\/strong>\n<ul>\n<li>Presidente del tribunal: fernando Su\u00e1rez gonz\u00e1lez <\/li>\n<li>Jes\u00fas Mar\u00eda Galiana moreno (vocal)<\/li>\n<li>Antonio Mart\u00edn valverde (vocal)<\/li>\n<li>carolina Mart\u00ednez moreno (vocal)<\/li>\n<\/ul>\n<\/li>\n<\/ul>\n<p>&nbsp;<\/p>\n","protected":false},"excerpt":{"rendered":"<p>Tesis doctoral de Paz Men\u00e9ndez Sebasti\u00e1n El an\u00e1lisis de los distintos componentes de la \u00abaptitud legal para celebrar un contrato [&hellip;]<\/p>\n","protected":false},"author":1,"featured_media":0,"comment_status":"open","ping_status":"open","sticky":false,"template":"","format":"standard","meta":{"site-sidebar-layout":"default","site-content-layout":"","ast-site-content-layout":"","site-content-style":"default","site-sidebar-style":"default","ast-global-header-display":"","ast-banner-title-visibility":"","ast-main-header-display":"","ast-hfb-above-header-display":"","ast-hfb-below-header-display":"","ast-hfb-mobile-header-display":"","site-post-title":"","ast-breadcrumbs-content":"","ast-featured-img":"","footer-sml-layout":"","theme-transparent-header-meta":"","adv-header-id-meta":"","stick-header-meta":"","header-above-stick-meta":"","header-main-stick-meta":"","header-below-stick-meta":"","astra-migrate-meta-layouts":"default","ast-page-background-enabled":"default","ast-page-background-meta":{"desktop":{"background-color":"var(--ast-global-color-4)","background-image":"","background-repeat":"repeat","background-position":"center center","background-size":"auto","background-attachment":"scroll","background-type":"","background-media":"","overlay-type":"","overlay-color":"","overlay-gradient":""},"tablet":{"background-color":"","background-image":"","background-repeat":"repeat","background-position":"center center","background-size":"auto","background-attachment":"scroll","background-type":"","background-media":"","overlay-type":"","overlay-color":"","overlay-gradient":""},"mobile":{"background-color":"","background-image":"","background-repeat":"repeat","background-position":"center center","background-size":"auto","background-attachment":"scroll","background-type":"","background-media":"","overlay-type":"","overlay-color":"","overlay-gradient":""}},"ast-content-background-meta":{"desktop":{"background-color":"var(--ast-global-color-5)","background-image":"","background-repeat":"repeat","background-position":"center center","background-size":"auto","background-attachment":"scroll","background-type":"","background-media":"","overlay-type":"","overlay-color":"","overlay-gradient":""},"tablet":{"background-color":"var(--ast-global-color-5)","background-image":"","background-repeat":"repeat","background-position":"center center","background-size":"auto","background-attachment":"scroll","background-type":"","background-media":"","overlay-type":"","overlay-color":"","overlay-gradient":""},"mobile":{"background-color":"var(--ast-global-color-5)","background-image":"","background-repeat":"repeat","background-position":"center center","background-size":"auto","background-attachment":"scroll","background-type":"","background-media":"","overlay-type":"","overlay-color":"","overlay-gradient":""}},"footnotes":""},"categories":[612,2170,3894,979,8846],"tags":[11489,9373,36066,5171,32506,55480],"class_list":["post-17779","post","type-post","status-publish","format-standard","hentry","category-ciencias-juridicas-y-derecho","category-derecho-del-trabajo-y-de-la-seguridad-social","category-derecho-privado","category-derecho-y-legislacion-nacionales","category-oviedo","tag-antonio-martin-valverde","tag-carolina-Martinez-moreno","tag-fernando-suarez-gonzalez","tag-jesus-maria-galiana-moreno","tag-joaquin-garcia-murcia","tag-paz-menendez-sebastian"],"_links":{"self":[{"href":"https:\/\/www.deberes.net\/tesis\/wp-json\/wp\/v2\/posts\/17779","targetHints":{"allow":["GET"]}}],"collection":[{"href":"https:\/\/www.deberes.net\/tesis\/wp-json\/wp\/v2\/posts"}],"about":[{"href":"https:\/\/www.deberes.net\/tesis\/wp-json\/wp\/v2\/types\/post"}],"author":[{"embeddable":true,"href":"https:\/\/www.deberes.net\/tesis\/wp-json\/wp\/v2\/users\/1"}],"replies":[{"embeddable":true,"href":"https:\/\/www.deberes.net\/tesis\/wp-json\/wp\/v2\/comments?post=17779"}],"version-history":[{"count":0,"href":"https:\/\/www.deberes.net\/tesis\/wp-json\/wp\/v2\/posts\/17779\/revisions"}],"wp:attachment":[{"href":"https:\/\/www.deberes.net\/tesis\/wp-json\/wp\/v2\/media?parent=17779"}],"wp:term":[{"taxonomy":"category","embeddable":true,"href":"https:\/\/www.deberes.net\/tesis\/wp-json\/wp\/v2\/categories?post=17779"},{"taxonomy":"post_tag","embeddable":true,"href":"https:\/\/www.deberes.net\/tesis\/wp-json\/wp\/v2\/tags?post=17779"}],"curies":[{"name":"wp","href":"https:\/\/api.w.org\/{rel}","templated":true}]}}