{"id":17846,"date":"2018-03-09T09:06:07","date_gmt":"2018-03-09T09:06:07","guid":{"rendered":"https:\/\/www.deberes.net\/tesis\/sin-categoria\/libertad-de-ensenanza-y-libertad-de-constitucion-de-universidades-en-la-espana-de-franco-1939-1962\/"},"modified":"2018-03-09T09:06:07","modified_gmt":"2018-03-09T09:06:07","slug":"libertad-de-ensenanza-y-libertad-de-constitucion-de-universidades-en-la-espana-de-franco-1939-1962","status":"publish","type":"post","link":"https:\/\/www.deberes.net\/tesis\/historia\/libertad-de-ensenanza-y-libertad-de-constitucion-de-universidades-en-la-espana-de-franco-1939-1962\/","title":{"rendered":"Libertad de ense\u00f1anza y libertad de constituci\u00f3n de universidades en la espa\u00f1a de franco (1939-1962)"},"content":{"rendered":"<h2>Tesis doctoral de <strong> Mar\u00eda  Angeles Sotes Elizalde <\/strong><\/h2>\n<p>La configuraci\u00f3n de un r\u00e9gimen de libertad de ense\u00f1anza ha generado con frecuencia pol\u00e9micas en el \u00e1mbito de las pol\u00edticas educativas. En este trabajo sobre la universidad espa\u00f1ola en el franquismo se estudia la libertad de ense\u00f1anza entendida como el derecho de los particulares e instituciones no estatales a establecer centros de ense\u00f1anza, y m\u00e1s concretamente centros de ense\u00f1anza superior o universidades. Es una \u00f3ptica que implica necesariamente el estudio de la legislaci\u00f3n al respecto y del debate originado. El reconocimiento por parte del estado del derecho al que nos referimos es una cuesti\u00f3n jur\u00eddica que comporta consecuencias sociales.  desde este enfoque, se han examinado las disposiciones legislativas sobre ense\u00f1anza superior promulgadas en el r\u00e9gimen pol\u00edtico que comenz\u00f3 en espa\u00f1a tras la guerra civil de 1936. Sin perjuicios de explicaciones colaterales al n\u00facleo tem\u00e1tico, la secuencia l\u00f3gica gira en torno a las dificultades que se plantearon en relaci\u00f3n con la fundaci\u00f3n de centros universitarios no estatales. En las cuestiones de tramitaci\u00f3n legislativa se consideran las opiniones vertidas en el seno de las entidades implicadas; especialmente, el ministerio de educaci\u00f3n nacional, las cortes espa\u00f1olas o las propias universidades.  la firma del convenio entre el estado espa\u00f1ol y la santa sede, en 1962, que regul\u00f3 las condiciones para el reconocimiento de los estudios civiles realizados en las unviersidades de la iglesia, supuso de facto la ruptura del monopolio estatal en la ense\u00f1anza universitaria. A nuestro modo de ver, el convenio abri\u00f3 un camino hacia la libertad de ense\u00f1anza, al romper el molde de la universidad estatalizada que se hab\u00eda impuesto a partir de los gobiernos liberales espa\u00f1oles. Aunque las universidades que podr\u00edan ser reconocidas eran las erigidas por la iglesia, su existencia motiv\u00f3 que se planteara dentro del ordenamiento jur\u00eddico la cuesti\u00f3n de reconocer ese derecho a<\/p>\n<p>&nbsp;<\/p>\n<h3>Datos acad\u00e9micos de la tesis doctoral \u00ab<strong>Libertad de ense\u00f1anza y libertad de constituci\u00f3n de universidades en la espa\u00f1a de franco (1939-1962)<\/strong>\u00ab<\/h3>\n<ul>\n<li><strong>T\u00edtulo de la tesis:<\/strong>\u00a0 Libertad de ense\u00f1anza y libertad de constituci\u00f3n de universidades en la espa\u00f1a de franco (1939-1962) <\/li>\n<li><strong>Autor:<\/strong>\u00a0 Mar\u00eda  Angeles Sotes Elizalde <\/li>\n<li><strong>Universidad:<\/strong>\u00a0 Navarra<\/li>\n<li><strong>Fecha de lectura de la tesis:<\/strong>\u00a0 27\/06\/2002<\/li>\n<\/ul>\n<p>&nbsp;<\/p>\n<h3>Direcci\u00f3n y tribunal<\/h3>\n<ul>\n<li><strong>Director de la tesis<\/strong>\n<ul>\n<li>marzo Meer Lecha<\/li>\n<\/ul>\n<\/li>\n<li><strong>Tribunal<\/strong>\n<ul>\n<li>Presidente del tribunal: gonzalo Redondo g\u00e1lvez <\/li>\n<li>Francisco Javier Vergara ciordia (vocal)<\/li>\n<li>Juan  Andr\u00e9s Mu\u00f1oz arnau (vocal)<\/li>\n<li> Fern\u00e1ndez soria Juan  Manuel (vocal)<\/li>\n<\/ul>\n<\/li>\n<\/ul>\n<p>&nbsp;<\/p>\n","protected":false},"excerpt":{"rendered":"<p>Tesis doctoral de Mar\u00eda Angeles Sotes Elizalde La configuraci\u00f3n de un r\u00e9gimen de libertad de ense\u00f1anza ha generado con frecuencia [&hellip;]<\/p>\n","protected":false},"author":1,"featured_media":0,"comment_status":"open","ping_status":"open","sticky":false,"template":"","format":"standard","meta":{"site-sidebar-layout":"default","site-content-layout":"","ast-site-content-layout":"","site-content-style":"default","site-sidebar-style":"default","ast-global-header-display":"","ast-banner-title-visibility":"","ast-main-header-display":"","ast-hfb-above-header-display":"","ast-hfb-below-header-display":"","ast-hfb-mobile-header-display":"","site-post-title":"","ast-breadcrumbs-content":"","ast-featured-img":"","footer-sml-layout":"","theme-transparent-header-meta":"","adv-header-id-meta":"","stick-header-meta":"","header-above-stick-meta":"","header-main-stick-meta":"","header-below-stick-meta":"","astra-migrate-meta-layouts":"default","ast-page-background-enabled":"default","ast-page-background-meta":{"desktop":{"background-color":"var(--ast-global-color-4)","background-image":"","background-repeat":"repeat","background-position":"center center","background-size":"auto","background-attachment":"scroll","background-type":"","background-media":"","overlay-type":"","overlay-color":"","overlay-gradient":""},"tablet":{"background-color":"","background-image":"","background-repeat":"repeat","background-position":"center center","background-size":"auto","background-attachment":"scroll","background-type":"","background-media":"","overlay-type":"","overlay-color":"","overlay-gradient":""},"mobile":{"background-color":"","background-image":"","background-repeat":"repeat","background-position":"center center","background-size":"auto","background-attachment":"scroll","background-type":"","background-media":"","overlay-type":"","overlay-color":"","overlay-gradient":""}},"ast-content-background-meta":{"desktop":{"background-color":"var(--ast-global-color-5)","background-image":"","background-repeat":"repeat","background-position":"center center","background-size":"auto","background-attachment":"scroll","background-type":"","background-media":"","overlay-type":"","overlay-color":"","overlay-gradient":""},"tablet":{"background-color":"var(--ast-global-color-5)","background-image":"","background-repeat":"repeat","background-position":"center center","background-size":"auto","background-attachment":"scroll","background-type":"","background-media":"","overlay-type":"","overlay-color":"","overlay-gradient":""},"mobile":{"background-color":"var(--ast-global-color-5)","background-image":"","background-repeat":"repeat","background-position":"center center","background-size":"auto","background-attachment":"scroll","background-type":"","background-media":"","overlay-type":"","overlay-color":"","overlay-gradient":""}},"footnotes":""},"categories":[104,1816,311,220,222,17749],"tags":[11367,17236,37802,17396,55653,55654],"class_list":["post-17846","post","type-post","status-publish","format-standard","hentry","category-historia","category-historia-contemporanea","category-historia-de-la-educacion","category-historia-por-epocas","category-historias-especializadas","category-navarra","tag-fernandez-soria-juan-manuel","tag-francisco-javier-vergara-ciordia","tag-gonzalo-redondo-galvez","tag-juan-andres-munoz-arnau","tag-maria-angeles-sotes-elizalde","tag-marzo-meer-lecha"],"_links":{"self":[{"href":"https:\/\/www.deberes.net\/tesis\/wp-json\/wp\/v2\/posts\/17846","targetHints":{"allow":["GET"]}}],"collection":[{"href":"https:\/\/www.deberes.net\/tesis\/wp-json\/wp\/v2\/posts"}],"about":[{"href":"https:\/\/www.deberes.net\/tesis\/wp-json\/wp\/v2\/types\/post"}],"author":[{"embeddable":true,"href":"https:\/\/www.deberes.net\/tesis\/wp-json\/wp\/v2\/users\/1"}],"replies":[{"embeddable":true,"href":"https:\/\/www.deberes.net\/tesis\/wp-json\/wp\/v2\/comments?post=17846"}],"version-history":[{"count":0,"href":"https:\/\/www.deberes.net\/tesis\/wp-json\/wp\/v2\/posts\/17846\/revisions"}],"wp:attachment":[{"href":"https:\/\/www.deberes.net\/tesis\/wp-json\/wp\/v2\/media?parent=17846"}],"wp:term":[{"taxonomy":"category","embeddable":true,"href":"https:\/\/www.deberes.net\/tesis\/wp-json\/wp\/v2\/categories?post=17846"},{"taxonomy":"post_tag","embeddable":true,"href":"https:\/\/www.deberes.net\/tesis\/wp-json\/wp\/v2\/tags?post=17846"}],"curies":[{"name":"wp","href":"https:\/\/api.w.org\/{rel}","templated":true}]}}