{"id":17858,"date":"2018-03-09T09:06:08","date_gmt":"2018-03-09T09:06:08","guid":{"rendered":"https:\/\/www.deberes.net\/tesis\/sin-categoria\/municipio-jurisdiccion-y-poder-espiel-1546-1821\/"},"modified":"2018-03-09T09:06:08","modified_gmt":"2018-03-09T09:06:08","slug":"municipio-jurisdiccion-y-poder-espiel-1546-1821","status":"publish","type":"post","link":"https:\/\/www.deberes.net\/tesis\/historia\/municipio-jurisdiccion-y-poder-espiel-1546-1821\/","title":{"rendered":"Municipio, jurisdicci\u00f3n y poder. espiel 1546-1821."},"content":{"rendered":"<h2>Tesis doctoral de <strong>  Nevado Calero Juan  Gregorio <\/strong><\/h2>\n<p>Estudio de larga duraci\u00f3n de la administraci\u00f3n local tutelada, dentro del contexto del realengo de la monarqu\u00eda hisp\u00e1nica, y su relaci\u00f3n con la acci\u00f3n de gobierno entre la villa de espiel y la ciudad de c\u00f3rdoba como ente territorial superior que ostenta la jurisdicci\u00f3n tutelada basada en el principio de tolerancia.  fundamento en unas amplias fuentes documentales de car\u00e1cter local y nacional, a la vez que trabajado con una metodolog\u00eda rigurosa, presenta aportaciones historiogr\u00e1ficas novedosas, en las que se pueden encontrar las relaciones de poder internas entre el municipio, jurisdicci\u00f3n b\u00e1sica en el organigrama del poder, y su relaci\u00f3n de con el exterior, la expresi\u00f3n genuina del sistema concejil, el proceso de elecci\u00f3n de empleos mediante el sistema insaculatorio, el cursus honorum de los empleos p\u00fablicos y su movilidad en el desempe\u00f1o del poder, el proceso seguido en el ascenso social de los que ejercen el poder. En la relaci\u00f3n con el exterior presenta la situaci\u00f3n de dependencia institucional con la jurisdicci\u00f3n superior que ejerce el imperium mediante las visitas de residencia, para poder afianzar la situaci\u00f3n de preeminencia que puede ser o no aceptada por el concejo tutelado.<\/p>\n<p>&nbsp;<\/p>\n<h3>Datos acad\u00e9micos de la tesis doctoral \u00ab<strong>Municipio, jurisdicci\u00f3n y poder. espiel 1546-1821.<\/strong>\u00ab<\/h3>\n<ul>\n<li><strong>T\u00edtulo de la tesis:<\/strong>\u00a0 Municipio, jurisdicci\u00f3n y poder. espiel 1546-1821. <\/li>\n<li><strong>Autor:<\/strong>\u00a0  Nevado Calero Juan  Gregorio <\/li>\n<li><strong>Universidad:<\/strong>\u00a0 C\u00f3rdoba<\/li>\n<li><strong>Fecha de lectura de la tesis:<\/strong>\u00a0 28\/06\/2002<\/li>\n<\/ul>\n<p>&nbsp;<\/p>\n<h3>Direcci\u00f3n y tribunal<\/h3>\n<ul>\n<li><strong>Director de la tesis<\/strong>\n<ul>\n<li>Jos\u00e9 Manuel De Bernardo  Ares<\/li>\n<\/ul>\n<\/li>\n<li><strong>Tribunal<\/strong>\n<ul>\n<li>Presidente del tribunal: emilio Cabrera mu\u00f1oz <\/li>\n<li>bartolome Yun casalilla (vocal)<\/li>\n<li>Jos\u00e9 Manuel Perez prendes mu\u00f1oz arraco (vocal)<\/li>\n<li>siro Villas tinoco (vocal)<\/li>\n<\/ul>\n<\/li>\n<\/ul>\n<p>&nbsp;<\/p>\n","protected":false},"excerpt":{"rendered":"<p>Tesis doctoral de Nevado Calero Juan Gregorio Estudio de larga duraci\u00f3n de la administraci\u00f3n local tutelada, dentro del contexto del [&hellip;]<\/p>\n","protected":false},"author":1,"featured_media":0,"comment_status":"open","ping_status":"open","sticky":false,"template":"","format":"standard","meta":{"site-sidebar-layout":"default","site-content-layout":"","ast-site-content-layout":"","site-content-style":"default","site-sidebar-style":"default","ast-global-header-display":"","ast-banner-title-visibility":"","ast-main-header-display":"","ast-hfb-above-header-display":"","ast-hfb-below-header-display":"","ast-hfb-mobile-header-display":"","site-post-title":"","ast-breadcrumbs-content":"","ast-featured-img":"","footer-sml-layout":"","theme-transparent-header-meta":"","adv-header-id-meta":"","stick-header-meta":"","header-above-stick-meta":"","header-main-stick-meta":"","header-below-stick-meta":"","astra-migrate-meta-layouts":"default","ast-page-background-enabled":"default","ast-page-background-meta":{"desktop":{"background-color":"var(--ast-global-color-4)","background-image":"","background-repeat":"repeat","background-position":"center center","background-size":"auto","background-attachment":"scroll","background-type":"","background-media":"","overlay-type":"","overlay-color":"","overlay-gradient":""},"tablet":{"background-color":"","background-image":"","background-repeat":"repeat","background-position":"center center","background-size":"auto","background-attachment":"scroll","background-type":"","background-media":"","overlay-type":"","overlay-color":"","overlay-gradient":""},"mobile":{"background-color":"","background-image":"","background-repeat":"repeat","background-position":"center center","background-size":"auto","background-attachment":"scroll","background-type":"","background-media":"","overlay-type":"","overlay-color":"","overlay-gradient":""}},"ast-content-background-meta":{"desktop":{"background-color":"var(--ast-global-color-5)","background-image":"","background-repeat":"repeat","background-position":"center center","background-size":"auto","background-attachment":"scroll","background-type":"","background-media":"","overlay-type":"","overlay-color":"","overlay-gradient":""},"tablet":{"background-color":"var(--ast-global-color-5)","background-image":"","background-repeat":"repeat","background-position":"center center","background-size":"auto","background-attachment":"scroll","background-type":"","background-media":"","overlay-type":"","overlay-color":"","overlay-gradient":""},"mobile":{"background-color":"var(--ast-global-color-5)","background-image":"","background-repeat":"repeat","background-position":"center center","background-size":"auto","background-attachment":"scroll","background-type":"","background-media":"","overlay-type":"","overlay-color":"","overlay-gradient":""}},"footnotes":""},"categories":[973,1399,33289,1401,104,989,220],"tags":[45904,21979,8767,4595,55679,7999],"class_list":["post-17858","post","type-post","status-publish","format-standard","hentry","category-cordoba","category-geografia","category-geografia-cultural","category-geografia-humana","category-historia","category-historia-moderna","category-historia-por-epocas","tag-bartolome-yun-casalilla","tag-emilio-cabrera-munoz","tag-jose-manuel-de-bernardo-ares","tag-jose-manuel-perez-prendes-munoz-arraco","tag-nevado-calero-juan-gregorio","tag-siro-villas-tinoco"],"_links":{"self":[{"href":"https:\/\/www.deberes.net\/tesis\/wp-json\/wp\/v2\/posts\/17858","targetHints":{"allow":["GET"]}}],"collection":[{"href":"https:\/\/www.deberes.net\/tesis\/wp-json\/wp\/v2\/posts"}],"about":[{"href":"https:\/\/www.deberes.net\/tesis\/wp-json\/wp\/v2\/types\/post"}],"author":[{"embeddable":true,"href":"https:\/\/www.deberes.net\/tesis\/wp-json\/wp\/v2\/users\/1"}],"replies":[{"embeddable":true,"href":"https:\/\/www.deberes.net\/tesis\/wp-json\/wp\/v2\/comments?post=17858"}],"version-history":[{"count":0,"href":"https:\/\/www.deberes.net\/tesis\/wp-json\/wp\/v2\/posts\/17858\/revisions"}],"wp:attachment":[{"href":"https:\/\/www.deberes.net\/tesis\/wp-json\/wp\/v2\/media?parent=17858"}],"wp:term":[{"taxonomy":"category","embeddable":true,"href":"https:\/\/www.deberes.net\/tesis\/wp-json\/wp\/v2\/categories?post=17858"},{"taxonomy":"post_tag","embeddable":true,"href":"https:\/\/www.deberes.net\/tesis\/wp-json\/wp\/v2\/tags?post=17858"}],"curies":[{"name":"wp","href":"https:\/\/api.w.org\/{rel}","templated":true}]}}