{"id":17861,"date":"2018-03-09T09:06:08","date_gmt":"2018-03-09T09:06:08","guid":{"rendered":"https:\/\/www.deberes.net\/tesis\/sin-categoria\/formacion-matematica-de-los-maestros\/"},"modified":"2018-03-09T09:06:08","modified_gmt":"2018-03-09T09:06:08","slug":"formacion-matematica-de-los-maestros","status":"publish","type":"post","link":"https:\/\/www.deberes.net\/tesis\/matematicas\/formacion-matematica-de-los-maestros\/","title":{"rendered":"Formaci\u00f3n matem\u00e1tica de los maestros"},"content":{"rendered":"<h2>Tesis doctoral de <strong> Mario Jos\u00e9 Arreche Alvarado <\/strong><\/h2>\n<p>El problema que se aborda en esta investigaci\u00f3n se centra en un aspecto espec\u00edfico de la formaci\u00f3n matem\u00e1tica de los maestros: clarificar el papel que el lenguaje conjuntistas deber\u00eda tener en esa formaci\u00f3n. Con dicho fin se tienen en cuenta las facetas epistemol\u00f3gica, curricular, instruccional y cognitiva, de cuyo an\u00e1lisis se derivan conocimientos necesarios para la toma de decisiones sobre el problema did\u00e1ctico planteado. Puesto que la problem\u00e1tica es muy amplia, nos hemos restringido al estudio de las relaciones de los conjuntos con los n\u00fameros naturales, dado el car\u00e1cter central que los n\u00fameros desempe\u00f1a en la matem\u00e1tica escolar, y por tanto en la formaci\u00f3n de maestros.  el marco te\u00f3rico desde el que se plantea el problema atribuye un papel esencial a los aspectos epistemol\u00f3gicos, esto es, la indagaci\u00f3n de la naturaleza de los conocimientos matem\u00e1ticos objeto de investigaci\u00f3n. Por dicho motivo se analiza, en primer lugar, el papel de la teor\u00eda de conjuntos en la propia matem\u00e1tica, analizando su origen, los problemas abordados y la progresiva consolidaci\u00f3n del lenguaje conjuntista como elemento central de la matem\u00e1tica. as\u00ed mismo, se estudian las relaciones ecol\u00f3gicas entre las nociones conjuntistas y las diversas construcciones de los n\u00fameros naturales.  puesto que gran parte de la matem\u00e1tica se centr\u00f3 alrededor de la teor\u00eda de conjuntos de la d\u00e9cada de los 70 y 80, se estudian tambi\u00e9n los aspectos hist\u00f3ricos y curriculares sobre la implantaci\u00f3n de la \u00abmatem\u00e1tica moderna\u00bb en los programas de educaci\u00f3n matem\u00e1tica b\u00e1sica y su reflejo en los libros de textos en espa\u00f1a.  las facetas instruccional y cognitiva se abordan mediante el an\u00e1lisis de un proceso de estudio de la teor\u00eda de conjuntos y los n\u00fameros naturales en un curso de formaci\u00f3n de maestros en la facultad de ciencias de la educaci\u00f3n de granada y la evaluaci\u00f3n final de los significados de una muestra de 122 estudiantes sobre las noci<\/p>\n<p>&nbsp;<\/p>\n<h3>Datos acad\u00e9micos de la tesis doctoral \u00ab<strong>Formaci\u00f3n matem\u00e1tica de los maestros<\/strong>\u00ab<\/h3>\n<ul>\n<li><strong>T\u00edtulo de la tesis:<\/strong>\u00a0 Formaci\u00f3n matem\u00e1tica de los maestros <\/li>\n<li><strong>Autor:<\/strong>\u00a0 Mario Jos\u00e9 Arreche Alvarado <\/li>\n<li><strong>Universidad:<\/strong>\u00a0 Granada<\/li>\n<li><strong>Fecha de lectura de la tesis:<\/strong>\u00a0 28\/06\/2002<\/li>\n<\/ul>\n<p>&nbsp;<\/p>\n<h3>Direcci\u00f3n y tribunal<\/h3>\n<ul>\n<li><strong>Director de la tesis<\/strong>\n<ul>\n<li>Juan Diaz Godino<\/li>\n<\/ul>\n<\/li>\n<li><strong>Tribunal<\/strong>\n<ul>\n<li>Presidente del tribunal: Juan  jose Acero fernandez <\/li>\n<li>in\u00e9s Sanz lerma (vocal)<\/li>\n<li> Socas robayna mart\u00edn m. (vocal)<\/li>\n<li>angustias Vallecillos jim\u00e9nes (vocal)<\/li>\n<\/ul>\n<\/li>\n<\/ul>\n<p>&nbsp;<\/p>\n","protected":false},"excerpt":{"rendered":"<p>Tesis doctoral de Mario Jos\u00e9 Arreche Alvarado El problema que se aborda en esta investigaci\u00f3n se centra en un aspecto [&hellip;]<\/p>\n","protected":false},"author":1,"featured_media":0,"comment_status":"open","ping_status":"open","sticky":false,"template":"","format":"standard","meta":{"site-sidebar-layout":"default","site-content-layout":"","ast-site-content-layout":"","site-content-style":"default","site-sidebar-style":"default","ast-global-header-display":"","ast-banner-title-visibility":"","ast-main-header-display":"","ast-hfb-above-header-display":"","ast-hfb-below-header-display":"","ast-hfb-mobile-header-display":"","site-post-title":"","ast-breadcrumbs-content":"","ast-featured-img":"","footer-sml-layout":"","theme-transparent-header-meta":"","adv-header-id-meta":"","stick-header-meta":"","header-above-stick-meta":"","header-main-stick-meta":"","header-below-stick-meta":"","astra-migrate-meta-layouts":"default","ast-page-background-enabled":"default","ast-page-background-meta":{"desktop":{"background-color":"var(--ast-global-color-4)","background-image":"","background-repeat":"repeat","background-position":"center center","background-size":"auto","background-attachment":"scroll","background-type":"","background-media":"","overlay-type":"","overlay-color":"","overlay-gradient":""},"tablet":{"background-color":"","background-image":"","background-repeat":"repeat","background-position":"center center","background-size":"auto","background-attachment":"scroll","background-type":"","background-media":"","overlay-type":"","overlay-color":"","overlay-gradient":""},"mobile":{"background-color":"","background-image":"","background-repeat":"repeat","background-position":"center center","background-size":"auto","background-attachment":"scroll","background-type":"","background-media":"","overlay-type":"","overlay-color":"","overlay-gradient":""}},"ast-content-background-meta":{"desktop":{"background-color":"var(--ast-global-color-5)","background-image":"","background-repeat":"repeat","background-position":"center center","background-size":"auto","background-attachment":"scroll","background-type":"","background-media":"","overlay-type":"","overlay-color":"","overlay-gradient":""},"tablet":{"background-color":"var(--ast-global-color-5)","background-image":"","background-repeat":"repeat","background-position":"center center","background-size":"auto","background-attachment":"scroll","background-type":"","background-media":"","overlay-type":"","overlay-color":"","overlay-gradient":""},"mobile":{"background-color":"var(--ast-global-color-5)","background-image":"","background-repeat":"repeat","background-position":"center center","background-size":"auto","background-attachment":"scroll","background-type":"","background-media":"","overlay-type":"","overlay-color":"","overlay-gradient":""}},"footnotes":""},"categories":[2809,1140,126,2233,1141,1288,51790,1341],"tags":[55687,22205,4254,1310,55686,3531],"class_list":["post-17861","post","type-post","status-publish","format-standard","hentry","category-algebra","category-formacion-y-empleo-de-profesores","category-matematicas","category-metodos-pedagogicos","category-pedagogia","category-preparacion-de-profesores","category-teoria-axiomatica-de-conjuntos","category-teoria-y-metodos-educativos","tag-angustias-vallecillos-jimenes","tag-ines-sanz-lerma","tag-juan-diaz-godino","tag-juan-jose-acero-fernandez","tag-mario-jose-arreche-alvarado","tag-socas-robayna-martin-m"],"_links":{"self":[{"href":"https:\/\/www.deberes.net\/tesis\/wp-json\/wp\/v2\/posts\/17861","targetHints":{"allow":["GET"]}}],"collection":[{"href":"https:\/\/www.deberes.net\/tesis\/wp-json\/wp\/v2\/posts"}],"about":[{"href":"https:\/\/www.deberes.net\/tesis\/wp-json\/wp\/v2\/types\/post"}],"author":[{"embeddable":true,"href":"https:\/\/www.deberes.net\/tesis\/wp-json\/wp\/v2\/users\/1"}],"replies":[{"embeddable":true,"href":"https:\/\/www.deberes.net\/tesis\/wp-json\/wp\/v2\/comments?post=17861"}],"version-history":[{"count":0,"href":"https:\/\/www.deberes.net\/tesis\/wp-json\/wp\/v2\/posts\/17861\/revisions"}],"wp:attachment":[{"href":"https:\/\/www.deberes.net\/tesis\/wp-json\/wp\/v2\/media?parent=17861"}],"wp:term":[{"taxonomy":"category","embeddable":true,"href":"https:\/\/www.deberes.net\/tesis\/wp-json\/wp\/v2\/categories?post=17861"},{"taxonomy":"post_tag","embeddable":true,"href":"https:\/\/www.deberes.net\/tesis\/wp-json\/wp\/v2\/tags?post=17861"}],"curies":[{"name":"wp","href":"https:\/\/api.w.org\/{rel}","templated":true}]}}