{"id":17876,"date":"2018-03-09T09:06:10","date_gmt":"2018-03-09T09:06:10","guid":{"rendered":"https:\/\/www.deberes.net\/tesis\/sin-categoria\/antecedentes-sa%c2%adntomas-y-signos-de-la-patologa%c2%ada-de-la-oclusion-en-pacientes-de-atencion-primaria-que-consultan-por-algia-craneofacial\/"},"modified":"2018-03-09T09:06:10","modified_gmt":"2018-03-09T09:06:10","slug":"antecedentes-sa%c2%adntomas-y-signos-de-la-patologa%c2%ada-de-la-oclusion-en-pacientes-de-atencion-primaria-que-consultan-por-algia-craneofacial","status":"publish","type":"post","link":"https:\/\/www.deberes.net\/tesis\/ciencias-medicas\/antecedentes-sa%c2%adntomas-y-signos-de-la-patologa%c2%ada-de-la-oclusion-en-pacientes-de-atencion-primaria-que-consultan-por-algia-craneofacial\/","title":{"rendered":"Antecedentes, s\u00edntomas y signos de la patolog\u00eda de la oclusi\u00f3n en pacientes de atenci\u00f3n primaria que consultan por algia craneofacial"},"content":{"rendered":"<h2>Tesis doctoral de <strong>  Escribano Sabater M. Concepci\u00f3n <\/strong><\/h2>\n<p>Las algias craneofaciales son el 1% de los motivos de consulta en atenci\u00f3n primaria y aproximadamente el 40% de la poblaci\u00f3n mundial padece de una cefalea intensa, al menos una vez al a\u00f1o. Algunas de ellas (fundamentalmente las cefaleas tensionales, las algias faciales y las algias de la articulaci\u00f3n temporomandibular), pueden ser expresi\u00f3n de uan patolog\u00eda de la oclusi\u00f3n.  nuestro objetivo ha sido conseguir un perfil cl\u00ednico de sospecha de patolog\u00eda de la oclusi\u00f3n, en algunos de los pacientes que acuden por dolor craneofacial, e identificar en ellos, los antecedentes, s\u00edntomas o signos que tienen relaci\u00f3n con esta patolog\u00eda.  para ello, hemos realizado un estudio prospectivo y transversal de casos y controles, con un grupo de estudio formado por pacientes que consultaban por otro motivo. Para cada paciente se cumpliment\u00f3 una ficha, con datos de anamnesis y de explotaci\u00f3n.  tras una aproximaci\u00f3n descriptiva del grupo con algia craneofacial, realizamos el estudio anal\u00edtico. La variable \u00abedad\u00bb tuvo una distribuci\u00f3n con una diferencia muy significativa (p&lt;0,001) entre los dos grupos, por lo que se estratificaron por edades aquellas variables que pod\u00edan verse sesgadas por la variable \u00abedad\u00bb.  de los resultados, hemos obtenido nuestra conclusi\u00f3n:  el perfil del paciente con algia craneofacial, sospechoso de padecer patolog\u00eda de la oclusi\u00f3n y candidato a derivar al odont\u00f3logo o estomat\u00f3logo, debe presentar alguno o todos los siguientes antecedentes, s\u00edntomas o signos:  &#8211; en pacientes menores de 50 a\u00f1os: historia de ortodoncia, cervicalgia, fotofobia, palpaci\u00f3n patol\u00f3gica de, al menos, un masetero o sensibilidad facial patol\u00f3gica.  &#8211; en pacientes mayores o iguales de 50 a\u00f1os: historia de ortodoncia, cervicalgia, cervicodorsalgia o cervicolumbalgia, escotomas centelleantes, ruidos en alguna de las articulaciones temporomandibulares, palpaci\u00f3n patol\u00f3gica de, al menos, un maestro o sensibilidad facial patol<\/p>\n<p>&nbsp;<\/p>\n<h3>Datos acad\u00e9micos de la tesis doctoral \u00ab<strong>Antecedentes, s\u00edntomas y signos de la patolog\u00eda de la oclusi\u00f3n en pacientes de atenci\u00f3n primaria que consultan por algia craneofacial<\/strong>\u00ab<\/h3>\n<ul>\n<li><strong>T\u00edtulo de la tesis:<\/strong>\u00a0 Antecedentes, s\u00edntomas y signos de la patolog\u00eda de la oclusi\u00f3n en pacientes de atenci\u00f3n primaria que consultan por algia craneofacial <\/li>\n<li><strong>Autor:<\/strong>\u00a0  Escribano Sabater M. Concepci\u00f3n <\/li>\n<li><strong>Universidad:<\/strong>\u00a0 Murcia<\/li>\n<li><strong>Fecha de lectura de la tesis:<\/strong>\u00a0 28\/06\/2002<\/li>\n<\/ul>\n<p>&nbsp;<\/p>\n<h3>Direcci\u00f3n y tribunal<\/h3>\n<ul>\n<li><strong>Director de la tesis<\/strong>\n<ul>\n<li>Mar\u00eda  Teresa Ruiz Navas<\/li>\n<\/ul>\n<\/li>\n<li><strong>Tribunal<\/strong>\n<ul>\n<li>Presidente del tribunal:  Royo-villanova p\u00e9rez Manuel Luis <\/li>\n<li>Luis Sab\u00e1n gutierrez (vocal)<\/li>\n<li> Casado llompart Jos\u00e9 ram\u00f3n (vocal)<\/li>\n<li>Fernando S\u00e1nchez gasc\u00f3n (vocal)<\/li>\n<\/ul>\n<\/li>\n<\/ul>\n<p>&nbsp;<\/p>\n","protected":false},"excerpt":{"rendered":"<p>Tesis doctoral de Escribano Sabater M. Concepci\u00f3n Las algias craneofaciales son el 1% de los motivos de consulta en atenci\u00f3n [&hellip;]<\/p>\n","protected":false},"author":1,"featured_media":0,"comment_status":"open","ping_status":"open","sticky":false,"template":"","format":"standard","meta":{"site-sidebar-layout":"default","site-content-layout":"","ast-site-content-layout":"","site-content-style":"default","site-sidebar-style":"default","ast-global-header-display":"","ast-banner-title-visibility":"","ast-main-header-display":"","ast-hfb-above-header-display":"","ast-hfb-below-header-display":"","ast-hfb-mobile-header-display":"","site-post-title":"","ast-breadcrumbs-content":"","ast-featured-img":"","footer-sml-layout":"","theme-transparent-header-meta":"","adv-header-id-meta":"","stick-header-meta":"","header-above-stick-meta":"","header-main-stick-meta":"","header-below-stick-meta":"","astra-migrate-meta-layouts":"default","ast-page-background-enabled":"default","ast-page-background-meta":{"desktop":{"background-color":"var(--ast-global-color-4)","background-image":"","background-repeat":"repeat","background-position":"center center","background-size":"auto","background-attachment":"scroll","background-type":"","background-media":"","overlay-type":"","overlay-color":"","overlay-gradient":""},"tablet":{"background-color":"","background-image":"","background-repeat":"repeat","background-position":"center center","background-size":"auto","background-attachment":"scroll","background-type":"","background-media":"","overlay-type":"","overlay-color":"","overlay-gradient":""},"mobile":{"background-color":"","background-image":"","background-repeat":"repeat","background-position":"center center","background-size":"auto","background-attachment":"scroll","background-type":"","background-media":"","overlay-type":"","overlay-color":"","overlay-gradient":""}},"ast-content-background-meta":{"desktop":{"background-color":"var(--ast-global-color-5)","background-image":"","background-repeat":"repeat","background-position":"center center","background-size":"auto","background-attachment":"scroll","background-type":"","background-media":"","overlay-type":"","overlay-color":"","overlay-gradient":""},"tablet":{"background-color":"var(--ast-global-color-5)","background-image":"","background-repeat":"repeat","background-position":"center center","background-size":"auto","background-attachment":"scroll","background-type":"","background-media":"","overlay-type":"","overlay-color":"","overlay-gradient":""},"mobile":{"background-color":"var(--ast-global-color-5)","background-image":"","background-repeat":"repeat","background-position":"center center","background-size":"auto","background-attachment":"scroll","background-type":"","background-media":"","overlay-type":"","overlay-color":"","overlay-gradient":""}},"footnotes":""},"categories":[9,141,140,8235],"tags":[21578,55723,7468,8417,8414,55724],"class_list":["post-17876","post","type-post","status-publish","format-standard","hentry","category-ciencias-medicas","category-cirugia","category-estomatologia-y-ortodoncia","category-murcia","tag-casado-llompart-jose-ramon","tag-escribano-sabater-m-concepcion","tag-fernando-sanchez-gascon","tag-luis-saban-gutierrez","tag-maria-teresa-ruiz-navas","tag-royo-villanova-perez-manuel-luis"],"_links":{"self":[{"href":"https:\/\/www.deberes.net\/tesis\/wp-json\/wp\/v2\/posts\/17876","targetHints":{"allow":["GET"]}}],"collection":[{"href":"https:\/\/www.deberes.net\/tesis\/wp-json\/wp\/v2\/posts"}],"about":[{"href":"https:\/\/www.deberes.net\/tesis\/wp-json\/wp\/v2\/types\/post"}],"author":[{"embeddable":true,"href":"https:\/\/www.deberes.net\/tesis\/wp-json\/wp\/v2\/users\/1"}],"replies":[{"embeddable":true,"href":"https:\/\/www.deberes.net\/tesis\/wp-json\/wp\/v2\/comments?post=17876"}],"version-history":[{"count":0,"href":"https:\/\/www.deberes.net\/tesis\/wp-json\/wp\/v2\/posts\/17876\/revisions"}],"wp:attachment":[{"href":"https:\/\/www.deberes.net\/tesis\/wp-json\/wp\/v2\/media?parent=17876"}],"wp:term":[{"taxonomy":"category","embeddable":true,"href":"https:\/\/www.deberes.net\/tesis\/wp-json\/wp\/v2\/categories?post=17876"},{"taxonomy":"post_tag","embeddable":true,"href":"https:\/\/www.deberes.net\/tesis\/wp-json\/wp\/v2\/tags?post=17876"}],"curies":[{"name":"wp","href":"https:\/\/api.w.org\/{rel}","templated":true}]}}