{"id":17894,"date":"2018-03-09T09:06:11","date_gmt":"2018-03-09T09:06:11","guid":{"rendered":"https:\/\/www.deberes.net\/tesis\/sin-categoria\/fundamentos-basicos-del-derecho-espanol-de-la-seguridad-social\/"},"modified":"2018-03-09T09:06:11","modified_gmt":"2018-03-09T09:06:11","slug":"fundamentos-basicos-del-derecho-espanol-de-la-seguridad-social","status":"publish","type":"post","link":"https:\/\/www.deberes.net\/tesis\/ciencias-juridicas-y-derecho\/fundamentos-basicos-del-derecho-espanol-de-la-seguridad-social\/","title":{"rendered":"Fundamentos b\u00e1sicos del derecho (espa\u00f1ol) de la seguridad social"},"content":{"rendered":"<h2>Tesis doctoral de <strong>  Pi\u00f1eyroa De La Fuente Antonio  Jos\u00e9 <\/strong><\/h2>\n<p>Se plantean como cuestiones de partida las siguientes: \u00c2\u00bfla esencia del derecho de la seguridad social es formal o substancial? Dicho de otro modo, \u00c2\u00bfla conquista del derecho de la seguridad social (aunque centrados luego singularmente en el caso espa\u00f1ol) es la creaci\u00f3n de un derecho propio, una forma espec\u00edfica de articular una cobertura pero su contenido es tan din\u00e1mico que no tiene una garant\u00eda m\u00ednima? Y si la hay \u00c2\u00bfcu\u00e1l es? \u00c2\u00bfLa garant\u00eda p\u00fablica es un pacto cerrado o un derecho de conquista constante (de modo similar a lo que podr\u00eda predicarse del derecho del trabajo)? \u00c2\u00bfExisten l\u00edmites en su posible revisi\u00f3n?. Bajo estas expresiones tan contundentes un objetivo m\u00e1s limitado pero tal vez m\u00e1s asequible se intenta buscar en torno a las posibles fronteras en el concepto (en la fundamentaci\u00f3n b\u00e1sica) de la seguridad social y en paralelo del derecho que la regula pero al que se tratar\u00eda de llegar desde este otro planteamiento m\u00e1s abstracto)?.  tras la profundizaci\u00f3n en cuanto a la estructura de lo que cabe entender por seguridad social y por el derecho que la regula a trav\u00e9s de la diferenciaci\u00f3n entre lo que se delimita como fines y como medios, se estar\u00eda cuestionando si los int\u00e9rpretes del derecho de la seguridad social somos solamente analistas de concreciones conyunturales (en este caso en espa\u00f1a y en este momento), lo que a su vez har\u00eda a\u00fan m\u00e1s dif\u00edcil la propia labor cient\u00edfica de construcci\u00f3n, o si por el contrario, sin negar esta caracter\u00edstica aplicable a cualquier derecho positivo y a \u00e9ste en particular, existen, siquiera sea dentro de un per\u00edodo limitado inmutable, alguna esencia en \u00faltima instancia, en este \u00e1mbito. Desde otro posible planteamiento, la cuesti\u00f3n a resolver es la de si existe un concepto est\u00e1tico de seguridad social, por abstracto que sea; y, si lo hay, cu\u00e1les ser\u00edan los l\u00edmites, es decir, cu\u00e1les ser\u00edan los elementos est\u00e1ticos y cuales los din\u00e1micos en la propia configurac<\/p>\n<p>&nbsp;<\/p>\n<h3>Datos acad\u00e9micos de la tesis doctoral \u00ab<strong>Fundamentos b\u00e1sicos del derecho (espa\u00f1ol) de la seguridad social<\/strong>\u00ab<\/h3>\n<ul>\n<li><strong>T\u00edtulo de la tesis:<\/strong>\u00a0 Fundamentos b\u00e1sicos del derecho (espa\u00f1ol) de la seguridad social <\/li>\n<li><strong>Autor:<\/strong>\u00a0  Pi\u00f1eyroa De La Fuente Antonio  Jos\u00e9 <\/li>\n<li><strong>Universidad:<\/strong>\u00a0 Valladolid<\/li>\n<li><strong>Fecha de lectura de la tesis:<\/strong>\u00a0 28\/06\/2002<\/li>\n<\/ul>\n<p>&nbsp;<\/p>\n<h3>Direcci\u00f3n y tribunal<\/h3>\n<ul>\n<li><strong>Director de la tesis<\/strong>\n<ul>\n<li>r\u00e9 Vald\u00e9s Dal<\/li>\n<\/ul>\n<\/li>\n<li><strong>Tribunal<\/strong>\n<ul>\n<li>Presidente del tribunal: jose Vida soria <\/li>\n<li>Rafael Sastre ibarreche (vocal)<\/li>\n<li>Manuel Carlos Palomeque l\u00f3pez (vocal)<\/li>\n<li>abdon Pedrajas moreno (vocal)<\/li>\n<\/ul>\n<\/li>\n<\/ul>\n<p>&nbsp;<\/p>\n","protected":false},"excerpt":{"rendered":"<p>Tesis doctoral de Pi\u00f1eyroa De La Fuente Antonio Jos\u00e9 Se plantean como cuestiones de partida las siguientes: \u00c2\u00bfla esencia del [&hellip;]<\/p>\n","protected":false},"author":1,"featured_media":0,"comment_status":"open","ping_status":"open","sticky":false,"template":"","format":"standard","meta":{"site-sidebar-layout":"default","site-content-layout":"","ast-site-content-layout":"","site-content-style":"default","site-sidebar-style":"default","ast-global-header-display":"","ast-banner-title-visibility":"","ast-main-header-display":"","ast-hfb-above-header-display":"","ast-hfb-below-header-display":"","ast-hfb-mobile-header-display":"","site-post-title":"","ast-breadcrumbs-content":"","ast-featured-img":"","footer-sml-layout":"","theme-transparent-header-meta":"","adv-header-id-meta":"","stick-header-meta":"","header-above-stick-meta":"","header-main-stick-meta":"","header-below-stick-meta":"","astra-migrate-meta-layouts":"default","ast-page-background-enabled":"default","ast-page-background-meta":{"desktop":{"background-color":"var(--ast-global-color-4)","background-image":"","background-repeat":"repeat","background-position":"center center","background-size":"auto","background-attachment":"scroll","background-type":"","background-media":"","overlay-type":"","overlay-color":"","overlay-gradient":""},"tablet":{"background-color":"","background-image":"","background-repeat":"repeat","background-position":"center center","background-size":"auto","background-attachment":"scroll","background-type":"","background-media":"","overlay-type":"","overlay-color":"","overlay-gradient":""},"mobile":{"background-color":"","background-image":"","background-repeat":"repeat","background-position":"center center","background-size":"auto","background-attachment":"scroll","background-type":"","background-media":"","overlay-type":"","overlay-color":"","overlay-gradient":""}},"ast-content-background-meta":{"desktop":{"background-color":"var(--ast-global-color-5)","background-image":"","background-repeat":"repeat","background-position":"center center","background-size":"auto","background-attachment":"scroll","background-type":"","background-media":"","overlay-type":"","overlay-color":"","overlay-gradient":""},"tablet":{"background-color":"var(--ast-global-color-5)","background-image":"","background-repeat":"repeat","background-position":"center center","background-size":"auto","background-attachment":"scroll","background-type":"","background-media":"","overlay-type":"","overlay-color":"","overlay-gradient":""},"mobile":{"background-color":"var(--ast-global-color-5)","background-image":"","background-repeat":"repeat","background-position":"center center","background-size":"auto","background-attachment":"scroll","background-type":"","background-media":"","overlay-type":"","overlay-color":"","overlay-gradient":""}},"footnotes":""},"categories":[612,2170,979,12451],"tags":[55785,3700,9454,55782,55784,55783],"class_list":["post-17894","post","type-post","status-publish","format-standard","hentry","category-ciencias-juridicas-y-derecho","category-derecho-del-trabajo-y-de-la-seguridad-social","category-derecho-y-legislacion-nacionales","category-valladolid","tag-abdon-pedrajas-moreno","tag-jose-vida-soria","tag-manuel-carlos-palomeque-lopez","tag-pineyroa-de-la-fuente-antonio-jose","tag-rafael-sastre-ibarreche","tag-re-valdes-dal"],"_links":{"self":[{"href":"https:\/\/www.deberes.net\/tesis\/wp-json\/wp\/v2\/posts\/17894","targetHints":{"allow":["GET"]}}],"collection":[{"href":"https:\/\/www.deberes.net\/tesis\/wp-json\/wp\/v2\/posts"}],"about":[{"href":"https:\/\/www.deberes.net\/tesis\/wp-json\/wp\/v2\/types\/post"}],"author":[{"embeddable":true,"href":"https:\/\/www.deberes.net\/tesis\/wp-json\/wp\/v2\/users\/1"}],"replies":[{"embeddable":true,"href":"https:\/\/www.deberes.net\/tesis\/wp-json\/wp\/v2\/comments?post=17894"}],"version-history":[{"count":0,"href":"https:\/\/www.deberes.net\/tesis\/wp-json\/wp\/v2\/posts\/17894\/revisions"}],"wp:attachment":[{"href":"https:\/\/www.deberes.net\/tesis\/wp-json\/wp\/v2\/media?parent=17894"}],"wp:term":[{"taxonomy":"category","embeddable":true,"href":"https:\/\/www.deberes.net\/tesis\/wp-json\/wp\/v2\/categories?post=17894"},{"taxonomy":"post_tag","embeddable":true,"href":"https:\/\/www.deberes.net\/tesis\/wp-json\/wp\/v2\/tags?post=17894"}],"curies":[{"name":"wp","href":"https:\/\/api.w.org\/{rel}","templated":true}]}}